{"id":41142,"date":"2024-07-04T07:49:18","date_gmt":"2024-07-04T05:49:18","guid":{"rendered":"https:\/\/blogs.diariosur.es\/tormentas-y-rayos\/?p=41142"},"modified":"2025-11-10T11:42:28","modified_gmt":"2025-11-10T10:42:28","slug":"prevision-fin-de-semana-en-la-provincia-de-malaga-hay-probabilidad-de-terral-y-poniente-fuerte","status":"publish","type":"post","link":"https:\/\/blogs.diariosur.es\/tormentas-y-rayos\/2024\/07\/04\/prevision-fin-de-semana-en-la-provincia-de-malaga-hay-probabilidad-de-terral-y-poniente-fuerte\/","title":{"rendered":"Previsi\u00f3n fin de semana en la provincia de M\u00e1laga. \u00bfHay probabilidad de terral y poniente fuerte?"},"content":{"rendered":"<p><a href=\"https:\/\/static-blogs.diariosur.es\/wp-content\/uploads\/sites\/12\/2023\/09\/375323357_10227521084351690_5428862938073510864_n.jpg\"><img loading=\"lazy\" class=\"aligncenter size-thumbnail wp-image-38274\" src=\"https:\/\/static-blogs.diariosur.es\/wp-content\/uploads\/sites\/12\/2023\/09\/375323357_10227521084351690_5428862938073510864_n-150x150.jpg\" alt=\"\" width=\"150\" height=\"150\" \/><\/a><\/p>\n<p data-pm-slice=\"1 1 []\">Buenos d\u00edas, amigos de la meteo. Cuando son las siete de la ma\u00f1ana en M\u00e1laga capital, el aeropuerto registra 20.8\u00b0C, los cielos est\u00e1n despejados y el viento sopla flojo de direcci\u00f3n variable. La humedad ronda el 80%.<\/p>\n<p>Hoy jueves se espera en Andaluc\u00eda el d\u00eda m\u00e1s caluroso desde que empez\u00f3 el verano; como muchos sab\u00e9is, hay siete provincias en aviso naranja y amarillo por altas temperaturas; la provincia malague\u00f1a no entra en aviso. El que no entre en aviso no quiere decir que no tengamos calor, porque lo tendremos; se espera una m\u00e1xima en M\u00e1laga capital de 30 o 31\u00b0C y con humedad alta; por el interior pueden llegar a los 36\u00b0C. Todo hace indicar que a partir de ma\u00f1ana y sobre todo el fin de semana, las temperaturas m\u00e1ximas bajar\u00e1n en las zonas de avisos amarillos y naranjas.<\/p>\n<p>Antes de daros la mala o la buena noticia, os pongo fotos y time-lapse del revent\u00f3n h\u00famedo sobre Madrid. Autor, mi amigo Alberto Lunas.<\/p>\n<p>&nbsp;<\/p>\n<p><iframe loading=\"lazy\" title=\"YouTube video player\" src=\"https:\/\/www.youtube.com\/embed\/l-JPHxaE1M4?si=4_IZVcLRskHZ-1eD\" width=\"560\" height=\"315\" frameborder=\"0\" allowfullscreen=\"allowfullscreen\"><\/iframe><\/p>\n<p>&nbsp;<\/p>\n<h3><span style=\"color: #ff0000;\"><strong>Previsi\u00f3n fin de semana en M\u00e1laga. \u00bfHay probabilidad de terral y poniente fuerte?<\/strong><\/span><\/h3>\n<p data-pm-slice=\"1 1 []\">Aunque a\u00fan es pronto para confirmarlo, todo hace indicar que el s\u00e1bado tendremos terral en las zonas habituales de la provincia malague\u00f1a; pueden darse rachas de moderadas a fuertes de poniente. Ya sab\u00e9is que cuando bajan las temperaturas en todo el Valle del Guadalquivir, en algunas zonas de la provincia malague\u00f1a suben; en cambio, bajar\u00e1n en las comarcas de Ronda y Antequera.<\/p>\n<p><strong>La buena noticia es que no creo que sea un terral con temperaturas muy altas, aunque ma\u00f1ana lo confirmar\u00e9; rondar\u00e1n entre los 34 y 36 grados. El domingo cambiar\u00e1 a levante antes del mediod\u00eda.<\/strong><\/p>\n<p>El s\u00e1bado y el domingo, en las zonas de Andaluc\u00eda que hoy llegaran a los 40 y 42 grados, bajar\u00e1n notablemente las temperaturas m\u00e1ximas, hasta 10 grados menos.<\/p>\n<p>Os dejo con esta bonita foto de mi amigo Lui G Mar\u00edn.\u00a0 Siempre hay alg\u00fan despistado&#8230; \u00bfLo encuentras?<\/p>\n<p>&nbsp;<\/p>\n<p><a href=\"https:\/\/static-blogs.diariosur.es\/wp-content\/uploads\/sites\/12\/2024\/07\/449472537_7706838699405333_4133501083451828713_n.jpg\"><img loading=\"lazy\" class=\"aligncenter size-full wp-image-41148\" src=\"https:\/\/static-blogs.diariosur.es\/wp-content\/uploads\/sites\/12\/2024\/07\/449472537_7706838699405333_4133501083451828713_n.jpg\" alt=\"\" width=\"1200\" height=\"761\" srcset=\"https:\/\/static-blogs.diariosur.es\/wp-content\/uploads\/sites\/12\/2024\/07\/449472537_7706838699405333_4133501083451828713_n.jpg 1200w, https:\/\/static-blogs.diariosur.es\/wp-content\/uploads\/sites\/12\/2024\/07\/449472537_7706838699405333_4133501083451828713_n-631x400.jpg 631w, https:\/\/static-blogs.diariosur.es\/wp-content\/uploads\/sites\/12\/2024\/07\/449472537_7706838699405333_4133501083451828713_n-768x487.jpg 768w\" sizes=\"(max-width: 1200px) 100vw, 1200px\" \/><\/a><\/p>\n","protected":false},"excerpt":{"rendered":"<p>Buenos d\u00edas, amigos de la meteo. Cuando son las siete de la ma\u00f1ana en M\u00e1laga capital, el aeropuerto registra 20.8\u00b0C, los cielos est\u00e1n despejados y el viento sopla flojo de direcci\u00f3n variable. La humedad ronda el 80%. Hoy jueves se espera en Andaluc\u00eda el d\u00eda m\u00e1s caluroso desde que empez\u00f3 el verano; como muchos sab\u00e9is, [&hellip;]<\/p>\n","protected":false},"author":16,"featured_media":41148,"comment_status":"open","ping_status":"open","sticky":false,"template":"","format":"standard","meta":[],"categories":[2],"tags":[81,100,151,358,587,676,962,975],"_links":{"self":[{"href":"https:\/\/blogs.diariosur.es\/tormentas-y-rayos\/wp-json\/wp\/v2\/posts\/41142"}],"collection":[{"href":"https:\/\/blogs.diariosur.es\/tormentas-y-rayos\/wp-json\/wp\/v2\/posts"}],"about":[{"href":"https:\/\/blogs.diariosur.es\/tormentas-y-rayos\/wp-json\/wp\/v2\/types\/post"}],"author":[{"embeddable":true,"href":"https:\/\/blogs.diariosur.es\/tormentas-y-rayos\/wp-json\/wp\/v2\/users\/16"}],"replies":[{"embeddable":true,"href":"https:\/\/blogs.diariosur.es\/tormentas-y-rayos\/wp-json\/wp\/v2\/comments?post=41142"}],"version-history":[{"count":8,"href":"https:\/\/blogs.diariosur.es\/tormentas-y-rayos\/wp-json\/wp\/v2\/posts\/41142\/revisions"}],"predecessor-version":[{"id":47488,"href":"https:\/\/blogs.diariosur.es\/tormentas-y-rayos\/wp-json\/wp\/v2\/posts\/41142\/revisions\/47488"}],"wp:featuredmedia":[{"embeddable":true,"href":"https:\/\/blogs.diariosur.es\/tormentas-y-rayos\/wp-json\/wp\/v2\/media\/41148"}],"wp:attachment":[{"href":"https:\/\/blogs.diariosur.es\/tormentas-y-rayos\/wp-json\/wp\/v2\/media?parent=41142"}],"wp:term":[{"taxonomy":"category","embeddable":true,"href":"https:\/\/blogs.diariosur.es\/tormentas-y-rayos\/wp-json\/wp\/v2\/categories?post=41142"},{"taxonomy":"post_tag","embeddable":true,"href":"https:\/\/blogs.diariosur.es\/tormentas-y-rayos\/wp-json\/wp\/v2\/tags?post=41142"}],"curies":[{"name":"wp","href":"https:\/\/api.w.org\/{rel}","templated":true}]}}