{"id":41151,"date":"2024-07-05T07:58:33","date_gmt":"2024-07-05T05:58:33","guid":{"rendered":"https:\/\/blogs.diariosur.es\/tormentas-y-rayos\/?p=41151"},"modified":"2025-11-10T11:40:25","modified_gmt":"2025-11-10T10:40:25","slug":"el-terral-y-el-poniente-con-rachas-fuertes-llegan-manana-que-maxima-podemos-dar-en-malaga-capital-y-zonas-habituales","status":"publish","type":"post","link":"https:\/\/blogs.diariosur.es\/tormentas-y-rayos\/2024\/07\/05\/el-terral-y-el-poniente-con-rachas-fuertes-llegan-manana-que-maxima-podemos-dar-en-malaga-capital-y-zonas-habituales\/","title":{"rendered":"El terral y el poniente con rachas fuertes llegan ma\u00f1ana. \u00bfQu\u00e9 m\u00e1xima podemos dar en M\u00e1laga capital y zonas habituales?"},"content":{"rendered":"<p><a href=\"https:\/\/static-blogs.diariosur.es\/wp-content\/uploads\/sites\/12\/2023\/09\/375323357_10227521084351690_5428862938073510864_n.jpg\"><img loading=\"lazy\" class=\"aligncenter size-thumbnail wp-image-38274\" src=\"https:\/\/static-blogs.diariosur.es\/wp-content\/uploads\/sites\/12\/2023\/09\/375323357_10227521084351690_5428862938073510864_n-150x150.jpg\" alt=\"\" width=\"150\" height=\"150\" \/><\/a><\/p>\n<p>&nbsp;<\/p>\n<p data-pm-slice=\"1 1 []\">Buenos d\u00edas, amigos de la meteo. Cuando son las siete de la ma\u00f1ana en M\u00e1laga capital, el aeropuerto registra una temperatura de 22.5\u00b0C, los cielos est\u00e1n despejados y el viento sopla flojo de direcci\u00f3n variable.<\/p>\n<p>Hoy est\u00e1n en aviso amarillo y naranja por altas temperaturas las provincias de Sevilla, C\u00f3rdoba, Ja\u00e9n, Granada y Almer\u00eda. Las temperaturas m\u00e1s altas se registrar\u00e1n en las provincias de Ja\u00e9n y C\u00f3rdoba. Tambi\u00e9n destacar otras comunidades de la pen\u00ednsula con avisos amarillos y naranjas.<\/p>\n<p>Os pongo el mapa de avisos por altas temperaturas de la AEMET.<\/p>\n<p>&nbsp;<\/p>\n<p>&nbsp;<\/p>\n<p><a href=\"https:\/\/static-blogs.diariosur.es\/wp-content\/uploads\/sites\/12\/2024\/07\/Captura-de-pantalla-2024-07-05-072619.jpg\"><img loading=\"lazy\" class=\"aligncenter size-full wp-image-41159\" src=\"https:\/\/static-blogs.diariosur.es\/wp-content\/uploads\/sites\/12\/2024\/07\/Captura-de-pantalla-2024-07-05-072619.jpg\" alt=\"\" width=\"862\" height=\"672\" srcset=\"https:\/\/static-blogs.diariosur.es\/wp-content\/uploads\/sites\/12\/2024\/07\/Captura-de-pantalla-2024-07-05-072619.jpg 862w, https:\/\/static-blogs.diariosur.es\/wp-content\/uploads\/sites\/12\/2024\/07\/Captura-de-pantalla-2024-07-05-072619-513x400.jpg 513w, https:\/\/static-blogs.diariosur.es\/wp-content\/uploads\/sites\/12\/2024\/07\/Captura-de-pantalla-2024-07-05-072619-768x599.jpg 768w\" sizes=\"(max-width: 862px) 100vw, 862px\" \/><\/a><\/p>\n<p>Ayer jueves fue el d\u00eda m\u00e1s caluroso en conjunto en Andaluc\u00eda. Os paso las temperaturas m\u00e1ximas de las ocho capitales y otras destacadas.<\/p>\n<p><strong>Malaga Centro Meteorol\u00f3gico 33.5\u00b0C<\/strong><\/p>\n<p><strong>Malaga Aeropuerto 33.1\u00b0C<\/strong><\/p>\n<p><strong>M\u00e1laga Puerto 31\u00b0C<\/strong><\/p>\n<p><strong>Ronda 36\u00b0C<\/strong><\/p>\n<p><strong>Alpande\u00edre 35.8\u00b0C<\/strong><\/p>\n<p><strong>Cortes de la Frontera 35\u00b0C<\/strong><\/p>\n<p><strong>Fuente Piedra 36.7\u00b0C<\/strong><\/p>\n<p><strong>\u00c1lora 35.7\u00b0C<\/strong><\/p>\n<p><span style=\"color: #ff0000;\"><strong>C\u00f3rdoba Aeropuerto\u00a0 42.1\u00b0C<\/strong><\/span><\/p>\n<p><span style=\"color: #ff0000;\"><strong>Granada\u00a0 41.4\u00b0c<\/strong><\/span><\/p>\n<p><strong>Nerja 32.3\u00b0C<\/strong><\/p>\n<p><span style=\"color: #ff0000;\"><strong>Sevilla Aeropuerto\u00a0 42.1\u00b0c<\/strong><\/span><\/p>\n<p><strong>Almer\u00eda 38.5\u00b0C<\/strong><\/p>\n<p><span style=\"color: #ff0000;\"><strong>Ja\u00e9n 40\u00b0C<\/strong><\/span><\/p>\n<p><strong>C\u00e1diz 33.4\u00b0C<\/strong><\/p>\n<p><strong>Huelva 37.5\u00b0C<\/strong><\/p>\n<p><span style=\"color: #ff00ff;\"><strong>Montoro 43.6\u00b0C<\/strong><\/span><\/p>\n<p><span style=\"color: #ff00ff;\"><strong>El Granado (Huelva) 43.1\u00b0C<\/strong><\/span><\/p>\n<p><span style=\"color: #ff0000;\"><strong>Ecija 42.5\u00b0C<\/strong><\/span><\/p>\n<p><span style=\"color: #ff0000;\"><strong>Jerez de la frontera 41.6\u00b0C<\/strong><\/span><\/p>\n<p><span style=\"color: #ff0000;\"><strong>Cazorla 41\u00baC<\/strong><\/span><\/p>\n<p><span style=\"color: #ff0000;\"><strong>Valverde del Camino 42\u00baC<\/strong><\/span><\/p>\n<h3><span style=\"color: #0000ff;\">El terral y el poniente con rachas fuertes llegan ma\u00f1ana. \u00bfQu\u00e9 m\u00e1xima podemos dar en M\u00e1laga capital?<\/span><\/h3>\n<p data-pm-slice=\"1 1 []\">Ma\u00f1ana s\u00e1bado tendremos rachas fuertes de viento de poniente en la costa malague\u00f1a; en las zonas donde entre de tierra, las temperaturas m\u00e1ximas rondar\u00e1n entre los 34 y 36 grados. En M\u00e1laga capital se acercar\u00e1n a los 34 o 35 \u00baC; habr\u00e1 zonas de la capital en las que se note menos el terral. En el Valle del Guadalhorce, en algunos puntos pueden llegar a los 36. En las comarcas de Ronda y Antequera, las temperaturas m\u00e1ximas llegar\u00e1n a los 27 y 29 grados. Se activa el aviso amarillo por m\u00e1ximas de 36 grados en Sol y Guadalhorce, tambi\u00e9n por fen\u00f3menos costeros en toda la costa de M\u00e1laga, rachas de 50 y 60 km\/h.<\/p>\n<p>La buena noticia es que el domingo el levante entrar\u00e1 antes del mediod\u00eda. De momento, un terral con temperaturas suaves, pero no os hag\u00e1is ilusiones, que ya llegar\u00e1n los 39 y 40 \u00baC seguramente este mes.<\/p>\n<p>Os dejo con esta bonita foto de mi amigo Crist\u00f3bal Gambero. Muchos besitos a\u00a0M. Luisa.<\/p>\n<p>&nbsp;<\/p>\n<p><a href=\"https:\/\/static-blogs.diariosur.es\/wp-content\/uploads\/sites\/12\/2024\/07\/449630921_7705342849514642_3836445044995080513_n.jpg\"><img loading=\"lazy\" class=\"aligncenter size-full wp-image-41157\" src=\"https:\/\/static-blogs.diariosur.es\/wp-content\/uploads\/sites\/12\/2024\/07\/449630921_7705342849514642_3836445044995080513_n.jpg\" alt=\"\" width=\"1200\" height=\"900\" srcset=\"https:\/\/static-blogs.diariosur.es\/wp-content\/uploads\/sites\/12\/2024\/07\/449630921_7705342849514642_3836445044995080513_n.jpg 1200w, https:\/\/static-blogs.diariosur.es\/wp-content\/uploads\/sites\/12\/2024\/07\/449630921_7705342849514642_3836445044995080513_n-533x400.jpg 533w, https:\/\/static-blogs.diariosur.es\/wp-content\/uploads\/sites\/12\/2024\/07\/449630921_7705342849514642_3836445044995080513_n-768x576.jpg 768w\" sizes=\"(max-width: 1200px) 100vw, 1200px\" \/><\/a><\/p>\n<p>&nbsp;<\/p>\n","protected":false},"excerpt":{"rendered":"<p>&nbsp; Buenos d\u00edas, amigos de la meteo. Cuando son las siete de la ma\u00f1ana en M\u00e1laga capital, el aeropuerto registra una temperatura de 22.5\u00b0C, los cielos est\u00e1n despejados y el viento sopla flojo de direcci\u00f3n variable. Hoy est\u00e1n en aviso amarillo y naranja por altas temperaturas las provincias de Sevilla, C\u00f3rdoba, Ja\u00e9n, Granada y Almer\u00eda. [&hellip;]<\/p>\n","protected":false},"author":16,"featured_media":41157,"comment_status":"open","ping_status":"open","sticky":false,"template":"","format":"standard","meta":[],"categories":[2],"tags":[100,587,800,975],"_links":{"self":[{"href":"https:\/\/blogs.diariosur.es\/tormentas-y-rayos\/wp-json\/wp\/v2\/posts\/41151"}],"collection":[{"href":"https:\/\/blogs.diariosur.es\/tormentas-y-rayos\/wp-json\/wp\/v2\/posts"}],"about":[{"href":"https:\/\/blogs.diariosur.es\/tormentas-y-rayos\/wp-json\/wp\/v2\/types\/post"}],"author":[{"embeddable":true,"href":"https:\/\/blogs.diariosur.es\/tormentas-y-rayos\/wp-json\/wp\/v2\/users\/16"}],"replies":[{"embeddable":true,"href":"https:\/\/blogs.diariosur.es\/tormentas-y-rayos\/wp-json\/wp\/v2\/comments?post=41151"}],"version-history":[{"count":11,"href":"https:\/\/blogs.diariosur.es\/tormentas-y-rayos\/wp-json\/wp\/v2\/posts\/41151\/revisions"}],"predecessor-version":[{"id":47486,"href":"https:\/\/blogs.diariosur.es\/tormentas-y-rayos\/wp-json\/wp\/v2\/posts\/41151\/revisions\/47486"}],"wp:featuredmedia":[{"embeddable":true,"href":"https:\/\/blogs.diariosur.es\/tormentas-y-rayos\/wp-json\/wp\/v2\/media\/41157"}],"wp:attachment":[{"href":"https:\/\/blogs.diariosur.es\/tormentas-y-rayos\/wp-json\/wp\/v2\/media?parent=41151"}],"wp:term":[{"taxonomy":"category","embeddable":true,"href":"https:\/\/blogs.diariosur.es\/tormentas-y-rayos\/wp-json\/wp\/v2\/categories?post=41151"},{"taxonomy":"post_tag","embeddable":true,"href":"https:\/\/blogs.diariosur.es\/tormentas-y-rayos\/wp-json\/wp\/v2\/tags?post=41151"}],"curies":[{"name":"wp","href":"https:\/\/api.w.org\/{rel}","templated":true}]}}