{"id":41175,"date":"2024-07-08T07:31:04","date_gmt":"2024-07-08T05:31:04","guid":{"rendered":"https:\/\/blogs.diariosur.es\/tormentas-y-rayos\/?p=41175"},"modified":"2025-11-10T11:32:53","modified_gmt":"2025-11-10T10:32:53","slug":"pensais-que-los-veranos-son-mas-largos-y-calurosos-que-en-el-pasado","status":"publish","type":"post","link":"https:\/\/blogs.diariosur.es\/tormentas-y-rayos\/2024\/07\/08\/pensais-que-los-veranos-son-mas-largos-y-calurosos-que-en-el-pasado\/","title":{"rendered":"\u00bfPens\u00e1is que los veranos son m\u00e1s largos y calurosos que en el pasado?"},"content":{"rendered":"<p><a href=\"https:\/\/static-blogs.diariosur.es\/wp-content\/uploads\/sites\/12\/2023\/09\/375323357_10227521084351690_5428862938073510864_n.jpg\"><img loading=\"lazy\" class=\"aligncenter size-thumbnail wp-image-38274\" src=\"https:\/\/static-blogs.diariosur.es\/wp-content\/uploads\/sites\/12\/2023\/09\/375323357_10227521084351690_5428862938073510864_n-150x150.jpg\" alt=\"\" width=\"150\" height=\"150\" \/><\/a><\/p>\n<p data-pm-slice=\"1 1 []\">Buenos d\u00edas, amigos de la meteo. Cuando son las siete de la ma\u00f1ana en M\u00e1laga capital, el aeropuerto registra 20.1 \u00baC, los cielos est\u00e1n despejados y el viento sopla flojo de sur-sureste. Hoy lunes hay probabilidad de tar\u00f3 en algunos puntos de la costa malague\u00f1a; ya veremos si se quedan en alta mar o entran a tierra. Nuevamente madrugada agradable en muchos puntos de Andaluc\u00eda; os pongo algunos registros: Granada Aeropuerto 14.9 \u00baC, C\u00f3rdoba Aeropuerto 15.7 \u00baC, Sevilla Aeropuerto 15.1 \u00baC, Antequera 16 \u00baC, Ronda 16.6 \u00baC, Jerez de la Frontera 14 \u00baC.<\/p>\n<p>Esta tarde nuevamente actualizar\u00e9 el blog para confirmar las altas temperaturas que se prev\u00e9n el mi\u00e9rcoles en la provincia de M\u00e1laga; es muy probable que en la zona del Valle del Guadalhorce se registren m\u00e1ximas de 38 y 39 grados; tambi\u00e9n espero temperaturas muy altas en las comarcas de Ronda y Antequera. El aire caliente que afectar\u00e1 al Valle del Guadalhorce, no creo que llegue a la capital malague\u00f1a, pero esto lo sabremos mejor ma\u00f1ana. Cuando s\u00ed hay probabilidad de terral en la capital, ser\u00eda el viernes d\u00eda 12.<\/p>\n<p>Hoy os pongo este interesante art\u00edculo del blog de la Aemet; toca leer.<\/p>\n<h3><a href=\"https:\/\/aemetblog.es\/2024\/07\/06\/el-avance-implacable-del-verano-en-espana-analisis-sobre-su-progresivo-alargamiento-2\/\" rel=\"external nofollow\"><span style=\"color: #ff0000;\"><strong>\u00bfPens\u00e1is que los veranos son m\u00e1s largos y calurosos que en el pasado?<\/strong><\/span><\/a><\/h3>\n<p>Nos vemos esta tarde.<\/p>\n<p>&nbsp;<\/p>\n<p>&nbsp;<\/p>\n","protected":false},"excerpt":{"rendered":"<p>Buenos d\u00edas, amigos de la meteo. Cuando son las siete de la ma\u00f1ana en M\u00e1laga capital, el aeropuerto registra 20.1 \u00baC, los cielos est\u00e1n despejados y el viento sopla flojo de sur-sureste. Hoy lunes hay probabilidad de tar\u00f3 en algunos puntos de la costa malague\u00f1a; ya veremos si se quedan en alta mar o entran [&hellip;]<\/p>\n","protected":false},"author":16,"featured_media":39629,"comment_status":"open","ping_status":"open","sticky":false,"template":"","format":"standard","meta":[],"categories":[2],"tags":[81,151,212,358,962,1052],"_links":{"self":[{"href":"https:\/\/blogs.diariosur.es\/tormentas-y-rayos\/wp-json\/wp\/v2\/posts\/41175"}],"collection":[{"href":"https:\/\/blogs.diariosur.es\/tormentas-y-rayos\/wp-json\/wp\/v2\/posts"}],"about":[{"href":"https:\/\/blogs.diariosur.es\/tormentas-y-rayos\/wp-json\/wp\/v2\/types\/post"}],"author":[{"embeddable":true,"href":"https:\/\/blogs.diariosur.es\/tormentas-y-rayos\/wp-json\/wp\/v2\/users\/16"}],"replies":[{"embeddable":true,"href":"https:\/\/blogs.diariosur.es\/tormentas-y-rayos\/wp-json\/wp\/v2\/comments?post=41175"}],"version-history":[{"count":3,"href":"https:\/\/blogs.diariosur.es\/tormentas-y-rayos\/wp-json\/wp\/v2\/posts\/41175\/revisions"}],"predecessor-version":[{"id":47481,"href":"https:\/\/blogs.diariosur.es\/tormentas-y-rayos\/wp-json\/wp\/v2\/posts\/41175\/revisions\/47481"}],"wp:featuredmedia":[{"embeddable":true,"href":"https:\/\/blogs.diariosur.es\/tormentas-y-rayos\/wp-json\/wp\/v2\/media\/39629"}],"wp:attachment":[{"href":"https:\/\/blogs.diariosur.es\/tormentas-y-rayos\/wp-json\/wp\/v2\/media?parent=41175"}],"wp:term":[{"taxonomy":"category","embeddable":true,"href":"https:\/\/blogs.diariosur.es\/tormentas-y-rayos\/wp-json\/wp\/v2\/categories?post=41175"},{"taxonomy":"post_tag","embeddable":true,"href":"https:\/\/blogs.diariosur.es\/tormentas-y-rayos\/wp-json\/wp\/v2\/tags?post=41175"}],"curies":[{"name":"wp","href":"https:\/\/api.w.org\/{rel}","templated":true}]}}