{"id":41178,"date":"2024-07-09T07:31:21","date_gmt":"2024-07-09T05:31:21","guid":{"rendered":"https:\/\/blogs.diariosur.es\/tormentas-y-rayos\/?p=41178"},"modified":"2025-11-10T11:29:43","modified_gmt":"2025-11-10T10:29:43","slug":"llegara-manana-el-aire-caliente-a-la-capital-malaguena-probabilidad-de-nubes-bajas-o-taro","status":"publish","type":"post","link":"https:\/\/blogs.diariosur.es\/tormentas-y-rayos\/2024\/07\/09\/llegara-manana-el-aire-caliente-a-la-capital-malaguena-probabilidad-de-nubes-bajas-o-taro\/","title":{"rendered":"\u00bfLlegar\u00e1 ma\u00f1ana el aire caliente a la capital malague\u00f1a? Probabilidad de nubes bajas o tar\u00f3. Aviso amarilllo por altas temperaturas el jueves en el Valle del Guadalhorce."},"content":{"rendered":"<p><a href=\"https:\/\/static-blogs.diariosur.es\/wp-content\/uploads\/sites\/12\/2023\/09\/375323357_10227521084351690_5428862938073510864_n.jpg\"><img loading=\"lazy\" class=\"aligncenter size-thumbnail wp-image-38274\" src=\"https:\/\/static-blogs.diariosur.es\/wp-content\/uploads\/sites\/12\/2023\/09\/375323357_10227521084351690_5428862938073510864_n-150x150.jpg\" alt=\"\" width=\"150\" height=\"150\" \/><\/a><\/p>\n<p>&nbsp;<\/p>\n<p data-pm-slice=\"1 1 []\">Buenos d\u00edas, amigos de la meteo. Cuando son las siete de la ma\u00f1ana en M\u00e1laga capital, el aeropuerto registra 20.8 \u00baC, los cielos est\u00e1n despejados y sopla brisa de tierra. Nuevamente se ha dado una madrugada muy agradable en muchos puntos de nuestra comunidad andaluza.<\/p>\n<p>Ma\u00f1ana las temperaturas m\u00e1ximas m\u00e1s altas se registrar\u00e1n en el Valle del Guadalhorce; pueden llegar a los 39 \u00b0C e incluso 40 \u00b0C. El aire caliente ser\u00e1 protagonista. En las comarcas de Antequera y Ronda, las temperaturas m\u00e1ximas rondar\u00e1n entre los 35 y 37 grados. En la capital malague\u00f1a, la probabilidad de aire caliente es muy baja; se espera una m\u00e1xima de 33 \u00b0C; en zonas m\u00e1s cercanas al mar, tendr\u00e1n menos temperatura.<\/p>\n<p>Se activa el aviso amarillo por altas temperaturas el jueves en el Valle del Guadalhorce; pueden alcanzar los 39 grados.<\/p>\n<p>El viernes sigue aumentando la probabilidad de terral fuerte en la capital malague\u00f1a. Es probable el aviso naranja.<\/p>\n<p>Os paso las temperaturas m\u00ednimas y m\u00e1ximas que prev\u00e9 la Aemet para ma\u00f1ana mi\u00e9rcoles.<\/p>\n<p>&nbsp;<\/p>\n<p>&nbsp;<\/p>\n<p><a href=\"https:\/\/static-blogs.diariosur.es\/wp-content\/uploads\/sites\/12\/2024\/07\/zzz.jpg\"><img loading=\"lazy\" class=\"aligncenter size-full wp-image-41182\" src=\"https:\/\/static-blogs.diariosur.es\/wp-content\/uploads\/sites\/12\/2024\/07\/zzz.jpg\" alt=\"\" width=\"866\" height=\"687\" srcset=\"https:\/\/static-blogs.diariosur.es\/wp-content\/uploads\/sites\/12\/2024\/07\/zzz.jpg 866w, https:\/\/static-blogs.diariosur.es\/wp-content\/uploads\/sites\/12\/2024\/07\/zzz-504x400.jpg 504w, https:\/\/static-blogs.diariosur.es\/wp-content\/uploads\/sites\/12\/2024\/07\/zzz-768x609.jpg 768w\" sizes=\"(max-width: 866px) 100vw, 866px\" \/><\/a><\/p>\n<p>&nbsp;<\/p>\n<p>Ma\u00f1ana tendremos brisas c\u00e1lidas de sur, sureste, en la costa malague\u00f1a, por este motivo, hay probabilidad de nubes bajas o tar\u00f3.<\/p>\n<p>Os dejo con los avisos por altas temperaturas previstos para ma\u00f1ana en Andaluc\u00eda. Cuando la aemet haga sus avisos nuevos de M\u00e1laga, se podr\u00e1 poner solo el Valle del Guadalhorce por altas temperaturas.<\/p>\n<p>&nbsp;<\/p>\n<p><a href=\"https:\/\/static-blogs.diariosur.es\/wp-content\/uploads\/sites\/12\/2024\/07\/zzzzzzzzzz.jpg\"><img loading=\"lazy\" class=\"aligncenter size-full wp-image-41183\" src=\"https:\/\/static-blogs.diariosur.es\/wp-content\/uploads\/sites\/12\/2024\/07\/zzzzzzzzzz.jpg\" alt=\"\" width=\"867\" height=\"681\" srcset=\"https:\/\/static-blogs.diariosur.es\/wp-content\/uploads\/sites\/12\/2024\/07\/zzzzzzzzzz.jpg 867w, https:\/\/static-blogs.diariosur.es\/wp-content\/uploads\/sites\/12\/2024\/07\/zzzzzzzzzz-509x400.jpg 509w, https:\/\/static-blogs.diariosur.es\/wp-content\/uploads\/sites\/12\/2024\/07\/zzzzzzzzzz-768x603.jpg 768w\" sizes=\"(max-width: 867px) 100vw, 867px\" \/><\/a><\/p>\n","protected":false},"excerpt":{"rendered":"<p>&nbsp; Buenos d\u00edas, amigos de la meteo. Cuando son las siete de la ma\u00f1ana en M\u00e1laga capital, el aeropuerto registra 20.8 \u00baC, los cielos est\u00e1n despejados y sopla brisa de tierra. Nuevamente se ha dado una madrugada muy agradable en muchos puntos de nuestra comunidad andaluza. Ma\u00f1ana las temperaturas m\u00e1ximas m\u00e1s altas se registrar\u00e1n en [&hellip;]<\/p>\n","protected":false},"author":16,"featured_media":39290,"comment_status":"open","ping_status":"open","sticky":false,"template":"","format":"standard","meta":[],"categories":[2],"tags":[81,94,151,212,358,676,962,1052],"_links":{"self":[{"href":"https:\/\/blogs.diariosur.es\/tormentas-y-rayos\/wp-json\/wp\/v2\/posts\/41178"}],"collection":[{"href":"https:\/\/blogs.diariosur.es\/tormentas-y-rayos\/wp-json\/wp\/v2\/posts"}],"about":[{"href":"https:\/\/blogs.diariosur.es\/tormentas-y-rayos\/wp-json\/wp\/v2\/types\/post"}],"author":[{"embeddable":true,"href":"https:\/\/blogs.diariosur.es\/tormentas-y-rayos\/wp-json\/wp\/v2\/users\/16"}],"replies":[{"embeddable":true,"href":"https:\/\/blogs.diariosur.es\/tormentas-y-rayos\/wp-json\/wp\/v2\/comments?post=41178"}],"version-history":[{"count":10,"href":"https:\/\/blogs.diariosur.es\/tormentas-y-rayos\/wp-json\/wp\/v2\/posts\/41178\/revisions"}],"predecessor-version":[{"id":47480,"href":"https:\/\/blogs.diariosur.es\/tormentas-y-rayos\/wp-json\/wp\/v2\/posts\/41178\/revisions\/47480"}],"wp:featuredmedia":[{"embeddable":true,"href":"https:\/\/blogs.diariosur.es\/tormentas-y-rayos\/wp-json\/wp\/v2\/media\/39290"}],"wp:attachment":[{"href":"https:\/\/blogs.diariosur.es\/tormentas-y-rayos\/wp-json\/wp\/v2\/media?parent=41178"}],"wp:term":[{"taxonomy":"category","embeddable":true,"href":"https:\/\/blogs.diariosur.es\/tormentas-y-rayos\/wp-json\/wp\/v2\/categories?post=41178"},{"taxonomy":"post_tag","embeddable":true,"href":"https:\/\/blogs.diariosur.es\/tormentas-y-rayos\/wp-json\/wp\/v2\/tags?post=41178"}],"curies":[{"name":"wp","href":"https:\/\/api.w.org\/{rel}","templated":true}]}}