{"id":41191,"date":"2024-07-10T07:50:03","date_gmt":"2024-07-10T05:50:03","guid":{"rendered":"https:\/\/blogs.diariosur.es\/tormentas-y-rayos\/?p=41191"},"modified":"2025-11-10T11:28:13","modified_gmt":"2025-11-10T10:28:13","slug":"cuando-pueden-llegar-los-39-o-40c-a-malaga-capital-avisos-por-altas-temperaturas","status":"publish","type":"post","link":"https:\/\/blogs.diariosur.es\/tormentas-y-rayos\/2024\/07\/10\/cuando-pueden-llegar-los-39-o-40c-a-malaga-capital-avisos-por-altas-temperaturas\/","title":{"rendered":"\u00bfCu\u00e1ndo pueden llegar los 39 o 40\u00b0C a M\u00e1laga capital? Avisos por altas temperaturas."},"content":{"rendered":"<p><img loading=\"lazy\" class=\"aligncenter size-thumbnail wp-image-38274\" src=\"https:\/\/static-blogs.diariosur.es\/wp-content\/uploads\/sites\/12\/2023\/09\/375323357_10227521084351690_5428862938073510864_n-150x150.jpg\" alt=\"\" width=\"150\" height=\"150\" \/><\/p>\n<p>&nbsp;<\/p>\n<p data-pm-slice=\"1 1 []\">Buenos d\u00edas, amigos de la meteo. Cuando son las siete de la ma\u00f1ana en M\u00e1laga capital, el aeropuerto registra <strong>19.6 \u00baC<\/strong>, los cielos est\u00e1n despejados y el viento sopla flojo de sur-sureste. Una m\u00ednima muy agradable, la importancia de tener el mar fr\u00edo. Hoy mi\u00e9rcoles las temperaturas m\u00e1ximas m\u00e1s altas se registrar\u00e1n en el Valle del Guadalhorce y Comarca de Antequera; hay probabilidad de tar\u00f3 y nubes bajas en la costa malague\u00f1a. Se activa el aviso amarillo por altas temperaturas en Antequera<\/p>\n<p><strong>Ma\u00f1ana jueves<\/strong>, la AEMET ha activado el aviso amarillo por altas temperaturas en la comarca de Antequera, Guadalhorce y Sol; <strong>en M\u00e1laga capital no creo que entre el terral<\/strong>. Las temperaturas m\u00e1s altas se registrar\u00e1n en el Valle del Guadalhorce y la zona m\u00e1s interior occidental de la provincia malague\u00f1a, como es el caso de Estepona, Manilva, Cortes de la Frontera, Gauc\u00edn y Alpandeire; en algunos puntos se pueden acercar a los 39 \u00b0C, en el Valle del Guadalhorce, los 40 \u00b0C. En la comarca de Antequera, los 38 \u00baC.<\/p>\n<p><strong>El viernes<\/strong> s\u00ed aumenta la probabilidad de terral en la capital malague\u00f1a y zonas habituales. En el interior del Valle del Guadalhorce pueden llegar a los 40 y 41\u00b0C; en M\u00e1laga capital, los 38 o 40\u00b0C, seg\u00fan zonas. Se activa el aviso amarillo en Sol, Guadalhorce y Axarqu\u00eda. Es probable que en nuevas actualizaciones se active el aviso naranja.<\/p>\n<p>La buena noticia es que durante la madrugada del s\u00e1bado entrar\u00e1 el levante en toda la costa malague\u00f1a.<\/p>\n<p>Os paso las temperaturas m\u00e1ximas y m\u00ednimas que prev\u00e9 la AEMET para el s\u00e1bado. Nos vemos ma\u00f1ana con la \u00faltima hora del terral.<\/p>\n<p>&nbsp;<\/p>\n<p>&nbsp;<\/p>\n<p><a href=\"https:\/\/static-blogs.diariosur.es\/wp-content\/uploads\/sites\/12\/2024\/07\/Captura-de-pantalla-2024-07-10-065741.jpg\"><img loading=\"lazy\" class=\"aligncenter size-full wp-image-41194\" src=\"https:\/\/static-blogs.diariosur.es\/wp-content\/uploads\/sites\/12\/2024\/07\/Captura-de-pantalla-2024-07-10-065741.jpg\" alt=\"\" width=\"858\" height=\"680\" srcset=\"https:\/\/static-blogs.diariosur.es\/wp-content\/uploads\/sites\/12\/2024\/07\/Captura-de-pantalla-2024-07-10-065741.jpg 858w, https:\/\/static-blogs.diariosur.es\/wp-content\/uploads\/sites\/12\/2024\/07\/Captura-de-pantalla-2024-07-10-065741-505x400.jpg 505w, https:\/\/static-blogs.diariosur.es\/wp-content\/uploads\/sites\/12\/2024\/07\/Captura-de-pantalla-2024-07-10-065741-768x609.jpg 768w\" sizes=\"(max-width: 858px) 100vw, 858px\" \/><\/a><\/p>\n<p>&nbsp;<\/p>\n","protected":false},"excerpt":{"rendered":"<p>&nbsp; Buenos d\u00edas, amigos de la meteo. Cuando son las siete de la ma\u00f1ana en M\u00e1laga capital, el aeropuerto registra 19.6 \u00baC, los cielos est\u00e1n despejados y el viento sopla flojo de sur-sureste. Una m\u00ednima muy agradable, la importancia de tener el mar fr\u00edo. Hoy mi\u00e9rcoles las temperaturas m\u00e1ximas m\u00e1s altas se registrar\u00e1n en el [&hellip;]<\/p>\n","protected":false},"author":16,"featured_media":41195,"comment_status":"open","ping_status":"open","sticky":false,"template":"","format":"standard","meta":[],"categories":[2],"tags":[100,212,358,587,975,1052],"_links":{"self":[{"href":"https:\/\/blogs.diariosur.es\/tormentas-y-rayos\/wp-json\/wp\/v2\/posts\/41191"}],"collection":[{"href":"https:\/\/blogs.diariosur.es\/tormentas-y-rayos\/wp-json\/wp\/v2\/posts"}],"about":[{"href":"https:\/\/blogs.diariosur.es\/tormentas-y-rayos\/wp-json\/wp\/v2\/types\/post"}],"author":[{"embeddable":true,"href":"https:\/\/blogs.diariosur.es\/tormentas-y-rayos\/wp-json\/wp\/v2\/users\/16"}],"replies":[{"embeddable":true,"href":"https:\/\/blogs.diariosur.es\/tormentas-y-rayos\/wp-json\/wp\/v2\/comments?post=41191"}],"version-history":[{"count":10,"href":"https:\/\/blogs.diariosur.es\/tormentas-y-rayos\/wp-json\/wp\/v2\/posts\/41191\/revisions"}],"predecessor-version":[{"id":47479,"href":"https:\/\/blogs.diariosur.es\/tormentas-y-rayos\/wp-json\/wp\/v2\/posts\/41191\/revisions\/47479"}],"wp:featuredmedia":[{"embeddable":true,"href":"https:\/\/blogs.diariosur.es\/tormentas-y-rayos\/wp-json\/wp\/v2\/media\/41195"}],"wp:attachment":[{"href":"https:\/\/blogs.diariosur.es\/tormentas-y-rayos\/wp-json\/wp\/v2\/media?parent=41191"}],"wp:term":[{"taxonomy":"category","embeddable":true,"href":"https:\/\/blogs.diariosur.es\/tormentas-y-rayos\/wp-json\/wp\/v2\/categories?post=41191"},{"taxonomy":"post_tag","embeddable":true,"href":"https:\/\/blogs.diariosur.es\/tormentas-y-rayos\/wp-json\/wp\/v2\/tags?post=41191"}],"curies":[{"name":"wp","href":"https:\/\/api.w.org\/{rel}","templated":true}]}}