{"id":41202,"date":"2024-07-11T07:37:00","date_gmt":"2024-07-11T05:37:00","guid":{"rendered":"https:\/\/blogs.diariosur.es\/tormentas-y-rayos\/?p=41202"},"modified":"2025-11-10T11:24:53","modified_gmt":"2025-11-10T10:24:53","slug":"hoy-jueves-las-ocho-provincias-andaluzas-estan-en-aviso-amarillo-y-naranja-por-altas-temperaturas","status":"publish","type":"post","link":"https:\/\/blogs.diariosur.es\/tormentas-y-rayos\/2024\/07\/11\/hoy-jueves-las-ocho-provincias-andaluzas-estan-en-aviso-amarillo-y-naranja-por-altas-temperaturas\/","title":{"rendered":"Hoy jueves, las ocho provincias andaluzas est\u00e1n en aviso amarillo y naranja por altas temperaturas."},"content":{"rendered":"<p><a href=\"https:\/\/static-blogs.diariosur.es\/wp-content\/uploads\/sites\/12\/2023\/09\/375323357_10227521084351690_5428862938073510864_n.jpg\"><img loading=\"lazy\" class=\"aligncenter size-thumbnail wp-image-38274\" src=\"https:\/\/static-blogs.diariosur.es\/wp-content\/uploads\/sites\/12\/2023\/09\/375323357_10227521084351690_5428862938073510864_n-150x150.jpg\" alt=\"\" width=\"150\" height=\"150\" \/><\/a><\/p>\n<p>&nbsp;<\/p>\n<p data-pm-slice=\"1 1 []\">Muy buenos d\u00edas, amigos de la meteo. Cuando son las siete de la ma\u00f1ana en M\u00e1laga capital, el Aeropuerto ha registrado una m\u00ednima de 21 \u00baC, el Centro Meteorol\u00f3gico de Teatinos 21.3 \u00baC y el Puerto 20.9 \u00baC. En las dem\u00e1s capitales andaluzas han tenido una madrugada calurosa, menos Granada Aeropuerto, que ha registrado 18.8 \u00baC. Os paso las m\u00ednimas m\u00e1s destacables: C\u00f3rdoba Aeropuerto 22.8 \u00baC, Ja\u00e9n 26.1 \u00baC, Sevilla Aeropuerto 23 \u00baC, Huelva 24 \u00baC, C\u00e1diz 22.9 \u00baC y Almer\u00eda 22 \u00baC.<\/p>\n<p>Ayer el tar\u00f3 y las nubes bajas me dej\u00f3 por embustero y no tuvimos; cosas de la meteo que cambian en pocas horas. Ayer se registraron estas temperaturas m\u00e1ximas en la provincia de M\u00e1laga. Os pongo las m\u00e1s destacables: Alpandeire 38.3 \u00baC, Cortes de la Frontera 38.8 \u00baC, Antequera 38.1 \u00baC, Fuente Piedra 38.1 \u00baC y \u00c1lora 39.5 \u00baC.<\/p>\n<p>Como comento en el t\u00edtulo del blog, las ocho provincias andaluzas tienen avisos por altas temperaturas. En la provincia de M\u00e1laga se ha activado en las comarcas de Ronda y Antequera por m\u00e1ximas de 38 \u00baC, y Costa del Sol m\u00e1s occidental\u00a0y Guadalhorce por m\u00e1ximas de 37 y 39 \u00baC. <strong>Pero, como os comentaba ayer, en M\u00e1laga capital no entrar\u00e1 el terral; ma\u00f1ana viernes, s\u00ed.\u00a0<\/strong><\/p>\n<p>Os paso el mapa de avisos de la Aemet.<\/p>\n<p>&nbsp;<\/p>\n<p>&nbsp;<\/p>\n<p><a href=\"https:\/\/static-blogs.diariosur.es\/wp-content\/uploads\/sites\/12\/2024\/07\/Captura-de-pantalla-2024-07-11-064741.jpg\"><img loading=\"lazy\" class=\"aligncenter size-full wp-image-41203\" src=\"https:\/\/static-blogs.diariosur.es\/wp-content\/uploads\/sites\/12\/2024\/07\/Captura-de-pantalla-2024-07-11-064741.jpg\" alt=\"\" width=\"873\" height=\"690\" srcset=\"https:\/\/static-blogs.diariosur.es\/wp-content\/uploads\/sites\/12\/2024\/07\/Captura-de-pantalla-2024-07-11-064741.jpg 873w, https:\/\/static-blogs.diariosur.es\/wp-content\/uploads\/sites\/12\/2024\/07\/Captura-de-pantalla-2024-07-11-064741-506x400.jpg 506w, https:\/\/static-blogs.diariosur.es\/wp-content\/uploads\/sites\/12\/2024\/07\/Captura-de-pantalla-2024-07-11-064741-768x607.jpg 768w\" sizes=\"(max-width: 873px) 100vw, 873px\" \/><\/a><\/p>\n<p>Poco m\u00e1s que contar, nos vemos ma\u00f1ana con la \u00faltima hora del terral de M\u00e1laga capital, Axarqu\u00eda y Guadalhorce.<\/p>\n<p>Foto de archivo del d\u00eda 9 de julio de 2015<\/p>\n<p>&nbsp;<\/p>\n<p><a href=\"https:\/\/static-blogs.diariosur.es\/wp-content\/uploads\/sites\/12\/2024\/07\/blog.jpg\"><img loading=\"lazy\" class=\"aligncenter size-full wp-image-41204\" src=\"https:\/\/static-blogs.diariosur.es\/wp-content\/uploads\/sites\/12\/2024\/07\/blog.jpg\" alt=\"\" width=\"1000\" height=\"750\" srcset=\"https:\/\/static-blogs.diariosur.es\/wp-content\/uploads\/sites\/12\/2024\/07\/blog.jpg 1000w, https:\/\/static-blogs.diariosur.es\/wp-content\/uploads\/sites\/12\/2024\/07\/blog-533x400.jpg 533w, https:\/\/static-blogs.diariosur.es\/wp-content\/uploads\/sites\/12\/2024\/07\/blog-768x576.jpg 768w\" sizes=\"(max-width: 1000px) 100vw, 1000px\" \/><\/a><\/p>\n<p>&nbsp;<\/p>\n","protected":false},"excerpt":{"rendered":"<p>&nbsp; Muy buenos d\u00edas, amigos de la meteo. Cuando son las siete de la ma\u00f1ana en M\u00e1laga capital, el Aeropuerto ha registrado una m\u00ednima de 21 \u00baC, el Centro Meteorol\u00f3gico de Teatinos 21.3 \u00baC y el Puerto 20.9 \u00baC. En las dem\u00e1s capitales andaluzas han tenido una madrugada calurosa, menos Granada Aeropuerto, que ha registrado [&hellip;]<\/p>\n","protected":false},"author":16,"featured_media":41204,"comment_status":"open","ping_status":"open","sticky":false,"template":"","format":"standard","meta":[],"categories":[2],"tags":[81,94,100,151,212,358,587,962,975],"_links":{"self":[{"href":"https:\/\/blogs.diariosur.es\/tormentas-y-rayos\/wp-json\/wp\/v2\/posts\/41202"}],"collection":[{"href":"https:\/\/blogs.diariosur.es\/tormentas-y-rayos\/wp-json\/wp\/v2\/posts"}],"about":[{"href":"https:\/\/blogs.diariosur.es\/tormentas-y-rayos\/wp-json\/wp\/v2\/types\/post"}],"author":[{"embeddable":true,"href":"https:\/\/blogs.diariosur.es\/tormentas-y-rayos\/wp-json\/wp\/v2\/users\/16"}],"replies":[{"embeddable":true,"href":"https:\/\/blogs.diariosur.es\/tormentas-y-rayos\/wp-json\/wp\/v2\/comments?post=41202"}],"version-history":[{"count":5,"href":"https:\/\/blogs.diariosur.es\/tormentas-y-rayos\/wp-json\/wp\/v2\/posts\/41202\/revisions"}],"predecessor-version":[{"id":47476,"href":"https:\/\/blogs.diariosur.es\/tormentas-y-rayos\/wp-json\/wp\/v2\/posts\/41202\/revisions\/47476"}],"wp:featuredmedia":[{"embeddable":true,"href":"https:\/\/blogs.diariosur.es\/tormentas-y-rayos\/wp-json\/wp\/v2\/media\/41204"}],"wp:attachment":[{"href":"https:\/\/blogs.diariosur.es\/tormentas-y-rayos\/wp-json\/wp\/v2\/media?parent=41202"}],"wp:term":[{"taxonomy":"category","embeddable":true,"href":"https:\/\/blogs.diariosur.es\/tormentas-y-rayos\/wp-json\/wp\/v2\/categories?post=41202"},{"taxonomy":"post_tag","embeddable":true,"href":"https:\/\/blogs.diariosur.es\/tormentas-y-rayos\/wp-json\/wp\/v2\/tags?post=41202"}],"curies":[{"name":"wp","href":"https:\/\/api.w.org\/{rel}","templated":true}]}}