{"id":41224,"date":"2024-07-13T08:36:13","date_gmt":"2024-07-13T06:36:13","guid":{"rendered":"https:\/\/blogs.diariosur.es\/tormentas-y-rayos\/?p=41224"},"modified":"2025-11-10T11:23:11","modified_gmt":"2025-11-10T10:23:11","slug":"el-levante-nos-da-un-alivio-a-los-malaguenos-pero-el-terral-promete-volver-cuando","status":"publish","type":"post","link":"https:\/\/blogs.diariosur.es\/tormentas-y-rayos\/2024\/07\/13\/el-levante-nos-da-un-alivio-a-los-malaguenos-pero-el-terral-promete-volver-cuando\/","title":{"rendered":"El levante nos da un alivio a los malague\u00f1os, pero el terral promete volver. \u00bfCuando?"},"content":{"rendered":"<p><a href=\"https:\/\/static-blogs.diariosur.es\/wp-content\/uploads\/sites\/12\/2024\/02\/379337914_10227628075666406_6248628726251100327_n.jpg\"><img loading=\"lazy\" class=\"aligncenter size-thumbnail wp-image-39879\" src=\"https:\/\/static-blogs.diariosur.es\/wp-content\/uploads\/sites\/12\/2024\/02\/379337914_10227628075666406_6248628726251100327_n-150x150.jpg\" alt=\"\" width=\"150\" height=\"150\" \/><\/a><\/p>\n<p>&nbsp;<\/p>\n<p data-pm-slice=\"1 1 []\">Muy buenos d\u00edas, amigos de la meteo. Cuando son las ocho de la ma\u00f1ana en M\u00e1laga capital, el aeropuerto registra 21.5 \u00baC, los cielos est\u00e1n despejados y sopla viento flojo de sureste. Ayer se cumplieron los pron\u00f3sticos y tuvimos el terral m\u00e1s fuerte en temperatura desde que comenz\u00f3 el verano y el a\u00f1o. En las zonas habituales se sobrepasaron los 40 y 42 \u00baC, destacando Estepona con 42.7 \u00baC. En M\u00e1laga capital, el Centro Meteorol\u00f3gico de Teatinos registr\u00f3 41.2 \u00baC, el Aeropuerto 40.8 \u00baC y el Puerto 38.2 \u00baC. En esta \u00faltima estaci\u00f3n de la AEMET en el puerto malague\u00f1o, predominaron brisas del mar, que no hicieron subir mucho la temperatura.<\/p>\n<p>Os paso las gr\u00e1ficas de temperatura y viento de la estaci\u00f3n del Puerto de la AEMET.<\/p>\n<p>&nbsp;<\/p>\n<p><a href=\"https:\/\/static-blogs.diariosur.es\/wp-content\/uploads\/sites\/12\/2024\/07\/p-e1720851064806.jpg\"><img loading=\"lazy\" class=\"aligncenter size-full wp-image-41225\" src=\"https:\/\/static-blogs.diariosur.es\/wp-content\/uploads\/sites\/12\/2024\/07\/p-e1720851064806.jpg\" alt=\"\" width=\"1200\" height=\"548\" \/><\/a> <a href=\"https:\/\/static-blogs.diariosur.es\/wp-content\/uploads\/sites\/12\/2024\/07\/pp.jpg\"><img loading=\"lazy\" class=\"aligncenter size-full wp-image-41226\" src=\"https:\/\/static-blogs.diariosur.es\/wp-content\/uploads\/sites\/12\/2024\/07\/pp-e1720851090813.jpg\" alt=\"\" width=\"1200\" height=\"528\" \/><\/a><\/p>\n<p>&nbsp;<\/p>\n<h3><span style=\"color: #0000ff;\"><strong>El levante nos da un alivio a los malague\u00f1os, pero el terral promete volver. \u00bfCuando?<\/strong><\/span><\/h3>\n<p data-pm-slice=\"1 1 []\">Tanto hoy s\u00e1bado como ma\u00f1ana domingo, el levante nos dar\u00e1 un respiro a los malague\u00f1os. Pero el lunes promete volver el terral a las zonas habituales y muy probablemente tambi\u00e9n el martes. La buena noticia es que no lo har\u00e1 con temperaturas tan altas como las que se dieron ayer. De momento no hay avisos por altas temperaturas para el lunes, pero es muy probable que activen en nuevas actualizaciones el amarillo por m\u00e1ximas de 36 \u00baC. Ma\u00f1ana domingo os dar\u00e9 la \u00faltima hora del terral del lunes y martes. La temperatura del agua del mar en la costa de M\u00e1laga ronda los 18 y 19.7 grados.<\/p>\n<p>&nbsp;<\/p>\n<p>&nbsp;<\/p>\n","protected":false},"excerpt":{"rendered":"<p>&nbsp; Muy buenos d\u00edas, amigos de la meteo. Cuando son las ocho de la ma\u00f1ana en M\u00e1laga capital, el aeropuerto registra 21.5 \u00baC, los cielos est\u00e1n despejados y sopla viento flojo de sureste. Ayer se cumplieron los pron\u00f3sticos y tuvimos el terral m\u00e1s fuerte en temperatura desde que comenz\u00f3 el verano y el a\u00f1o. En [&hellip;]<\/p>\n","protected":false},"author":16,"featured_media":41228,"comment_status":"open","ping_status":"open","sticky":false,"template":"","format":"standard","meta":[],"categories":[2],"tags":[81,100,151,212,358,587,676,962,975],"_links":{"self":[{"href":"https:\/\/blogs.diariosur.es\/tormentas-y-rayos\/wp-json\/wp\/v2\/posts\/41224"}],"collection":[{"href":"https:\/\/blogs.diariosur.es\/tormentas-y-rayos\/wp-json\/wp\/v2\/posts"}],"about":[{"href":"https:\/\/blogs.diariosur.es\/tormentas-y-rayos\/wp-json\/wp\/v2\/types\/post"}],"author":[{"embeddable":true,"href":"https:\/\/blogs.diariosur.es\/tormentas-y-rayos\/wp-json\/wp\/v2\/users\/16"}],"replies":[{"embeddable":true,"href":"https:\/\/blogs.diariosur.es\/tormentas-y-rayos\/wp-json\/wp\/v2\/comments?post=41224"}],"version-history":[{"count":5,"href":"https:\/\/blogs.diariosur.es\/tormentas-y-rayos\/wp-json\/wp\/v2\/posts\/41224\/revisions"}],"predecessor-version":[{"id":47475,"href":"https:\/\/blogs.diariosur.es\/tormentas-y-rayos\/wp-json\/wp\/v2\/posts\/41224\/revisions\/47475"}],"wp:featuredmedia":[{"embeddable":true,"href":"https:\/\/blogs.diariosur.es\/tormentas-y-rayos\/wp-json\/wp\/v2\/media\/41228"}],"wp:attachment":[{"href":"https:\/\/blogs.diariosur.es\/tormentas-y-rayos\/wp-json\/wp\/v2\/media?parent=41224"}],"wp:term":[{"taxonomy":"category","embeddable":true,"href":"https:\/\/blogs.diariosur.es\/tormentas-y-rayos\/wp-json\/wp\/v2\/categories?post=41224"},{"taxonomy":"post_tag","embeddable":true,"href":"https:\/\/blogs.diariosur.es\/tormentas-y-rayos\/wp-json\/wp\/v2\/tags?post=41224"}],"curies":[{"name":"wp","href":"https:\/\/api.w.org\/{rel}","templated":true}]}}