{"id":41230,"date":"2024-07-14T11:13:20","date_gmt":"2024-07-14T09:13:20","guid":{"rendered":"https:\/\/blogs.diariosur.es\/tormentas-y-rayos\/?p=41230"},"modified":"2025-11-10T11:21:18","modified_gmt":"2025-11-10T10:21:18","slug":"aviso-amarilllo-manana-lunes-y-el-martes-tendremos-terral-llegaremos-a-los-40-grados-en-malaga","status":"publish","type":"post","link":"https:\/\/blogs.diariosur.es\/tormentas-y-rayos\/2024\/07\/14\/aviso-amarilllo-manana-lunes-y-el-martes-tendremos-terral-llegaremos-a-los-40-grados-en-malaga\/","title":{"rendered":"Aviso amarilllo. Ma\u00f1ana lunes y el martes tendremos terral. \u00bfLlegaremos a los 40 \u00baC en M\u00e1laga?"},"content":{"rendered":"<p><a href=\"https:\/\/static-blogs.diariosur.es\/wp-content\/uploads\/sites\/12\/2023\/09\/375323357_10227521084351690_5428862938073510864_n.jpg\"><img loading=\"lazy\" class=\"aligncenter size-thumbnail wp-image-38274\" src=\"https:\/\/static-blogs.diariosur.es\/wp-content\/uploads\/sites\/12\/2023\/09\/375323357_10227521084351690_5428862938073510864_n-150x150.jpg\" alt=\"\" width=\"150\" height=\"150\" \/><\/a><\/p>\n<p data-pm-slice=\"1 1 []\">Buenos d\u00edas, amigos de la meteo. El Aeropuerto de M\u00e1laga ha registrado una m\u00ednima hoy domingo de 22.2 \u00baC; la humedad ha rondado la mayor parte de la madrugada el 80% y el viento ha soplado flojo de direcci\u00f3n variable. En el Valle del Guadalquivir, interior de Huelva y Granada han registrado unas m\u00ednimas por debajo de la media; destacar C\u00f3rdoba Aeropuerto con 15.4 \u00baC.<\/p>\n<p><strong>Ma\u00f1ana lunes<\/strong> vuelve el terral a las zonas habituales de la provincia malague\u00f1a, pero en esta ocasi\u00f3n no creo que tengamos temperaturas m\u00e1ximas muy altas en la capital malague\u00f1a; rondar\u00e1n entre los 35 y 36 \u00b0C. Las m\u00e1s altas se dar\u00e1n en el Valle del Guadalhorce.<\/p>\n<p><strong>El martes<\/strong>\u00a0tambi\u00e9n tendremos terral, pero es muy probable que antes del mediod\u00eda se quite en M\u00e1laga capital; seguir\u00e1 hasta primeras horas de la tarde en el Valle del Guadalhorce; en esta zona rondar\u00e1n entre\u00a0los 36 y 38 \u00baC.<\/p>\n<p>La Aemet activa el aviso amarillo por altas temperaturas de 37 grados para ma\u00f1ana lunes, en Sol, Guadalhorce y Axarqu\u00eda.<\/p>\n<p>Poco m\u00e1s que contar; nos vemos ma\u00f1ana.<\/p>\n<p>&nbsp;<\/p>\n","protected":false},"excerpt":{"rendered":"<p>Buenos d\u00edas, amigos de la meteo. El Aeropuerto de M\u00e1laga ha registrado una m\u00ednima hoy domingo de 22.2 \u00baC; la humedad ha rondado la mayor parte de la madrugada el 80% y el viento ha soplado flojo de direcci\u00f3n variable. En el Valle del Guadalquivir, interior de Huelva y Granada han registrado unas m\u00ednimas por [&hellip;]<\/p>\n","protected":false},"author":16,"featured_media":41231,"comment_status":"open","ping_status":"open","sticky":false,"template":"","format":"standard","meta":[],"categories":[2],"tags":[81,94,151,358,587,962,975],"_links":{"self":[{"href":"https:\/\/blogs.diariosur.es\/tormentas-y-rayos\/wp-json\/wp\/v2\/posts\/41230"}],"collection":[{"href":"https:\/\/blogs.diariosur.es\/tormentas-y-rayos\/wp-json\/wp\/v2\/posts"}],"about":[{"href":"https:\/\/blogs.diariosur.es\/tormentas-y-rayos\/wp-json\/wp\/v2\/types\/post"}],"author":[{"embeddable":true,"href":"https:\/\/blogs.diariosur.es\/tormentas-y-rayos\/wp-json\/wp\/v2\/users\/16"}],"replies":[{"embeddable":true,"href":"https:\/\/blogs.diariosur.es\/tormentas-y-rayos\/wp-json\/wp\/v2\/comments?post=41230"}],"version-history":[{"count":5,"href":"https:\/\/blogs.diariosur.es\/tormentas-y-rayos\/wp-json\/wp\/v2\/posts\/41230\/revisions"}],"predecessor-version":[{"id":47473,"href":"https:\/\/blogs.diariosur.es\/tormentas-y-rayos\/wp-json\/wp\/v2\/posts\/41230\/revisions\/47473"}],"wp:featuredmedia":[{"embeddable":true,"href":"https:\/\/blogs.diariosur.es\/tormentas-y-rayos\/wp-json\/wp\/v2\/media\/41231"}],"wp:attachment":[{"href":"https:\/\/blogs.diariosur.es\/tormentas-y-rayos\/wp-json\/wp\/v2\/media?parent=41230"}],"wp:term":[{"taxonomy":"category","embeddable":true,"href":"https:\/\/blogs.diariosur.es\/tormentas-y-rayos\/wp-json\/wp\/v2\/categories?post=41230"},{"taxonomy":"post_tag","embeddable":true,"href":"https:\/\/blogs.diariosur.es\/tormentas-y-rayos\/wp-json\/wp\/v2\/tags?post=41230"}],"curies":[{"name":"wp","href":"https:\/\/api.w.org\/{rel}","templated":true}]}}