{"id":41237,"date":"2024-07-15T17:34:30","date_gmt":"2024-07-15T15:34:30","guid":{"rendered":"https:\/\/blogs.diariosur.es\/tormentas-y-rayos\/?p=41237"},"modified":"2025-11-10T11:19:44","modified_gmt":"2025-11-10T10:19:44","slug":"nota-informativa-de-la-aemet-se-espera-a-partir-del-miercoles-temperaturas-muy-altas-en-muchos-puntos-de-peninsula","status":"publish","type":"post","link":"https:\/\/blogs.diariosur.es\/tormentas-y-rayos\/2024\/07\/15\/nota-informativa-de-la-aemet-se-espera-a-partir-del-miercoles-temperaturas-muy-altas-en-muchos-puntos-de-peninsula\/","title":{"rendered":"Nota informativa de la Aemet: Se espera, a partir del mi\u00e9rcoles, temperaturas muy altas en muchos puntos de pen\u00ednsula"},"content":{"rendered":"<p><a href=\"https:\/\/static-blogs.diariosur.es\/wp-content\/uploads\/sites\/12\/2024\/02\/379337914_10227628075666406_6248628726251100327_n.jpg\"><img loading=\"lazy\" class=\"aligncenter size-thumbnail wp-image-39879\" src=\"https:\/\/static-blogs.diariosur.es\/wp-content\/uploads\/sites\/12\/2024\/02\/379337914_10227628075666406_6248628726251100327_n-150x150.jpg\" alt=\"\" width=\"150\" height=\"150\" \/><\/a><\/p>\n<p data-pm-slice=\"1 1 []\">Buenas tardes, amigos de la meteo. Cuando son las cinco y media de la tarde en M\u00e1laga capital, el Aeropuerto de momento ha registrado una m\u00e1xima de 37.6\u00b0C, el Centro Meteorol\u00f3gico 39.7 \u00b0C y el Puerto 37.1 \u00b0C; destacar tambi\u00e9n Estepona con 39.9 \u00b0C. M\u00e1ximas en algunos puntos m\u00e1s altas de lo esperado. Ma\u00f1ana seguir\u00e1 el terral en las zonas habituales de la provincia malague\u00f1a; estamos en aviso amarillo por temperaturas m\u00e1ximas de 37 \u00b0C. A partir del mediod\u00eda o primeras horas de la tarde, el terral ir\u00e1 a menos al entrar brisas del mar.<\/p>\n<p>De momento la aemet ha sacado una nota informativa por las altas temperaturas que se esperan en muchos puntos de la pen\u00ednsula, cuando nuevamente actualicen los modelos, es probable, que la Agencia Estatal del Estado viendo como evoluciona este episodio, saque el primer aviso por ola de calor del verano 2024, ma\u00f1ana o el mi\u00e9rcoles lo sabremos, de momento no es un aviso por ola de calor.<\/p>\n<p>Se considera &#8216;<strong>ola de calor<\/strong>&#8216; un episodio de al menos tres d\u00edas consecutivos, en el que al menos el 10% de las estaciones consideradas registran m\u00e1ximas por encima del percentil 95% de su serie de temperaturas m\u00e1ximas diarias en los meses de julio y agosto del periodo 1971-2000.<\/p>\n<h3><span style=\"color: #ff0000;\"><strong>Os paso la nota informativa de la aemet<\/strong><\/span><\/h3>\n<p><strong>Un amplio anticicl\u00f3n en niveles medios y altos, situado en estos momentos en el interior de Argelia, se intensificar\u00e1 y extender\u00e1 durante los pr\u00f3ximos d\u00edas hacia el oeste, induciendo as\u00ed, a partir del mi\u00e9rcoles 17, un flujo de componente sur, que introducir\u00e1, sobre la Pen\u00ednsula y Baleares, una masa de aire muy c\u00e1lido, seco y estable. La presencia de esta masa de aire, junto con la elevada insolaci\u00f3n asociada a una situaci\u00f3n de gran estabilidad atmosf\u00e9rica, provocar\u00e1 un ascenso generalizado y progresivo de las temperaturas en buena parte del \u00e1rea peninsular, principalmente entre el jueves y el fin de semana, y que dar\u00e1 lugar a unos valores t\u00e9rmicos m\u00e1s altos que los habituales en estas fechas, salvo en el noroeste peninsular donde habr\u00e1 un flujo atl\u00e1ntico, m\u00e1s fresco. Las zonas m\u00e1s afectadas ser\u00e1n la mitad sur y el cuadrante noreste de la Pen\u00ednsula, donde se espera que de forma bastante generalizada se superen los 38 oC, alcanzando los 40-42 oC en zonas de los valles del Guadiana, del Tajo y del Ebro; e incluso los 42-44 oC en el Valle del Guadalquivir. De forma menos intensa las temperaturas tambi\u00e9n ser\u00e1n altas en la meseta norte, donde se alcanzar\u00e1n los 36 oC y puntualmente los 38 oC. El d\u00eda \u00e1lgido de este episodio ser\u00e1 el viernes 19. Las temperaturas m\u00ednimas tambi\u00e9n ser\u00e1n elevadas durante este episodio, en el que no bajar\u00e1n de los 24 oC en amplias zonas del sureste y, de forma m\u00e1s puntual, en otras \u00e1reas de la mitad sur peninsular, principalmente durante el viernes 19 y el s\u00e1bado 20. Para el s\u00e1bado, d\u00eda 20, es probable un descenso t\u00e9rmico en la vertiente atl\u00e1ntica y, sobre todo, en el norte peninsular pero todav\u00eda se mantendr\u00e1n las temperaturas bastante altas, principalmente en el sureste donde el viento de componente oeste provocar\u00e1 un aumento adicional. A partir del domingo 21 aumenta la incertidumbre de la situaci\u00f3n meteorol\u00f3gica por lo que es dif\u00edcil precisar el fin de este episodio de temperaturas altas. Con la informaci\u00f3n actual es probable que las temperaturas contin\u00faen altas, al menos hasta mediados de la semana pr\u00f3xima, pero m\u00e1s cercanas a los valores normales de esta \u00e9poca del a\u00f1o.<\/strong><\/p>\n<p>Nos vemos ma\u00f1ana<\/p>\n<p>&nbsp;<\/p>\n<p>&nbsp;<\/p>\n","protected":false},"excerpt":{"rendered":"<p>Buenas tardes, amigos de la meteo. Cuando son las cinco y media de la tarde en M\u00e1laga capital, el Aeropuerto de momento ha registrado una m\u00e1xima de 37.6\u00b0C, el Centro Meteorol\u00f3gico 39.7 \u00b0C y el Puerto 37.1 \u00b0C; destacar tambi\u00e9n Estepona con 39.9 \u00b0C. M\u00e1ximas en algunos puntos m\u00e1s altas de lo esperado. Ma\u00f1ana seguir\u00e1 [&hellip;]<\/p>\n","protected":false},"author":16,"featured_media":39629,"comment_status":"open","ping_status":"open","sticky":false,"template":"","format":"standard","meta":[],"categories":[2],"tags":[81,94,151,212,358,538,676,733,1942,962],"_links":{"self":[{"href":"https:\/\/blogs.diariosur.es\/tormentas-y-rayos\/wp-json\/wp\/v2\/posts\/41237"}],"collection":[{"href":"https:\/\/blogs.diariosur.es\/tormentas-y-rayos\/wp-json\/wp\/v2\/posts"}],"about":[{"href":"https:\/\/blogs.diariosur.es\/tormentas-y-rayos\/wp-json\/wp\/v2\/types\/post"}],"author":[{"embeddable":true,"href":"https:\/\/blogs.diariosur.es\/tormentas-y-rayos\/wp-json\/wp\/v2\/users\/16"}],"replies":[{"embeddable":true,"href":"https:\/\/blogs.diariosur.es\/tormentas-y-rayos\/wp-json\/wp\/v2\/comments?post=41237"}],"version-history":[{"count":6,"href":"https:\/\/blogs.diariosur.es\/tormentas-y-rayos\/wp-json\/wp\/v2\/posts\/41237\/revisions"}],"predecessor-version":[{"id":47471,"href":"https:\/\/blogs.diariosur.es\/tormentas-y-rayos\/wp-json\/wp\/v2\/posts\/41237\/revisions\/47471"}],"wp:featuredmedia":[{"embeddable":true,"href":"https:\/\/blogs.diariosur.es\/tormentas-y-rayos\/wp-json\/wp\/v2\/media\/39629"}],"wp:attachment":[{"href":"https:\/\/blogs.diariosur.es\/tormentas-y-rayos\/wp-json\/wp\/v2\/media?parent=41237"}],"wp:term":[{"taxonomy":"category","embeddable":true,"href":"https:\/\/blogs.diariosur.es\/tormentas-y-rayos\/wp-json\/wp\/v2\/categories?post=41237"},{"taxonomy":"post_tag","embeddable":true,"href":"https:\/\/blogs.diariosur.es\/tormentas-y-rayos\/wp-json\/wp\/v2\/tags?post=41237"}],"curies":[{"name":"wp","href":"https:\/\/api.w.org\/{rel}","templated":true}]}}