{"id":41244,"date":"2024-07-16T07:31:13","date_gmt":"2024-07-16T05:31:13","guid":{"rendered":"https:\/\/blogs.diariosur.es\/tormentas-y-rayos\/?p=41244"},"modified":"2025-11-10T11:17:28","modified_gmt":"2025-11-10T10:17:28","slug":"1-ano-con-la-temperatura-global-del-planeta-superando-el-umbral-de-los-15-oc","status":"publish","type":"post","link":"https:\/\/blogs.diariosur.es\/tormentas-y-rayos\/2024\/07\/16\/1-ano-con-la-temperatura-global-del-planeta-superando-el-umbral-de-los-15-oc\/","title":{"rendered":"1 a\u00f1o con la temperatura global del planeta superando el umbral de los 1,5 \u00baC"},"content":{"rendered":"<p><a href=\"https:\/\/static-blogs.diariosur.es\/wp-content\/uploads\/sites\/12\/2023\/09\/375323357_10227521084351690_5428862938073510864_n.jpg\"><img loading=\"lazy\" class=\"aligncenter size-thumbnail wp-image-38274\" src=\"https:\/\/static-blogs.diariosur.es\/wp-content\/uploads\/sites\/12\/2023\/09\/375323357_10227521084351690_5428862938073510864_n-150x150.jpg\" alt=\"\" width=\"150\" height=\"150\" \/><\/a><\/p>\n<p data-pm-slice=\"1 1 []\">Muy buenos d\u00edas, amigos de la meteo. Cuando son las siete de la ma\u00f1ana en M\u00e1laga capital, la Estaci\u00f3n de la Aemet del Aeropuerto registra 28.9 \u00baC, sopla viento de terral moderado y los cielos est\u00e1n despejados.<\/p>\n<p>Hoy martes ser\u00e1 el \u00faltimo d\u00eda del terral; es muy probable que en M\u00e1laga capital se quite sobre el mediod\u00eda o primeras horas de la tarde; por el Valle del Guadalhorce durar\u00e1 unas horas m\u00e1s. Ya veremos en pr\u00f3ximas actualizaciones si vuelve el s\u00e1bado con fuerza.<\/p>\n<p>Ayer os comentaba que ma\u00f1ana comenzaba un episodio de altas temperaturas en la pen\u00ednsula, pero que de momento la AEMET <a class=\"qbe-widget\" href=\"https:\/\/blogs.diariosur.es\/tormentas-y-rayos\/2024\/07\/15\/nota-informativa-de-la-aemet-se-espera-a-partir-del-miercoles-temperaturas-muy-altas-en-muchos-puntos-de-peninsula\/?ref=https%3A%2F%2Fblogs.diariosur.es%2Ftormentas-y-rayos%2F\" target=\"_blank\" rel=\"noopener noreferrer\">no ha sacado un aviso por ola de calor.<\/a><\/p>\n<p>Os paso este interesante art\u00edculo de mis amigos de Cazatormentas.<\/p>\n<h3><a href=\"https:\/\/cazatormentas.com\/1-ano-umbral-temperatura-global\/\" rel=\"external nofollow\"><span style=\"color: #ff0000;\"><strong>1 a\u00f1o con la temperatura global del planeta superando el umbral de los 1,5 \u00baC<\/strong><\/span><\/a><\/h3>\n<p>&nbsp;<\/p>\n<p><a href=\"https:\/\/static-blogs.diariosur.es\/wp-content\/uploads\/sites\/12\/2023\/04\/14353538456_623f2b5b89_o-horz.jpg\"><img loading=\"lazy\" class=\"aligncenter size-full wp-image-36575\" src=\"https:\/\/static-blogs.diariosur.es\/wp-content\/uploads\/sites\/12\/2023\/04\/14353538456_623f2b5b89_o-horz.jpg\" alt=\"\" width=\"1046\" height=\"667\" srcset=\"https:\/\/static-blogs.diariosur.es\/wp-content\/uploads\/sites\/12\/2023\/04\/14353538456_623f2b5b89_o-horz.jpg 1046w, https:\/\/static-blogs.diariosur.es\/wp-content\/uploads\/sites\/12\/2023\/04\/14353538456_623f2b5b89_o-horz-627x400.jpg 627w, https:\/\/static-blogs.diariosur.es\/wp-content\/uploads\/sites\/12\/2023\/04\/14353538456_623f2b5b89_o-horz-768x490.jpg 768w\" sizes=\"(max-width: 1046px) 100vw, 1046px\" \/><\/a><\/p>\n","protected":false},"excerpt":{"rendered":"<p>Muy buenos d\u00edas, amigos de la meteo. Cuando son las siete de la ma\u00f1ana en M\u00e1laga capital, la Estaci\u00f3n de la Aemet del Aeropuerto registra 28.9 \u00baC, sopla viento de terral moderado y los cielos est\u00e1n despejados. Hoy martes ser\u00e1 el \u00faltimo d\u00eda del terral; es muy probable que en M\u00e1laga capital se quite sobre [&hellip;]<\/p>\n","protected":false},"author":16,"featured_media":37210,"comment_status":"open","ping_status":"open","sticky":false,"template":"","format":"standard","meta":[],"categories":[2],"tags":[],"_links":{"self":[{"href":"https:\/\/blogs.diariosur.es\/tormentas-y-rayos\/wp-json\/wp\/v2\/posts\/41244"}],"collection":[{"href":"https:\/\/blogs.diariosur.es\/tormentas-y-rayos\/wp-json\/wp\/v2\/posts"}],"about":[{"href":"https:\/\/blogs.diariosur.es\/tormentas-y-rayos\/wp-json\/wp\/v2\/types\/post"}],"author":[{"embeddable":true,"href":"https:\/\/blogs.diariosur.es\/tormentas-y-rayos\/wp-json\/wp\/v2\/users\/16"}],"replies":[{"embeddable":true,"href":"https:\/\/blogs.diariosur.es\/tormentas-y-rayos\/wp-json\/wp\/v2\/comments?post=41244"}],"version-history":[{"count":4,"href":"https:\/\/blogs.diariosur.es\/tormentas-y-rayos\/wp-json\/wp\/v2\/posts\/41244\/revisions"}],"predecessor-version":[{"id":47470,"href":"https:\/\/blogs.diariosur.es\/tormentas-y-rayos\/wp-json\/wp\/v2\/posts\/41244\/revisions\/47470"}],"wp:featuredmedia":[{"embeddable":true,"href":"https:\/\/blogs.diariosur.es\/tormentas-y-rayos\/wp-json\/wp\/v2\/media\/37210"}],"wp:attachment":[{"href":"https:\/\/blogs.diariosur.es\/tormentas-y-rayos\/wp-json\/wp\/v2\/media?parent=41244"}],"wp:term":[{"taxonomy":"category","embeddable":true,"href":"https:\/\/blogs.diariosur.es\/tormentas-y-rayos\/wp-json\/wp\/v2\/categories?post=41244"},{"taxonomy":"post_tag","embeddable":true,"href":"https:\/\/blogs.diariosur.es\/tormentas-y-rayos\/wp-json\/wp\/v2\/tags?post=41244"}],"curies":[{"name":"wp","href":"https:\/\/api.w.org\/{rel}","templated":true}]}}