{"id":41247,"date":"2024-07-16T13:54:50","date_gmt":"2024-07-16T11:54:50","guid":{"rendered":"https:\/\/blogs.diariosur.es\/tormentas-y-rayos\/?p=41247"},"modified":"2024-07-16T13:55:58","modified_gmt":"2024-07-16T11:55:58","slug":"ultima-hora-primera-ola-de-calor-del-verano-2024-en-espana","status":"publish","type":"post","link":"https:\/\/blogs.diariosur.es\/tormentas-y-rayos\/2024\/07\/16\/ultima-hora-primera-ola-de-calor-del-verano-2024-en-espana\/","title":{"rendered":"\u00daltima hora: Primera ola de calor del verano 2024 en Espa\u00f1a."},"content":{"rendered":"<p><a href=\"https:\/\/static-blogs.diariosur.es\/wp-content\/uploads\/sites\/12\/2024\/05\/444912498_10228884468795449_97962860407814916_n.jpg\"><img loading=\"lazy\" class=\"aligncenter size-thumbnail wp-image-40751\" src=\"https:\/\/static-blogs.diariosur.es\/wp-content\/uploads\/sites\/12\/2024\/05\/444912498_10228884468795449_97962860407814916_n-150x150.jpg\" alt=\"\" width=\"150\" height=\"150\" \/><\/a><\/p>\n<p>Buenas tardes, amigos de la meteo. La aemet activa el aviso especial por ola de calor.<\/p>\n<p>&nbsp;<\/p>\n<p><a href=\"https:\/\/static-blogs.diariosur.es\/wp-content\/uploads\/sites\/12\/2024\/07\/1.jpg\"><img loading=\"lazy\" class=\"aligncenter size-full wp-image-41248\" src=\"https:\/\/static-blogs.diariosur.es\/wp-content\/uploads\/sites\/12\/2024\/07\/1.jpg\" alt=\"\" width=\"1012\" height=\"1153\" srcset=\"https:\/\/static-blogs.diariosur.es\/wp-content\/uploads\/sites\/12\/2024\/07\/1.jpg 1012w, https:\/\/static-blogs.diariosur.es\/wp-content\/uploads\/sites\/12\/2024\/07\/1-351x400.jpg 351w, https:\/\/static-blogs.diariosur.es\/wp-content\/uploads\/sites\/12\/2024\/07\/1-768x875.jpg 768w\" sizes=\"(max-width: 1012px) 100vw, 1012px\" \/><\/a><\/p>\n<p>&nbsp;<\/p>\n<p><a href=\"https:\/\/static-blogs.diariosur.es\/wp-content\/uploads\/sites\/12\/2024\/07\/2-1.jpg\"><img loading=\"lazy\" class=\"aligncenter size-full wp-image-41250\" src=\"https:\/\/static-blogs.diariosur.es\/wp-content\/uploads\/sites\/12\/2024\/07\/2-1.jpg\" alt=\"\" width=\"916\" height=\"557\" srcset=\"https:\/\/static-blogs.diariosur.es\/wp-content\/uploads\/sites\/12\/2024\/07\/2-1.jpg 916w, https:\/\/static-blogs.diariosur.es\/wp-content\/uploads\/sites\/12\/2024\/07\/2-1-640x389.jpg 640w, https:\/\/static-blogs.diariosur.es\/wp-content\/uploads\/sites\/12\/2024\/07\/2-1-768x467.jpg 768w\" sizes=\"(max-width: 916px) 100vw, 916px\" \/><\/a><\/p>\n<p>Agencia Estatal de Meteorolog\u00eda Aviso especial de fen\u00f3menos adversos n\u00famero 03\/2024.<\/p>\n<p>Emitido a las 13:19 del martes 16 de julio de 2024 1.-Fen\u00f3meno meteorol\u00f3gico: Ola de calor 2.-\u00c1mbito geogr\u00e1fico: Pen\u00ednsula, excepto cuadrante noroeste y \u00e1rea cant\u00e1brica 3.-Comienzo de la situaci\u00f3n: Jueves 18 4.-Duraci\u00f3n: Al menos hasta el s\u00e1bado 20 5.-Grado de probabilidad: Alto (80 %) 6.-Descripci\u00f3n de la situaci\u00f3n meteorol\u00f3gica: Un amplio anticicl\u00f3n en niveles medios y altos, situado en estos momentos en el interior de Argelia, se intensificar\u00e1 y extender\u00e1 durante los pr\u00f3ximos d\u00edas hacia el oeste, induciendo as\u00ed, a partir de ma\u00f1ana mi\u00e9rcoles 17, un flujo de componente sur, que introducir\u00e1, sobre la Pen\u00ednsula y Baleares, una masa de aire muy c\u00e1lido, seco y estable. La presencia de esta masa de aire, junto con la elevada insolaci\u00f3n asociada a una situaci\u00f3n de gran estabilidad atmosf\u00e9rica, provocar\u00e1 un ascenso generalizado y progresivo de las temperaturas en buena parte del \u00e1rea peninsular, principalmente entre el jueves y el fin de semana, y que dar\u00e1 lugar a unos valores t\u00e9rmicos m\u00e1s altos que los habituales en estas fechas, salvo en el noroeste peninsular y \u00e1rea cant\u00e1brica donde habr\u00e1 un flujo atl\u00e1ntico, m\u00e1s fresco. Las zonas m\u00e1s afectadas ser\u00e1n la mitad sur y el cuadrante noreste de la Pen\u00ednsula, donde se espera que desde el jueves 18 se superen de forma bastante generalizada los 38 oC, alcanzando los 40-42 oC en zonas de los valles del Guadiana, del Tajo y del Ebro; e incluso los 42-44 oC en el valle del Guadalquivir. El d\u00eda \u00e1lgido de este episodio ser\u00e1 el viernes 19, cuando los valores superiores a los 40 oC puedan darse de forma m\u00e1s extensa en las zonas anteriormente citadas. De forma menos intensa las temperaturas tambi\u00e9n ser\u00e1n altas en la meseta Norte e interior de Mallorca, donde se alcanzar\u00e1n los 36 oC y puntualmente los 38 oC. Adem\u00e1s, la irrupci\u00f3n de esta masa de aire muy c\u00e1lida y seca desde el norte de \u00c1frica vendr\u00e1 acompa\u00f1ada de polvo en suspensi\u00f3n, que dar\u00e1 lugar probablemente a la presencia de calima en gran parte de la mitad sur y este peninsular durante jueves y viernes. A partir del s\u00e1bado, d\u00eda 20, es probable que la entrada de una masa de aire atl\u00e1ntica m\u00e1s fresca de lugar a un descenso t\u00e9rmico en la vertiente atl\u00e1ntica peninsular, pero todav\u00eda se mantendr\u00e1n las temperaturas bastante altas, principalmente en el tercio este peninsular donde el viento de componente oeste provocar\u00e1 un aumento adicional, con m\u00e1ximas que pueden alcanzar los 42-44 oC en los valles del Ebro, el J\u00facar y el Segura.<\/p>\n<p>Las temperaturas m\u00ednimas tambi\u00e9n ser\u00e1n elevadas durante este episodio, en el que no bajar\u00e1n de los 24 oC en amplias zonas del sureste y, de forma m\u00e1s puntual, en otras \u00e1reas de la mitad sur peninsular y depresiones del noreste, principalmente durante el viernes 19 y el s\u00e1bado 20. Durante el domingo 21, se prev\u00e9 que el descenso t\u00e9rmico iniciado el s\u00e1bado se traslade al \u00e1rea cant\u00e1brica y cuadrante nordeste peninsular, pudiendo ser acusado especialmente en torno al valle del Ebro. En el resto de la Pen\u00ednsula y Baleares, las temperaturas seguir\u00edan descendiendo de forma ligera, excepto en litorales del sureste donde podr\u00edan ascender. A partir del lunes 22, aumenta la incertidumbre de la situaci\u00f3n meteorol\u00f3gica por lo que es dif\u00edcil precisar el fin de este episodio de ola de calor. Con la informaci\u00f3n actual, el escenario m\u00e1s probable indicar\u00eda un nuevo ascenso de las temperaturas, que podr\u00eda prolongarse hasta mediados de semana. En cuanto a Canarias, la masa de aire sahariano tambi\u00e9n afectar\u00e1 al archipi\u00e9lago, con una subida progresiva de temperaturas. En este caso no se espera que este episodio conforme una ola de calor, pero s\u00ed de temperaturas significativamente elevadas. Las zonas m\u00e1s afectadas ser\u00e1n median\u00edas y cumbres en vertientes sur, con temperaturas que superar\u00e1n los 34 oC, esper\u00e1ndose como probable d\u00eda \u00e1lgido el viernes, cuando incluso los valores podr\u00e1n los 36-38 oC en el sur de Gran Canaria. A partir del s\u00e1bado es probable que se inicie un descenso t\u00e9rmico que se prolongar\u00eda durante el domingo, volviendo a valores m\u00e1s habituales para la \u00e9poca del a\u00f1o.<\/p>\n<p>Os dejo con esta bonita foto de mi amigo\u00a0Antonio Ruiz-Molero P\u00e9rez. Ya queda menos para el oto\u00f1o.<\/p>\n<p>&nbsp;<\/p>\n<p><a href=\"https:\/\/static-blogs.diariosur.es\/wp-content\/uploads\/sites\/12\/2024\/06\/449191712_10229094857175027_5673079123019311639_n.jpg\"><img loading=\"lazy\" class=\"aligncenter size-full wp-image-41078\" src=\"https:\/\/static-blogs.diariosur.es\/wp-content\/uploads\/sites\/12\/2024\/06\/449191712_10229094857175027_5673079123019311639_n.jpg\" alt=\"\" width=\"800\" height=\"600\" srcset=\"https:\/\/static-blogs.diariosur.es\/wp-content\/uploads\/sites\/12\/2024\/06\/449191712_10229094857175027_5673079123019311639_n.jpg 800w, https:\/\/static-blogs.diariosur.es\/wp-content\/uploads\/sites\/12\/2024\/06\/449191712_10229094857175027_5673079123019311639_n-533x400.jpg 533w, https:\/\/static-blogs.diariosur.es\/wp-content\/uploads\/sites\/12\/2024\/06\/449191712_10229094857175027_5673079123019311639_n-768x576.jpg 768w\" sizes=\"(max-width: 800px) 100vw, 800px\" \/><\/a><\/p>\n<p>&nbsp;<\/p>\n","protected":false},"excerpt":{"rendered":"<p>Buenas tardes, amigos de la meteo. La aemet activa el aviso especial por ola de calor. &nbsp; &nbsp; Agencia Estatal de Meteorolog\u00eda Aviso especial de fen\u00f3menos adversos n\u00famero 03\/2024. Emitido a las 13:19 del martes 16 de julio de 2024 1.-Fen\u00f3meno meteorol\u00f3gico: Ola de calor 2.-\u00c1mbito geogr\u00e1fico: Pen\u00ednsula, excepto cuadrante noroeste y \u00e1rea cant\u00e1brica 3.-Comienzo [&hellip;]<\/p>\n","protected":false},"author":16,"featured_media":41081,"comment_status":"open","ping_status":"open","sticky":false,"template":"","format":"standard","meta":[],"categories":[2],"tags":[151,212,358,375,676,732,872],"_links":{"self":[{"href":"https:\/\/blogs.diariosur.es\/tormentas-y-rayos\/wp-json\/wp\/v2\/posts\/41247"}],"collection":[{"href":"https:\/\/blogs.diariosur.es\/tormentas-y-rayos\/wp-json\/wp\/v2\/posts"}],"about":[{"href":"https:\/\/blogs.diariosur.es\/tormentas-y-rayos\/wp-json\/wp\/v2\/types\/post"}],"author":[{"embeddable":true,"href":"https:\/\/blogs.diariosur.es\/tormentas-y-rayos\/wp-json\/wp\/v2\/users\/16"}],"replies":[{"embeddable":true,"href":"https:\/\/blogs.diariosur.es\/tormentas-y-rayos\/wp-json\/wp\/v2\/comments?post=41247"}],"version-history":[{"count":1,"href":"https:\/\/blogs.diariosur.es\/tormentas-y-rayos\/wp-json\/wp\/v2\/posts\/41247\/revisions"}],"predecessor-version":[{"id":41251,"href":"https:\/\/blogs.diariosur.es\/tormentas-y-rayos\/wp-json\/wp\/v2\/posts\/41247\/revisions\/41251"}],"wp:featuredmedia":[{"embeddable":true,"href":"https:\/\/blogs.diariosur.es\/tormentas-y-rayos\/wp-json\/wp\/v2\/media\/41081"}],"wp:attachment":[{"href":"https:\/\/blogs.diariosur.es\/tormentas-y-rayos\/wp-json\/wp\/v2\/media?parent=41247"}],"wp:term":[{"taxonomy":"category","embeddable":true,"href":"https:\/\/blogs.diariosur.es\/tormentas-y-rayos\/wp-json\/wp\/v2\/categories?post=41247"},{"taxonomy":"post_tag","embeddable":true,"href":"https:\/\/blogs.diariosur.es\/tormentas-y-rayos\/wp-json\/wp\/v2\/tags?post=41247"}],"curies":[{"name":"wp","href":"https:\/\/api.w.org\/{rel}","templated":true}]}}