{"id":41252,"date":"2024-07-17T07:56:33","date_gmt":"2024-07-17T05:56:33","guid":{"rendered":"https:\/\/blogs.diariosur.es\/tormentas-y-rayos\/?p=41252"},"modified":"2025-11-10T11:15:27","modified_gmt":"2025-11-10T10:15:27","slug":"la-ola-de-calor-vendra-acompanada-de-calima-en-andalucia","status":"publish","type":"post","link":"https:\/\/blogs.diariosur.es\/tormentas-y-rayos\/2024\/07\/17\/la-ola-de-calor-vendra-acompanada-de-calima-en-andalucia\/","title":{"rendered":"La ola de calor vendr\u00e1 acompa\u00f1ada de calima en Andaluc\u00eda."},"content":{"rendered":"<p><a href=\"https:\/\/static-blogs.diariosur.es\/wp-content\/uploads\/sites\/12\/2024\/02\/379337914_10227628075666406_6248628726251100327_n.jpg\"><img loading=\"lazy\" class=\"aligncenter size-thumbnail wp-image-39879\" src=\"https:\/\/static-blogs.diariosur.es\/wp-content\/uploads\/sites\/12\/2024\/02\/379337914_10227628075666406_6248628726251100327_n-150x150.jpg\" alt=\"\" width=\"150\" height=\"150\" \/><\/a><\/p>\n<p data-pm-slice=\"1 1 []\">Buenos d\u00edas, amigos de la meteo. Cuando son las siete de la ma\u00f1ana en M\u00e1laga capital, el aeropuerto registra 23.4 \u00b0C, el viento sopla flojo de direcci\u00f3n variable y los cielos est\u00e1n despejados con un poco de polvo en suspensi\u00f3n.<\/p>\n<p>Ayer se cumplieron los pron\u00f3sticos y el terral despu\u00e9s del mediod\u00eda se quit\u00f3 de la capital malague\u00f1a. La temperatura m\u00e1xima en la capital la registr\u00f3 el Centro Meteorol\u00f3gico con 37.4 \u00b0C, seguida del Aeropuerto con 36.4 \u00b0C y Puerto con 34.4 \u00b0C. En el interior del Valle del Guadalhorce, en algunos puntos llegaron a 39 \u00b0C.<\/p>\n<p>Como os comento en el t\u00edtulo del post, la primera ola de calor del verano vendr\u00e1 acompa\u00f1ada de polvo en suspensi\u00f3n en Andaluc\u00eda, algo normal al ser una masa de aire muy c\u00e1lida y seca de procedencia africana. La concentraci\u00f3n de calima ser\u00e1 alta, pero no hay que preocuparse porque no llover\u00e1. A partir del s\u00e1bado, la calima ir\u00e1 a menos.<\/p>\n<p>Os paso los mapas de avisos de la Aemet para ma\u00f1ana jueves y el viernes; este d\u00eda se activa el aviso amarillo por altas temperaturas de 39 \u00baC en las comarcas de Ronda y Antequera. De momento, la costa malague\u00f1a se libra.<\/p>\n<p>JUEVES<\/p>\n<p>&nbsp;<\/p>\n<p><a href=\"https:\/\/static-blogs.diariosur.es\/wp-content\/uploads\/sites\/12\/2024\/07\/JUEVES.jpg\"><img loading=\"lazy\" class=\"aligncenter size-full wp-image-41256\" src=\"https:\/\/static-blogs.diariosur.es\/wp-content\/uploads\/sites\/12\/2024\/07\/JUEVES.jpg\" alt=\"\" width=\"866\" height=\"686\" srcset=\"https:\/\/static-blogs.diariosur.es\/wp-content\/uploads\/sites\/12\/2024\/07\/JUEVES.jpg 866w, https:\/\/static-blogs.diariosur.es\/wp-content\/uploads\/sites\/12\/2024\/07\/JUEVES-505x400.jpg 505w, https:\/\/static-blogs.diariosur.es\/wp-content\/uploads\/sites\/12\/2024\/07\/JUEVES-768x608.jpg 768w\" sizes=\"(max-width: 866px) 100vw, 866px\" \/><\/a><\/p>\n<p>&nbsp;<\/p>\n<p>VIERNES<\/p>\n<p>&nbsp;<\/p>\n<p><a href=\"https:\/\/static-blogs.diariosur.es\/wp-content\/uploads\/sites\/12\/2024\/07\/VIERNES.jpg\"><img loading=\"lazy\" class=\"aligncenter size-full wp-image-41257\" src=\"https:\/\/static-blogs.diariosur.es\/wp-content\/uploads\/sites\/12\/2024\/07\/VIERNES.jpg\" alt=\"\" width=\"867\" height=\"682\" srcset=\"https:\/\/static-blogs.diariosur.es\/wp-content\/uploads\/sites\/12\/2024\/07\/VIERNES.jpg 867w, https:\/\/static-blogs.diariosur.es\/wp-content\/uploads\/sites\/12\/2024\/07\/VIERNES-509x400.jpg 509w, https:\/\/static-blogs.diariosur.es\/wp-content\/uploads\/sites\/12\/2024\/07\/VIERNES-768x604.jpg 768w\" sizes=\"(max-width: 867px) 100vw, 867px\" \/><\/a><\/p>\n<p>&nbsp;<\/p>\n<p>&nbsp;<\/p>\n<p data-pm-slice=\"1 1 []\">Las temperaturas m\u00e1s altas en la provincia de M\u00e1laga se dar\u00e1n en conjunto el s\u00e1bado y el domingo; ma\u00f1ana por la tarde confirmar\u00e9 el probable terral en las zonas habituales para el fin de semana. No espero rachas muy fuertes de poniente y terral.<\/p>\n<p>La temperatura del agua del mar est\u00e1 hoy a 21.3\u00b0C.<\/p>\n<p>Os dejo con la tabla de sensaci\u00f3n t\u00e9rmica por calor por la humedad.<\/p>\n<p>&nbsp;<\/p>\n<p>&nbsp;<\/p>\n<p><a href=\"https:\/\/static-blogs.diariosur.es\/wp-content\/uploads\/sites\/12\/2024\/07\/451875248_7775716122477314_211803874653446766_n.jpg\"><img loading=\"lazy\" class=\"aligncenter size-full wp-image-41259\" src=\"https:\/\/static-blogs.diariosur.es\/wp-content\/uploads\/sites\/12\/2024\/07\/451875248_7775716122477314_211803874653446766_n.jpg\" alt=\"\" width=\"1046\" height=\"763\" srcset=\"https:\/\/static-blogs.diariosur.es\/wp-content\/uploads\/sites\/12\/2024\/07\/451875248_7775716122477314_211803874653446766_n.jpg 1046w, https:\/\/static-blogs.diariosur.es\/wp-content\/uploads\/sites\/12\/2024\/07\/451875248_7775716122477314_211803874653446766_n-548x400.jpg 548w, https:\/\/static-blogs.diariosur.es\/wp-content\/uploads\/sites\/12\/2024\/07\/451875248_7775716122477314_211803874653446766_n-768x560.jpg 768w\" sizes=\"(max-width: 1046px) 100vw, 1046px\" \/><\/a><\/p>\n","protected":false},"excerpt":{"rendered":"<p>Buenos d\u00edas, amigos de la meteo. Cuando son las siete de la ma\u00f1ana en M\u00e1laga capital, el aeropuerto registra 23.4 \u00b0C, el viento sopla flojo de direcci\u00f3n variable y los cielos est\u00e1n despejados con un poco de polvo en suspensi\u00f3n. Ayer se cumplieron los pron\u00f3sticos y el terral despu\u00e9s del mediod\u00eda se quit\u00f3 de la [&hellip;]<\/p>\n","protected":false},"author":16,"featured_media":41258,"comment_status":"open","ping_status":"open","sticky":false,"template":"","format":"standard","meta":[],"categories":[2],"tags":[1943,100,151,209,212,358,375,676,732,789,872,947,962],"_links":{"self":[{"href":"https:\/\/blogs.diariosur.es\/tormentas-y-rayos\/wp-json\/wp\/v2\/posts\/41252"}],"collection":[{"href":"https:\/\/blogs.diariosur.es\/tormentas-y-rayos\/wp-json\/wp\/v2\/posts"}],"about":[{"href":"https:\/\/blogs.diariosur.es\/tormentas-y-rayos\/wp-json\/wp\/v2\/types\/post"}],"author":[{"embeddable":true,"href":"https:\/\/blogs.diariosur.es\/tormentas-y-rayos\/wp-json\/wp\/v2\/users\/16"}],"replies":[{"embeddable":true,"href":"https:\/\/blogs.diariosur.es\/tormentas-y-rayos\/wp-json\/wp\/v2\/comments?post=41252"}],"version-history":[{"count":9,"href":"https:\/\/blogs.diariosur.es\/tormentas-y-rayos\/wp-json\/wp\/v2\/posts\/41252\/revisions"}],"predecessor-version":[{"id":47468,"href":"https:\/\/blogs.diariosur.es\/tormentas-y-rayos\/wp-json\/wp\/v2\/posts\/41252\/revisions\/47468"}],"wp:featuredmedia":[{"embeddable":true,"href":"https:\/\/blogs.diariosur.es\/tormentas-y-rayos\/wp-json\/wp\/v2\/media\/41258"}],"wp:attachment":[{"href":"https:\/\/blogs.diariosur.es\/tormentas-y-rayos\/wp-json\/wp\/v2\/media?parent=41252"}],"wp:term":[{"taxonomy":"category","embeddable":true,"href":"https:\/\/blogs.diariosur.es\/tormentas-y-rayos\/wp-json\/wp\/v2\/categories?post=41252"},{"taxonomy":"post_tag","embeddable":true,"href":"https:\/\/blogs.diariosur.es\/tormentas-y-rayos\/wp-json\/wp\/v2\/tags?post=41252"}],"curies":[{"name":"wp","href":"https:\/\/api.w.org\/{rel}","templated":true}]}}