{"id":41265,"date":"2024-07-18T07:53:35","date_gmt":"2024-07-18T05:53:35","guid":{"rendered":"https:\/\/blogs.diariosur.es\/tormentas-y-rayos\/?p=41265"},"modified":"2025-11-10T11:11:45","modified_gmt":"2025-11-10T10:11:45","slug":"jueves-y-viernes-calor-pegajoso-y-sudor-en-malaga-el-fin-de-semana-llega-el-terral-y-se-quita-la-calima","status":"publish","type":"post","link":"https:\/\/blogs.diariosur.es\/tormentas-y-rayos\/2024\/07\/18\/jueves-y-viernes-calor-pegajoso-y-sudor-en-malaga-el-fin-de-semana-llega-el-terral-y-se-quita-la-calima\/","title":{"rendered":"Jueves y viernes calor pegajoso y sudor en M\u00e1laga. El fin de semana llega el terral y se quita la calima."},"content":{"rendered":"<p><a href=\"https:\/\/static-blogs.diariosur.es\/wp-content\/uploads\/sites\/12\/2023\/09\/375323357_10227521084351690_5428862938073510864_n.jpg\"><img loading=\"lazy\" class=\"aligncenter size-thumbnail wp-image-38274\" src=\"https:\/\/static-blogs.diariosur.es\/wp-content\/uploads\/sites\/12\/2023\/09\/375323357_10227521084351690_5428862938073510864_n-150x150.jpg\" alt=\"\" width=\"150\" height=\"150\" \/><\/a><\/p>\n<p data-pm-slice=\"1 1 []\">Buenos d\u00edas, por decir algo, amigos de la meteo. Cuando son las seis y media de la ma\u00f1ana en M\u00e1laga capital, el Aeropuerto registra 25.2\u00b0C, la humedad ronda el 85% y los cielos est\u00e1n con calima y nubes bajas. Como pod\u00e9is ver en este v\u00eddeo.<\/p>\n<p>&nbsp;<\/p>\n<p><iframe loading=\"lazy\" title=\"YouTube video player\" src=\"https:\/\/www.youtube.com\/embed\/YdvE7zVbTec?si=MUGuvi8ovL9AMSqE\" width=\"560\" height=\"315\" frameborder=\"0\" allowfullscreen=\"allowfullscreen\"><\/iframe><\/p>\n<p>&nbsp;<\/p>\n<p>&nbsp;<\/p>\n<p data-pm-slice=\"1 1 []\">Hoy jueves y ma\u00f1ana viernes el calor pegajoso y el sudor ser\u00e1n protagonistas; la temperatura del agua del mar ya no refrescar\u00e1 como en d\u00edas pasados; ayer rondaba en la costa malague\u00f1a los 23 y 25\u00b0C. As\u00ed que prepararse para la pr\u00f3xima madrugada con ventilador o aire acondicionado; costar\u00e1 conciliar el sue\u00f1o.<\/p>\n<p>Os paso los avisos actualizados de la AEMET para hoy jueves.<\/p>\n<p>&nbsp;<\/p>\n<p>&nbsp;<\/p>\n<p><a href=\"https:\/\/static-blogs.diariosur.es\/wp-content\/uploads\/sites\/12\/2024\/07\/a.jpg\"><img loading=\"lazy\" class=\"aligncenter size-full wp-image-41270\" src=\"https:\/\/static-blogs.diariosur.es\/wp-content\/uploads\/sites\/12\/2024\/07\/a.jpg\" alt=\"\" width=\"863\" height=\"681\" srcset=\"https:\/\/static-blogs.diariosur.es\/wp-content\/uploads\/sites\/12\/2024\/07\/a.jpg 863w, https:\/\/static-blogs.diariosur.es\/wp-content\/uploads\/sites\/12\/2024\/07\/a-507x400.jpg 507w, https:\/\/static-blogs.diariosur.es\/wp-content\/uploads\/sites\/12\/2024\/07\/a-768x606.jpg 768w\" sizes=\"(max-width: 863px) 100vw, 863px\" \/><\/a><\/p>\n<p>&nbsp;<\/p>\n<p>&nbsp;<\/p>\n<p data-pm-slice=\"1 1 []\">Ma\u00f1ana viernes entran en aviso amarillo por altas temperaturas de <strong>39 \u00baC<\/strong> las comarcas de Antequera y Ronda. Os paso el mapa actualizado de avisos por altas temperaturas en Espa\u00f1a. En algunos puntos de la campi\u00f1a cordobesa y sevillana pueden llegar a los <strong>44 \u00baC.<\/strong><\/p>\n<p>&nbsp;<\/p>\n<p>&nbsp;<\/p>\n<p><a href=\"https:\/\/static-blogs.diariosur.es\/wp-content\/uploads\/sites\/12\/2024\/07\/z.jpg\"><img loading=\"lazy\" class=\"aligncenter size-full wp-image-41268\" src=\"https:\/\/static-blogs.diariosur.es\/wp-content\/uploads\/sites\/12\/2024\/07\/z.jpg\" alt=\"\" width=\"871\" height=\"678\" srcset=\"https:\/\/static-blogs.diariosur.es\/wp-content\/uploads\/sites\/12\/2024\/07\/z.jpg 871w, https:\/\/static-blogs.diariosur.es\/wp-content\/uploads\/sites\/12\/2024\/07\/z-514x400.jpg 514w, https:\/\/static-blogs.diariosur.es\/wp-content\/uploads\/sites\/12\/2024\/07\/z-768x598.jpg 768w\" sizes=\"(max-width: 871px) 100vw, 871px\" \/><\/a><\/p>\n<p>&nbsp;<\/p>\n<p data-pm-slice=\"1 1 []\">El fin de semana llega el terral a las zonas habituales de la provincia malague\u00f1a; de momento se ha activado el aviso amarillo para el s\u00e1bado por m\u00e1ximas de <strong>38 \u00baC <\/strong>en Sol y Guadalhorce; ma\u00f1ana se sabr\u00e1 el aviso para el domingo.\u00a0 Es muy probable que en nuevas actualizaciones se active el aviso en la Axarqu\u00eda. Debido al rol de los vientos de componente oeste, <strong>se quitar\u00e1 la calima<\/strong> el s\u00e1bado.<\/p>\n<p>Esta noche os dar\u00e9 la \u00faltima hora del probable terral, si entra el s\u00e1bado por la ma\u00f1ana o por la tarde. Ya veremos si llegamos a los 40 grados y entramos en aviso naranja. El umbral para activar el aviso naranja en Sol, Guadalhorce y Axarqu\u00eda es de 39 \u00baC; el rojo, a partir de 42 \u00baC.<\/p>\n<p>Os dejo con el mapa de avisos para el s\u00e1bado. Fuente Aemet y la tabla de sensaci\u00f3n t\u00e9rmica de temperatura por humedad.<\/p>\n<p>&nbsp;<\/p>\n<p><a href=\"https:\/\/static-blogs.diariosur.es\/wp-content\/uploads\/sites\/12\/2024\/07\/Captura-de-pantalla-2024-07-18-071822.jpg\"><img loading=\"lazy\" class=\"aligncenter size-full wp-image-41269\" src=\"https:\/\/static-blogs.diariosur.es\/wp-content\/uploads\/sites\/12\/2024\/07\/Captura-de-pantalla-2024-07-18-071822.jpg\" alt=\"\" width=\"863\" height=\"682\" srcset=\"https:\/\/static-blogs.diariosur.es\/wp-content\/uploads\/sites\/12\/2024\/07\/Captura-de-pantalla-2024-07-18-071822.jpg 863w, https:\/\/static-blogs.diariosur.es\/wp-content\/uploads\/sites\/12\/2024\/07\/Captura-de-pantalla-2024-07-18-071822-506x400.jpg 506w, https:\/\/static-blogs.diariosur.es\/wp-content\/uploads\/sites\/12\/2024\/07\/Captura-de-pantalla-2024-07-18-071822-768x607.jpg 768w\" sizes=\"(max-width: 863px) 100vw, 863px\" \/><\/a><\/p>\n<p>&nbsp;<\/p>\n<p>&nbsp;<\/p>\n<p><a href=\"https:\/\/static-blogs.diariosur.es\/wp-content\/uploads\/sites\/12\/2024\/07\/451875248_7775716122477314_211803874653446766_n.jpg\"><img loading=\"lazy\" class=\"aligncenter size-full wp-image-41259\" src=\"https:\/\/static-blogs.diariosur.es\/wp-content\/uploads\/sites\/12\/2024\/07\/451875248_7775716122477314_211803874653446766_n.jpg\" alt=\"\" width=\"1046\" height=\"763\" srcset=\"https:\/\/static-blogs.diariosur.es\/wp-content\/uploads\/sites\/12\/2024\/07\/451875248_7775716122477314_211803874653446766_n.jpg 1046w, https:\/\/static-blogs.diariosur.es\/wp-content\/uploads\/sites\/12\/2024\/07\/451875248_7775716122477314_211803874653446766_n-548x400.jpg 548w, https:\/\/static-blogs.diariosur.es\/wp-content\/uploads\/sites\/12\/2024\/07\/451875248_7775716122477314_211803874653446766_n-768x560.jpg 768w\" sizes=\"(max-width: 1046px) 100vw, 1046px\" \/><\/a><\/p>\n<p>&nbsp;<\/p>\n","protected":false},"excerpt":{"rendered":"<p>Buenos d\u00edas, por decir algo, amigos de la meteo. Cuando son las seis y media de la ma\u00f1ana en M\u00e1laga capital, el Aeropuerto registra 25.2\u00b0C, la humedad ronda el 85% y los cielos est\u00e1n con calima y nubes bajas. Como pod\u00e9is ver en este v\u00eddeo. &nbsp; &nbsp; &nbsp; Hoy jueves y ma\u00f1ana viernes el calor [&hellip;]<\/p>\n","protected":false},"author":16,"featured_media":41267,"comment_status":"open","ping_status":"open","sticky":false,"template":"","format":"standard","meta":[],"categories":[2],"tags":[81,100,151,209,212,375,676,732,962,975],"_links":{"self":[{"href":"https:\/\/blogs.diariosur.es\/tormentas-y-rayos\/wp-json\/wp\/v2\/posts\/41265"}],"collection":[{"href":"https:\/\/blogs.diariosur.es\/tormentas-y-rayos\/wp-json\/wp\/v2\/posts"}],"about":[{"href":"https:\/\/blogs.diariosur.es\/tormentas-y-rayos\/wp-json\/wp\/v2\/types\/post"}],"author":[{"embeddable":true,"href":"https:\/\/blogs.diariosur.es\/tormentas-y-rayos\/wp-json\/wp\/v2\/users\/16"}],"replies":[{"embeddable":true,"href":"https:\/\/blogs.diariosur.es\/tormentas-y-rayos\/wp-json\/wp\/v2\/comments?post=41265"}],"version-history":[{"count":6,"href":"https:\/\/blogs.diariosur.es\/tormentas-y-rayos\/wp-json\/wp\/v2\/posts\/41265\/revisions"}],"predecessor-version":[{"id":47465,"href":"https:\/\/blogs.diariosur.es\/tormentas-y-rayos\/wp-json\/wp\/v2\/posts\/41265\/revisions\/47465"}],"wp:featuredmedia":[{"embeddable":true,"href":"https:\/\/blogs.diariosur.es\/tormentas-y-rayos\/wp-json\/wp\/v2\/media\/41267"}],"wp:attachment":[{"href":"https:\/\/blogs.diariosur.es\/tormentas-y-rayos\/wp-json\/wp\/v2\/media?parent=41265"}],"wp:term":[{"taxonomy":"category","embeddable":true,"href":"https:\/\/blogs.diariosur.es\/tormentas-y-rayos\/wp-json\/wp\/v2\/categories?post=41265"},{"taxonomy":"post_tag","embeddable":true,"href":"https:\/\/blogs.diariosur.es\/tormentas-y-rayos\/wp-json\/wp\/v2\/tags?post=41265"}],"curies":[{"name":"wp","href":"https:\/\/api.w.org\/{rel}","templated":true}]}}