{"id":41277,"date":"2024-07-18T23:15:37","date_gmt":"2024-07-18T21:15:37","guid":{"rendered":"https:\/\/blogs.diariosur.es\/tormentas-y-rayos\/?p=41277"},"modified":"2025-11-10T11:13:34","modified_gmt":"2025-11-10T10:13:34","slug":"ultima-hora-del-terral-del-sabado-y-domingo-en-malaga-capital","status":"publish","type":"post","link":"https:\/\/blogs.diariosur.es\/tormentas-y-rayos\/2024\/07\/18\/ultima-hora-del-terral-del-sabado-y-domingo-en-malaga-capital\/","title":{"rendered":"\u00daltima hora del terral del s\u00e1bado y domingo en M\u00e1laga capital."},"content":{"rendered":"<p><a href=\"https:\/\/static-blogs.diariosur.es\/wp-content\/uploads\/sites\/12\/2024\/05\/444912498_10228884468795449_97962860407814916_n.jpg\"><img loading=\"lazy\" class=\"aligncenter size-thumbnail wp-image-40751\" src=\"https:\/\/static-blogs.diariosur.es\/wp-content\/uploads\/sites\/12\/2024\/05\/444912498_10228884468795449_97962860407814916_n-150x150.jpg\" alt=\"\" width=\"150\" height=\"150\" \/><\/a><\/p>\n<p data-pm-slice=\"1 1 []\">Buenas noches, amigos de la meteo. Durante unos d\u00edas no actualizar\u00e9 el blog; me cojo unos d\u00edas de vacaciones para disfrutar de Galicia. En las redes s\u00ed entrar\u00e9 de vez en cuando con algunas fotos de este bonito lugar.<\/p>\n<p>La meteorolog\u00eda siempre dando sorpresas: esta tarde se han registrado tormentas fuertes en algunos puntos de las provincias de Ja\u00e9n e interior de Granada. Adem\u00e1s, lo m\u00e1s sorpresivo es que de las ocho capitales andaluzas, solamente Granada Aeropuerto ha llegado a 39.3\u00b0C; las dem\u00e1s, ni a 37. Esto puede traer consigo que esta primera ola de calor de 2024 no se catalogue como tal; esto lo sabremos cuando la AEMET haga el estudio al terminar el verano.<\/p>\n<p><span style=\"color: #ff0000;\"><strong>Dicho esto, os doy la \u00faltima hora del probable terral del s\u00e1bado y el domingo en la capital malague\u00f1a.<\/strong><\/span><\/p>\n<p data-pm-slice=\"1 1 []\">Con los modelos actualizados, es muy probable que el terral <strong>entre a \u00faltima hora de la tarde en M\u00e1laga capital<\/strong>; lo har\u00e1 antes en el Valle del Guadalhorce; en esta zona se dar\u00e1n las m\u00e1ximas m\u00e1s altas; rondar\u00e1n los 38 y 40 grados. En M\u00e1laga capital no espero una temperatura muy alta, sobre los 35 o 37 grados, siempre y cuando entre el terral a la hora prevista.<\/p>\n<p>El domingo s\u00ed tendremos terral desde primeras horas; el domingo es probable que M\u00e1laga capital se aproxime a los 38 \u00b0C.<\/p>\n<p>Hasta el mi\u00e9rcoles que viene.<\/p>\n<p>&nbsp;<\/p>\n<p>&nbsp;<\/p>\n<p>&nbsp;<\/p>\n","protected":false},"excerpt":{"rendered":"<p>Buenas noches, amigos de la meteo. Durante unos d\u00edas no actualizar\u00e9 el blog; me cojo unos d\u00edas de vacaciones para disfrutar de Galicia. En las redes s\u00ed entrar\u00e9 de vez en cuando con algunas fotos de este bonito lugar. La meteorolog\u00eda siempre dando sorpresas: esta tarde se han registrado tormentas fuertes en algunos puntos de [&hellip;]<\/p>\n","protected":false},"author":16,"featured_media":39310,"comment_status":"open","ping_status":"open","sticky":false,"template":"","format":"standard","meta":[],"categories":[2],"tags":[94,151,358,587,676,975],"_links":{"self":[{"href":"https:\/\/blogs.diariosur.es\/tormentas-y-rayos\/wp-json\/wp\/v2\/posts\/41277"}],"collection":[{"href":"https:\/\/blogs.diariosur.es\/tormentas-y-rayos\/wp-json\/wp\/v2\/posts"}],"about":[{"href":"https:\/\/blogs.diariosur.es\/tormentas-y-rayos\/wp-json\/wp\/v2\/types\/post"}],"author":[{"embeddable":true,"href":"https:\/\/blogs.diariosur.es\/tormentas-y-rayos\/wp-json\/wp\/v2\/users\/16"}],"replies":[{"embeddable":true,"href":"https:\/\/blogs.diariosur.es\/tormentas-y-rayos\/wp-json\/wp\/v2\/comments?post=41277"}],"version-history":[{"count":8,"href":"https:\/\/blogs.diariosur.es\/tormentas-y-rayos\/wp-json\/wp\/v2\/posts\/41277\/revisions"}],"predecessor-version":[{"id":47467,"href":"https:\/\/blogs.diariosur.es\/tormentas-y-rayos\/wp-json\/wp\/v2\/posts\/41277\/revisions\/47467"}],"wp:featuredmedia":[{"embeddable":true,"href":"https:\/\/blogs.diariosur.es\/tormentas-y-rayos\/wp-json\/wp\/v2\/media\/39310"}],"wp:attachment":[{"href":"https:\/\/blogs.diariosur.es\/tormentas-y-rayos\/wp-json\/wp\/v2\/media?parent=41277"}],"wp:term":[{"taxonomy":"category","embeddable":true,"href":"https:\/\/blogs.diariosur.es\/tormentas-y-rayos\/wp-json\/wp\/v2\/categories?post=41277"},{"taxonomy":"post_tag","embeddable":true,"href":"https:\/\/blogs.diariosur.es\/tormentas-y-rayos\/wp-json\/wp\/v2\/tags?post=41277"}],"curies":[{"name":"wp","href":"https:\/\/api.w.org\/{rel}","templated":true}]}}