{"id":41285,"date":"2024-07-21T19:07:53","date_gmt":"2024-07-21T17:07:53","guid":{"rendered":"https:\/\/blogs.diariosur.es\/tormentas-y-rayos\/?p=41285"},"modified":"2025-11-10T11:08:27","modified_gmt":"2025-11-10T10:08:27","slug":"os-doy-una-buena-noticia-para-la-proxima-madrugada-minigalerna","status":"publish","type":"post","link":"https:\/\/blogs.diariosur.es\/tormentas-y-rayos\/2024\/07\/21\/os-doy-una-buena-noticia-para-la-proxima-madrugada-minigalerna\/","title":{"rendered":"Os doy una buena noticia para la pr\u00f3xima madrugada. Minigalerna."},"content":{"rendered":"<p><a href=\"https:\/\/static-blogs.diariosur.es\/wp-content\/uploads\/sites\/12\/2024\/05\/444912498_10228884468795449_97962860407814916_n.jpg\"><img loading=\"lazy\" class=\"aligncenter size-thumbnail wp-image-40751\" src=\"https:\/\/static-blogs.diariosur.es\/wp-content\/uploads\/sites\/12\/2024\/05\/444912498_10228884468795449_97962860407814916_n-150x150.jpg\" alt=\"\" width=\"150\" height=\"150\" \/><\/a><\/p>\n<p data-pm-slice=\"1 1 []\">Buenas tardes desde O Grobe, amigos de la meteo. Como s\u00e9 que hoy en M\u00e1laga capital lo est\u00e1is pasando muy mal, os doy una buena noticia. Esta pr\u00f3xima madrugada, entre las dos o tres de madrugada, entrar\u00e1 el levante. Con el cambio de viento de terral a levante se esperan rachas fuertes (minigalerna) durante unos minutos. Si estuviera en M\u00e1laga, me iba a la playa para sentirlo.<\/p>\n<p>Que conste que el martes las R\u00edas Baixas entran en aviso amarillo por altas temperaturas; voy a tener de todo: lluvia, viento y al final calor. Me encanta la meteo.<\/p>\n<p>Nos vemos el jueves.<\/p>\n","protected":false},"excerpt":{"rendered":"<p>Buenas tardes desde O Grobe, amigos de la meteo. Como s\u00e9 que hoy en M\u00e1laga capital lo est\u00e1is pasando muy mal, os doy una buena noticia. Esta pr\u00f3xima madrugada, entre las dos o tres de madrugada, entrar\u00e1 el levante. Con el cambio de viento de terral a levante se esperan rachas fuertes (minigalerna) durante unos [&hellip;]<\/p>\n","protected":false},"author":16,"featured_media":38103,"comment_status":"open","ping_status":"open","sticky":false,"template":"","format":"standard","meta":[],"categories":[2],"tags":[94,151,212,553,587,658,676,975],"_links":{"self":[{"href":"https:\/\/blogs.diariosur.es\/tormentas-y-rayos\/wp-json\/wp\/v2\/posts\/41285"}],"collection":[{"href":"https:\/\/blogs.diariosur.es\/tormentas-y-rayos\/wp-json\/wp\/v2\/posts"}],"about":[{"href":"https:\/\/blogs.diariosur.es\/tormentas-y-rayos\/wp-json\/wp\/v2\/types\/post"}],"author":[{"embeddable":true,"href":"https:\/\/blogs.diariosur.es\/tormentas-y-rayos\/wp-json\/wp\/v2\/users\/16"}],"replies":[{"embeddable":true,"href":"https:\/\/blogs.diariosur.es\/tormentas-y-rayos\/wp-json\/wp\/v2\/comments?post=41285"}],"version-history":[{"count":2,"href":"https:\/\/blogs.diariosur.es\/tormentas-y-rayos\/wp-json\/wp\/v2\/posts\/41285\/revisions"}],"predecessor-version":[{"id":47463,"href":"https:\/\/blogs.diariosur.es\/tormentas-y-rayos\/wp-json\/wp\/v2\/posts\/41285\/revisions\/47463"}],"wp:featuredmedia":[{"embeddable":true,"href":"https:\/\/blogs.diariosur.es\/tormentas-y-rayos\/wp-json\/wp\/v2\/media\/38103"}],"wp:attachment":[{"href":"https:\/\/blogs.diariosur.es\/tormentas-y-rayos\/wp-json\/wp\/v2\/media?parent=41285"}],"wp:term":[{"taxonomy":"category","embeddable":true,"href":"https:\/\/blogs.diariosur.es\/tormentas-y-rayos\/wp-json\/wp\/v2\/categories?post=41285"},{"taxonomy":"post_tag","embeddable":true,"href":"https:\/\/blogs.diariosur.es\/tormentas-y-rayos\/wp-json\/wp\/v2\/tags?post=41285"}],"curies":[{"name":"wp","href":"https:\/\/api.w.org\/{rel}","templated":true}]}}