{"id":41288,"date":"2024-07-25T07:46:51","date_gmt":"2024-07-25T05:46:51","guid":{"rendered":"https:\/\/blogs.diariosur.es\/tormentas-y-rayos\/?p=41288"},"modified":"2025-11-10T11:07:23","modified_gmt":"2025-11-10T10:07:23","slug":"terral-o-levante-tatachan-ya-estoy-en-malaga-toca-leer-el-tiempo-fin-de-semana","status":"publish","type":"post","link":"https:\/\/blogs.diariosur.es\/tormentas-y-rayos\/2024\/07\/25\/terral-o-levante-tatachan-ya-estoy-en-malaga-toca-leer-el-tiempo-fin-de-semana\/","title":{"rendered":"\u00bfTerral o Levante? tatachan&#8230;.Ya estoy en M\u00e1laga. Toca leer el tiempo fin de semana."},"content":{"rendered":"<p><a href=\"https:\/\/static-blogs.diariosur.es\/wp-content\/uploads\/sites\/12\/2023\/09\/375323357_10227521084351690_5428862938073510864_n.jpg\"><img loading=\"lazy\" class=\"aligncenter size-thumbnail wp-image-38274\" src=\"https:\/\/static-blogs.diariosur.es\/wp-content\/uploads\/sites\/12\/2023\/09\/375323357_10227521084351690_5428862938073510864_n-150x150.jpg\" alt=\"\" width=\"150\" height=\"150\" \/><\/a><\/p>\n<p data-pm-slice=\"1 1 []\">Buenos d\u00edas, amigos de la meteo. Ya de vuelta de Galicia y con las pilas cargadas. Hemos tenido de todo en esa tierra m\u00e1gica: niebla, lluvia, viento, fresquito y por \u00faltimo calor como el terral.<\/p>\n<p>Cuando son las siete de la ma\u00f1ana en M\u00e1laga capital, la estaci\u00f3n del aeropuerto registra 23.4\u00b0C, la humedad ronda el 45 % y los cielos est\u00e1n despejados. Lo bueno de esta pasada madrugada es que la humedad no ha sido muy alta, con lo cual no hemos sudado mucho.<\/p>\n<p>Hoy jueves la comarca de Antequera est\u00e1 en aviso amarillo por altas temperaturas de 38 grados. En el interior del Valle del Guadalhorce y zona del Valle del Genal, aunque no est\u00e9 en aviso amarillo, pueden llegar a los 35 y 37 \u00baC. En zona de costa y Axarqu\u00eda, entre los 26 y 32 \u00baC.<\/p>\n<p>Ma\u00f1ana viernes bajar\u00e1n las temperaturas m\u00e1ximas en toda la provincia; hay probabilidad de tar\u00f3 y brumas.<\/p>\n<p>Antes de daros la terror\u00edfica predicci\u00f3n del fin de semana, os paso un video y una foto de Pontevedra del s\u00e1bado pasado que nos llovi\u00f3 todo el d\u00eda.<\/p>\n<p>&nbsp;<\/p>\n<p><iframe loading=\"lazy\" title=\"YouTube video player\" src=\"https:\/\/www.youtube.com\/embed\/Rd3LunXxvzk?si=_rTgIyDA06SH3EtS\" width=\"560\" height=\"315\" frameborder=\"0\" allowfullscreen=\"allowfullscreen\"><\/iframe><\/p>\n<p>&nbsp;<\/p>\n<p><a href=\"https:\/\/static-blogs.diariosur.es\/wp-content\/uploads\/sites\/12\/2024\/07\/452690493_10229297701166000_2414503683482082009_n-e1721883377323.jpg\"><img loading=\"lazy\" class=\"aligncenter size-full wp-image-41295\" src=\"https:\/\/static-blogs.diariosur.es\/wp-content\/uploads\/sites\/12\/2024\/07\/452690493_10229297701166000_2414503683482082009_n-e1721883377323.jpg\" alt=\"\" width=\"1200\" height=\"900\" \/><\/a><\/p>\n<p>&nbsp;<\/p>\n<p data-pm-slice=\"1 1 []\"><strong>\u00bfQU\u00c9 TIEMPO HAR\u00c1 EL FIN DE SEMANA EN LA PROVINCIA DE M\u00c1LAGA?<\/strong><\/p>\n<p>Primeramente, daros una buena noticia: no tendremos terral en las zonas habituales de la provincia malague\u00f1a, ni el s\u00e1bado ni el domingo. Incluso no se espera mucho calor por zonas del interior, comparando con los de d\u00edas atr\u00e1s.<\/p>\n<p><span style=\"color: #ff0000;\"><strong>PREDICCI\u00d3N S\u00c1BADO 27<\/strong><\/span><\/p>\n<p>El s\u00e1bado, el viento soplar\u00e1 flojo de direcci\u00f3n variable en toda la provincia de M\u00e1laga. Hay probabilidad de brumas y tar\u00f3 en alta mar. La temperatura del agua del mar rondar\u00e1 los 22 y 23 grados.<\/p>\n<p>Las temperaturas m\u00e1ximas rondar\u00e1n en las comarcas de Antequera y Ronda entre los 30 \u00b0C y 34 \u00b0C. En el interior de la Axarqu\u00eda y el Valle del Guadalhorce, m\u00e1s o menos igual. En zona de costa entre los 25\u00b0C y 30\u00b0C, pero con humedad, que har\u00e1 que la sensaci\u00f3n t\u00e9rmica sea de m\u00e1s calor. Las temperaturas m\u00ednimas durante la madrugada no ayudar\u00e1n a conciliar el sue\u00f1o.<\/p>\n<p>Unas temperaturas m\u00e1ximas en toda la provincia malague\u00f1a l\u00f3gicas para el mes que estamos. Nada de ola de calor.<\/p>\n<p><span style=\"color: #ff0000;\"><strong>PREDICCI\u00d3N DOMINGO 28<\/strong><\/span><\/p>\n<p>El viento soplar\u00e1 de componente este (levante) con rachas de moderadas a fuertes cerca del Estrecho y comarcas de Ronda y Antequera. En las dem\u00e1s zonas el viento ser\u00e1 de flojo a moderado.<\/p>\n<p>Las temperaturas m\u00e1ximas bajar\u00e1n un par de grados en toda la provincia, compar\u00e1ndolas con las del s\u00e1bado. La temperatura del agua del mar rondar\u00e1 entre los 22 y 24 grados, seg\u00fan zonas.<\/p>\n<p>El lunes tampoco se espera terral y probablemente el martes tampoco.<\/p>\n<p>Para que no os quej\u00e9is, os he tra\u00eddo un poquito de &#8220;fresquito&#8221; de Galicia. La lluvia me ha sido imposible; lo siento.<\/p>\n<p>Pero no os hag\u00e1is ilusiones, para la semana que viene es muy probable que llegue yo&#8230; con m\u00e1s de 40 \u00baC. Ya dir\u00e9 qu\u00e9 d\u00eda se espera.<\/p>\n<p>&nbsp;<\/p>\n<p><a href=\"https:\/\/static-blogs.diariosur.es\/wp-content\/uploads\/sites\/12\/2024\/07\/52184652432_37203c0e1f_o.jpg\"><img loading=\"lazy\" class=\"aligncenter size-full wp-image-41215\" src=\"https:\/\/static-blogs.diariosur.es\/wp-content\/uploads\/sites\/12\/2024\/07\/52184652432_37203c0e1f_o.jpg\" alt=\"\" width=\"600\" height=\"437\" srcset=\"https:\/\/static-blogs.diariosur.es\/wp-content\/uploads\/sites\/12\/2024\/07\/52184652432_37203c0e1f_o.jpg 600w, https:\/\/static-blogs.diariosur.es\/wp-content\/uploads\/sites\/12\/2024\/07\/52184652432_37203c0e1f_o-549x400.jpg 549w\" sizes=\"(max-width: 600px) 100vw, 600px\" \/><\/a><\/p>\n<p>&nbsp;<\/p>\n<p>Os dejo con esta bonita foto de mi amigo Antonio Manuel Iglesias Morales. Playamar en Torremolinos amaneciendo.<\/p>\n<p>&nbsp;<\/p>\n<p><a href=\"https:\/\/static-blogs.diariosur.es\/wp-content\/uploads\/sites\/12\/2024\/07\/452658706_10229297872210276_5884605507414233903_n.jpg\"><img loading=\"lazy\" class=\"aligncenter size-full wp-image-41296\" src=\"https:\/\/static-blogs.diariosur.es\/wp-content\/uploads\/sites\/12\/2024\/07\/452658706_10229297872210276_5884605507414233903_n.jpg\" alt=\"\" width=\"900\" height=\"498\" srcset=\"https:\/\/static-blogs.diariosur.es\/wp-content\/uploads\/sites\/12\/2024\/07\/452658706_10229297872210276_5884605507414233903_n.jpg 900w, https:\/\/static-blogs.diariosur.es\/wp-content\/uploads\/sites\/12\/2024\/07\/452658706_10229297872210276_5884605507414233903_n-640x354.jpg 640w, https:\/\/static-blogs.diariosur.es\/wp-content\/uploads\/sites\/12\/2024\/07\/452658706_10229297872210276_5884605507414233903_n-768x425.jpg 768w\" sizes=\"(max-width: 900px) 100vw, 900px\" \/><\/a><\/p>\n","protected":false},"excerpt":{"rendered":"<p>Buenos d\u00edas, amigos de la meteo. Ya de vuelta de Galicia y con las pilas cargadas. Hemos tenido de todo en esa tierra m\u00e1gica: niebla, lluvia, viento, fresquito y por \u00faltimo calor como el terral. Cuando son las siete de la ma\u00f1ana en M\u00e1laga capital, la estaci\u00f3n del aeropuerto registra 23.4\u00b0C, la humedad ronda el [&hellip;]<\/p>\n","protected":false},"author":16,"featured_media":41296,"comment_status":"open","ping_status":"open","sticky":false,"template":"","format":"standard","meta":[],"categories":[2],"tags":[81,100,151,212,358,587,676,732,962,975],"_links":{"self":[{"href":"https:\/\/blogs.diariosur.es\/tormentas-y-rayos\/wp-json\/wp\/v2\/posts\/41288"}],"collection":[{"href":"https:\/\/blogs.diariosur.es\/tormentas-y-rayos\/wp-json\/wp\/v2\/posts"}],"about":[{"href":"https:\/\/blogs.diariosur.es\/tormentas-y-rayos\/wp-json\/wp\/v2\/types\/post"}],"author":[{"embeddable":true,"href":"https:\/\/blogs.diariosur.es\/tormentas-y-rayos\/wp-json\/wp\/v2\/users\/16"}],"replies":[{"embeddable":true,"href":"https:\/\/blogs.diariosur.es\/tormentas-y-rayos\/wp-json\/wp\/v2\/comments?post=41288"}],"version-history":[{"count":11,"href":"https:\/\/blogs.diariosur.es\/tormentas-y-rayos\/wp-json\/wp\/v2\/posts\/41288\/revisions"}],"predecessor-version":[{"id":47462,"href":"https:\/\/blogs.diariosur.es\/tormentas-y-rayos\/wp-json\/wp\/v2\/posts\/41288\/revisions\/47462"}],"wp:featuredmedia":[{"embeddable":true,"href":"https:\/\/blogs.diariosur.es\/tormentas-y-rayos\/wp-json\/wp\/v2\/media\/41296"}],"wp:attachment":[{"href":"https:\/\/blogs.diariosur.es\/tormentas-y-rayos\/wp-json\/wp\/v2\/media?parent=41288"}],"wp:term":[{"taxonomy":"category","embeddable":true,"href":"https:\/\/blogs.diariosur.es\/tormentas-y-rayos\/wp-json\/wp\/v2\/categories?post=41288"},{"taxonomy":"post_tag","embeddable":true,"href":"https:\/\/blogs.diariosur.es\/tormentas-y-rayos\/wp-json\/wp\/v2\/tags?post=41288"}],"curies":[{"name":"wp","href":"https:\/\/api.w.org\/{rel}","templated":true}]}}