{"id":41305,"date":"2024-07-26T11:52:22","date_gmt":"2024-07-26T09:52:22","guid":{"rendered":"https:\/\/blogs.diariosur.es\/tormentas-y-rayos\/?p=41305"},"modified":"2025-11-10T11:03:47","modified_gmt":"2025-11-10T10:03:47","slug":"malas-noticias-actualizacion-del-tiempo-fin-de-semana-en-la-provincia-malaguena","status":"publish","type":"post","link":"https:\/\/blogs.diariosur.es\/tormentas-y-rayos\/2024\/07\/26\/malas-noticias-actualizacion-del-tiempo-fin-de-semana-en-la-provincia-malaguena\/","title":{"rendered":"Malas noticias. Actualizaci\u00f3n del tiempo fin de semana en la provincia malague\u00f1a."},"content":{"rendered":"<p><a href=\"https:\/\/static-blogs.diariosur.es\/wp-content\/uploads\/sites\/12\/2024\/05\/444912498_10228884468795449_97962860407814916_n.jpg\"><img loading=\"lazy\" class=\"aligncenter size-thumbnail wp-image-40751\" src=\"https:\/\/static-blogs.diariosur.es\/wp-content\/uploads\/sites\/12\/2024\/05\/444912498_10228884468795449_97962860407814916_n-150x150.jpg\" alt=\"\" width=\"150\" height=\"150\" \/><\/a><\/p>\n<p>&nbsp;<\/p>\n<p data-pm-slice=\"1 1 []\">Buenos d\u00edas, amigos de la meteo. Antes de daros la mala noticia, os pongo el post de ayer donde daba la predicci\u00f3n del fin de semana.<\/p>\n<h3><a class=\"qbe-widget\" href=\"https:\/\/blogs.diariosur.es\/tormentas-y-rayos\/2024\/07\/25\/terral-o-levante-tatachan-ya-estoy-en-malaga-toca-leer-el-tiempo-fin-de-semana\/\" target=\"_blank\" rel=\"noopener noreferrer\"><strong>\u00bfQu\u00e9 tiempo har\u00e1 el s\u00e1bado y domingo?<\/strong><\/a><\/h3>\n<p>Con los modelos actualizados, hay una probabilidad alta de que el domingo y el lunes tengamos polvo en suspensi\u00f3n con una concentraci\u00f3n alta en toda Andaluc\u00eda. Esto har\u00e1 que el bochorno y el sudor sean los protagonistas estos dos d\u00edas. Tambi\u00e9n hay probabilidad de algunas gotas de barro en la madrugada del lunes.<\/p>\n<p>Os paso dos mapas de concentraci\u00f3n de polvo del domingo y lunes del modelo europeo. Fuente: Meteologix.<\/p>\n<p>El lunes confirmar\u00e9 si tendremos terral el pr\u00f3ximo jueves.<\/p>\n<p>&nbsp;<\/p>\n<p>&nbsp;<\/p>\n<p><a href=\"https:\/\/static-blogs.diariosur.es\/wp-content\/uploads\/sites\/12\/2024\/07\/domingo.jpg\"><img loading=\"lazy\" class=\"aligncenter size-full wp-image-41308\" src=\"https:\/\/static-blogs.diariosur.es\/wp-content\/uploads\/sites\/12\/2024\/07\/domingo.jpg\" alt=\"\" width=\"942\" height=\"995\" srcset=\"https:\/\/static-blogs.diariosur.es\/wp-content\/uploads\/sites\/12\/2024\/07\/domingo.jpg 942w, https:\/\/static-blogs.diariosur.es\/wp-content\/uploads\/sites\/12\/2024\/07\/domingo-379x400.jpg 379w, https:\/\/static-blogs.diariosur.es\/wp-content\/uploads\/sites\/12\/2024\/07\/domingo-768x811.jpg 768w\" sizes=\"(max-width: 942px) 100vw, 942px\" \/><\/a><\/p>\n<p><a href=\"https:\/\/static-blogs.diariosur.es\/wp-content\/uploads\/sites\/12\/2024\/07\/lunes.jpg\"><img loading=\"lazy\" class=\"aligncenter size-full wp-image-41309\" src=\"https:\/\/static-blogs.diariosur.es\/wp-content\/uploads\/sites\/12\/2024\/07\/lunes.jpg\" alt=\"\" width=\"951\" height=\"1000\" srcset=\"https:\/\/static-blogs.diariosur.es\/wp-content\/uploads\/sites\/12\/2024\/07\/lunes.jpg 951w, https:\/\/static-blogs.diariosur.es\/wp-content\/uploads\/sites\/12\/2024\/07\/lunes-380x400.jpg 380w, https:\/\/static-blogs.diariosur.es\/wp-content\/uploads\/sites\/12\/2024\/07\/lunes-768x808.jpg 768w\" sizes=\"(max-width: 951px) 100vw, 951px\" \/><\/a><\/p>\n<p>&nbsp;<\/p>\n<p>&nbsp;<\/p>\n<p>&nbsp;<\/p>\n<p>&nbsp;<\/p>\n","protected":false},"excerpt":{"rendered":"<p>&nbsp; Buenos d\u00edas, amigos de la meteo. Antes de daros la mala noticia, os pongo el post de ayer donde daba la predicci\u00f3n del fin de semana. \u00bfQu\u00e9 tiempo har\u00e1 el s\u00e1bado y domingo? Con los modelos actualizados, hay una probabilidad alta de que el domingo y el lunes tengamos polvo en suspensi\u00f3n con una [&hellip;]<\/p>\n","protected":false},"author":16,"featured_media":40258,"comment_status":"open","ping_status":"open","sticky":false,"template":"","format":"standard","meta":[],"categories":[2],"tags":[151,209,676,789,947],"_links":{"self":[{"href":"https:\/\/blogs.diariosur.es\/tormentas-y-rayos\/wp-json\/wp\/v2\/posts\/41305"}],"collection":[{"href":"https:\/\/blogs.diariosur.es\/tormentas-y-rayos\/wp-json\/wp\/v2\/posts"}],"about":[{"href":"https:\/\/blogs.diariosur.es\/tormentas-y-rayos\/wp-json\/wp\/v2\/types\/post"}],"author":[{"embeddable":true,"href":"https:\/\/blogs.diariosur.es\/tormentas-y-rayos\/wp-json\/wp\/v2\/users\/16"}],"replies":[{"embeddable":true,"href":"https:\/\/blogs.diariosur.es\/tormentas-y-rayos\/wp-json\/wp\/v2\/comments?post=41305"}],"version-history":[{"count":7,"href":"https:\/\/blogs.diariosur.es\/tormentas-y-rayos\/wp-json\/wp\/v2\/posts\/41305\/revisions"}],"predecessor-version":[{"id":47461,"href":"https:\/\/blogs.diariosur.es\/tormentas-y-rayos\/wp-json\/wp\/v2\/posts\/41305\/revisions\/47461"}],"wp:featuredmedia":[{"embeddable":true,"href":"https:\/\/blogs.diariosur.es\/tormentas-y-rayos\/wp-json\/wp\/v2\/media\/40258"}],"wp:attachment":[{"href":"https:\/\/blogs.diariosur.es\/tormentas-y-rayos\/wp-json\/wp\/v2\/media?parent=41305"}],"wp:term":[{"taxonomy":"category","embeddable":true,"href":"https:\/\/blogs.diariosur.es\/tormentas-y-rayos\/wp-json\/wp\/v2\/categories?post=41305"},{"taxonomy":"post_tag","embeddable":true,"href":"https:\/\/blogs.diariosur.es\/tormentas-y-rayos\/wp-json\/wp\/v2\/tags?post=41305"}],"curies":[{"name":"wp","href":"https:\/\/api.w.org\/{rel}","templated":true}]}}