{"id":41313,"date":"2024-07-28T07:50:33","date_gmt":"2024-07-28T05:50:33","guid":{"rendered":"https:\/\/blogs.diariosur.es\/tormentas-y-rayos\/?p=41313"},"modified":"2025-11-10T11:02:05","modified_gmt":"2025-11-10T10:02:05","slug":"como-estan-los-embalses-de-malaga-comparandolos-con-el-ano-pasado-en-estas-fechas-manana-confirmo-el-probable-terral-fuerte","status":"publish","type":"post","link":"https:\/\/blogs.diariosur.es\/tormentas-y-rayos\/2024\/07\/28\/como-estan-los-embalses-de-malaga-comparandolos-con-el-ano-pasado-en-estas-fechas-manana-confirmo-el-probable-terral-fuerte\/","title":{"rendered":"\u00bfC\u00f3mo est\u00e1n los embalses de M\u00e1laga compar\u00e1ndolos con el a\u00f1o pasado en estas fechas? Ma\u00f1ana confirmo el probable terral fuerte"},"content":{"rendered":"<p><a href=\"https:\/\/static-blogs.diariosur.es\/wp-content\/uploads\/sites\/12\/2023\/09\/375323357_10227521084351690_5428862938073510864_n.jpg\"><img loading=\"lazy\" class=\"aligncenter size-thumbnail wp-image-38274\" src=\"https:\/\/static-blogs.diariosur.es\/wp-content\/uploads\/sites\/12\/2023\/09\/375323357_10227521084351690_5428862938073510864_n-150x150.jpg\" alt=\"\" width=\"150\" height=\"150\" \/><\/a><\/p>\n<p data-pm-slice=\"1 1 []\">Buenos d\u00edas, amigos de la meteo. Cuando son las siete y cuarto de la ma\u00f1ana en M\u00e1laga capital, mi estaci\u00f3n registra 25.2 \u00baC, los cielos est\u00e1n nubosos y la humedad ronda el 80%. La pasada madrugada ha costado conciliar el sue\u00f1o; yo he estado con el ventilador de techo hasta hace un rato. Hoy domingo, a partir del mediod\u00eda, el polvo en suspensi\u00f3n tomar\u00e1 protagonismo; una DANA situada en el Cabo de San Vicente contribuir\u00e1 a repartirlo por toda Andaluc\u00eda. En algunos puntos de nuestra comunidad pueden caer algunas gotillas o goterones de barro. Yo, aunque ahora est\u00e1 nublado, pienso ir a la playa para darme un ba\u00f1o; la temperatura del agua est\u00e1 a 24.2 \u00baC.<\/p>\n<p>Ma\u00f1ana o el martes confirmar\u00e9 el probable terral fuerte en temperatura que se espera el jueves y el viernes en las zonas habituales de la provincia malague\u00f1a; ya iremos viendo c\u00f3mo afectar\u00e1 a la capital.<\/p>\n<p>&nbsp;<\/p>\n<p>Muchos me est\u00e1is preguntando c\u00f3mo est\u00e1n los embalses malague\u00f1os a d\u00eda de hoy, cuando a\u00fan queda mucho verano por delante de consumo. Si no llegara a llover en marzo, estar\u00edamos seguramente con cortes de suministro de agua para consumo en toda la provincia y en la capital.<\/p>\n<p>Os pongo el volumen total a d\u00eda de hoy de los siete embalses de M\u00e1laga y lo que hab\u00eda tal d\u00eda como hoy del a\u00f1o pasado.<\/p>\n<p>Hoy 28 de julio de 2024 los embalses malague\u00f1os est\u00e1n al 22.31 %. Almacenan 136,40 hm\u00b3.<\/p>\n<p>Pero fijaros: el a\u00f1o pasado tal d\u00eda como hoy estaban al 27.96 % y ten\u00edamos almacenados\u00a0167,47 hm3.<\/p>\n<p>Espero que el oto\u00f1o 2024 e invierno 2024\/25 sean generosos en precipitaciones.<\/p>\n<p>&nbsp;<\/p>\n<p>&nbsp;<\/p>\n<p>&nbsp;<\/p>\n<p>&nbsp;<\/p>\n<p>&nbsp;<\/p>\n","protected":false},"excerpt":{"rendered":"<p>Buenos d\u00edas, amigos de la meteo. Cuando son las siete y cuarto de la ma\u00f1ana en M\u00e1laga capital, mi estaci\u00f3n registra 25.2 \u00baC, los cielos est\u00e1n nubosos y la humedad ronda el 80%. La pasada madrugada ha costado conciliar el sue\u00f1o; yo he estado con el ventilador de techo hasta hace un rato. Hoy domingo, [&hellip;]<\/p>\n","protected":false},"author":16,"featured_media":40466,"comment_status":"open","ping_status":"open","sticky":false,"template":"","format":"standard","meta":[],"categories":[2],"tags":[151,212,358,360,587,975],"_links":{"self":[{"href":"https:\/\/blogs.diariosur.es\/tormentas-y-rayos\/wp-json\/wp\/v2\/posts\/41313"}],"collection":[{"href":"https:\/\/blogs.diariosur.es\/tormentas-y-rayos\/wp-json\/wp\/v2\/posts"}],"about":[{"href":"https:\/\/blogs.diariosur.es\/tormentas-y-rayos\/wp-json\/wp\/v2\/types\/post"}],"author":[{"embeddable":true,"href":"https:\/\/blogs.diariosur.es\/tormentas-y-rayos\/wp-json\/wp\/v2\/users\/16"}],"replies":[{"embeddable":true,"href":"https:\/\/blogs.diariosur.es\/tormentas-y-rayos\/wp-json\/wp\/v2\/comments?post=41313"}],"version-history":[{"count":8,"href":"https:\/\/blogs.diariosur.es\/tormentas-y-rayos\/wp-json\/wp\/v2\/posts\/41313\/revisions"}],"predecessor-version":[{"id":47459,"href":"https:\/\/blogs.diariosur.es\/tormentas-y-rayos\/wp-json\/wp\/v2\/posts\/41313\/revisions\/47459"}],"wp:featuredmedia":[{"embeddable":true,"href":"https:\/\/blogs.diariosur.es\/tormentas-y-rayos\/wp-json\/wp\/v2\/media\/40466"}],"wp:attachment":[{"href":"https:\/\/blogs.diariosur.es\/tormentas-y-rayos\/wp-json\/wp\/v2\/media?parent=41313"}],"wp:term":[{"taxonomy":"category","embeddable":true,"href":"https:\/\/blogs.diariosur.es\/tormentas-y-rayos\/wp-json\/wp\/v2\/categories?post=41313"},{"taxonomy":"post_tag","embeddable":true,"href":"https:\/\/blogs.diariosur.es\/tormentas-y-rayos\/wp-json\/wp\/v2\/tags?post=41313"}],"curies":[{"name":"wp","href":"https:\/\/api.w.org\/{rel}","templated":true}]}}