{"id":41321,"date":"2024-07-29T07:31:21","date_gmt":"2024-07-29T05:31:21","guid":{"rendered":"https:\/\/blogs.diariosur.es\/tormentas-y-rayos\/?p=41321"},"modified":"2025-11-10T11:00:09","modified_gmt":"2025-11-10T10:00:09","slug":"se-han-producido-reventones-calidos-debido-a-las-tormentas-nerja-a-las-110-de-la-madrugada-35-4oc-aviso-por-altas-temperaturas-de-40oc-para-el-miercoles-en-la-provincia-de-malaga","status":"publish","type":"post","link":"https:\/\/blogs.diariosur.es\/tormentas-y-rayos\/2024\/07\/29\/se-han-producido-reventones-calidos-debido-a-las-tormentas-nerja-a-las-110-de-la-madrugada-35-4oc-aviso-por-altas-temperaturas-de-40oc-para-el-miercoles-en-la-provincia-de-malaga\/","title":{"rendered":"Se han producido reventones c\u00e1lidos debido a las tormentas. Nerja a las 1:10 de la madrugada, 35.4 \u00baC. Aviso por altas temperaturas de 40 \u00baC para el mi\u00e9rcoles en la provincia de M\u00e1laga  \u00a0"},"content":{"rendered":"<p><a href=\"https:\/\/static-blogs.diariosur.es\/wp-content\/uploads\/sites\/12\/2024\/05\/444912498_10228884468795449_97962860407814916_n.jpg\"><img loading=\"lazy\" class=\"aligncenter size-thumbnail wp-image-40751\" src=\"https:\/\/static-blogs.diariosur.es\/wp-content\/uploads\/sites\/12\/2024\/05\/444912498_10228884468795449_97962860407814916_n-150x150.jpg\" alt=\"\" width=\"150\" height=\"150\" \/><\/a><\/p>\n<p>Buenos d\u00edas, amigos de la meteo.\u00a0En estos momentos, a las 7:15 de la ma\u00f1ana, tenemos tormenta en M\u00e1laga capital que deja chubascos de barro.<\/p>\n<p>Hoy lunes hemos tenido en conjunto la madrugada m\u00e1s calurosa en nuestra comunidad, en algunas zonas se han producido reventones c\u00e1lidos acompa\u00f1adas por rachas fuertes de viento como es el caso de Nerja que ha registrado una temperatura m\u00e1xima de 35.4\u00baC a las 1:10 o Jerez de la Frontera casi a la misma hora 35.5\u00baC. Las rachas de viento tambien han sido protagonistas, en la estaci\u00f3n del Puerto de M\u00e1laga 60 km\/h, Jerez de la Frontera 65 km\/h, C\u00e1diz 71 km\/h.<\/p>\n<p>Os paso la gr\u00e1fica de temperatura de Nerja. Fuente Aemet.<\/p>\n<p>&nbsp;<\/p>\n<p><a href=\"https:\/\/static-blogs.diariosur.es\/wp-content\/uploads\/sites\/12\/2024\/07\/nerja-e1722231012780.jpg\"><img loading=\"lazy\" class=\"aligncenter size-full wp-image-41323\" src=\"https:\/\/static-blogs.diariosur.es\/wp-content\/uploads\/sites\/12\/2024\/07\/nerja-e1722231012780.jpg\" alt=\"\" width=\"1100\" height=\"526\" \/><\/a><\/p>\n<p>&nbsp;<\/p>\n<p data-pm-slice=\"1 1 []\">Mi amigo Crist\u00f3bal Gambero me comentaba esto sobre las once de la noche de ayer domingo: &#8220;Buenas noches, revent\u00f3n c\u00e1lido hace unos minutos en Mijas Pueblo; la temperatura a las 22 h 30 m estaba en unos 23,3 \u00baC y en cuesti\u00f3n de unos 20 minutos ha subido hasta los 29,1 \u00baC, la m\u00e1xima del d\u00eda, adem\u00e1s con fuerte viento de Este-Noreste con rachas cercanas a los 40 km\/h&#8221;. Seguro que muchos de vosotros hab\u00e9is notado estos reventones c\u00e1lidos.<\/p>\n<p>&nbsp;<\/p>\n<p>El mi\u00e9rcoles se activa el aviso amarillo por altas temperaturas de 39 \u00b0C y 40 \u00b0C en las comarcas de Antequera y Ronda para el mi\u00e9rcoles. Esta noche o ma\u00f1ana martes a primera hora hablaremos del probable terral del jueves y viernes; a\u00fan no est\u00e1 claro c\u00f3mo nos afectar\u00e1.<\/p>\n<p>&nbsp;<\/p>\n<p>&nbsp;<\/p>\n<p><a href=\"https:\/\/static-blogs.diariosur.es\/wp-content\/uploads\/sites\/12\/2024\/07\/Captura-de-pantalla-2024-07-29-072548.jpg\"><img loading=\"lazy\" class=\"aligncenter size-full wp-image-41322\" src=\"https:\/\/static-blogs.diariosur.es\/wp-content\/uploads\/sites\/12\/2024\/07\/Captura-de-pantalla-2024-07-29-072548.jpg\" alt=\"\" width=\"860\" height=\"678\" srcset=\"https:\/\/static-blogs.diariosur.es\/wp-content\/uploads\/sites\/12\/2024\/07\/Captura-de-pantalla-2024-07-29-072548.jpg 860w, https:\/\/static-blogs.diariosur.es\/wp-content\/uploads\/sites\/12\/2024\/07\/Captura-de-pantalla-2024-07-29-072548-507x400.jpg 507w, https:\/\/static-blogs.diariosur.es\/wp-content\/uploads\/sites\/12\/2024\/07\/Captura-de-pantalla-2024-07-29-072548-768x605.jpg 768w\" sizes=\"(max-width: 860px) 100vw, 860px\" \/><\/a><\/p>\n<p>&nbsp;<\/p>\n","protected":false},"excerpt":{"rendered":"<p>Buenos d\u00edas, amigos de la meteo.\u00a0En estos momentos, a las 7:15 de la ma\u00f1ana, tenemos tormenta en M\u00e1laga capital que deja chubascos de barro. Hoy lunes hemos tenido en conjunto la madrugada m\u00e1s calurosa en nuestra comunidad, en algunas zonas se han producido reventones c\u00e1lidos acompa\u00f1adas por rachas fuertes de viento como es el caso [&hellip;]<\/p>\n","protected":false},"author":16,"featured_media":41068,"comment_status":"open","ping_status":"open","sticky":false,"template":"","format":"standard","meta":[],"categories":[2],"tags":[81,94,151,358,587,962,992],"_links":{"self":[{"href":"https:\/\/blogs.diariosur.es\/tormentas-y-rayos\/wp-json\/wp\/v2\/posts\/41321"}],"collection":[{"href":"https:\/\/blogs.diariosur.es\/tormentas-y-rayos\/wp-json\/wp\/v2\/posts"}],"about":[{"href":"https:\/\/blogs.diariosur.es\/tormentas-y-rayos\/wp-json\/wp\/v2\/types\/post"}],"author":[{"embeddable":true,"href":"https:\/\/blogs.diariosur.es\/tormentas-y-rayos\/wp-json\/wp\/v2\/users\/16"}],"replies":[{"embeddable":true,"href":"https:\/\/blogs.diariosur.es\/tormentas-y-rayos\/wp-json\/wp\/v2\/comments?post=41321"}],"version-history":[{"count":3,"href":"https:\/\/blogs.diariosur.es\/tormentas-y-rayos\/wp-json\/wp\/v2\/posts\/41321\/revisions"}],"predecessor-version":[{"id":47457,"href":"https:\/\/blogs.diariosur.es\/tormentas-y-rayos\/wp-json\/wp\/v2\/posts\/41321\/revisions\/47457"}],"wp:featuredmedia":[{"embeddable":true,"href":"https:\/\/blogs.diariosur.es\/tormentas-y-rayos\/wp-json\/wp\/v2\/media\/41068"}],"wp:attachment":[{"href":"https:\/\/blogs.diariosur.es\/tormentas-y-rayos\/wp-json\/wp\/v2\/media?parent=41321"}],"wp:term":[{"taxonomy":"category","embeddable":true,"href":"https:\/\/blogs.diariosur.es\/tormentas-y-rayos\/wp-json\/wp\/v2\/categories?post=41321"},{"taxonomy":"post_tag","embeddable":true,"href":"https:\/\/blogs.diariosur.es\/tormentas-y-rayos\/wp-json\/wp\/v2\/tags?post=41321"}],"curies":[{"name":"wp","href":"https:\/\/api.w.org\/{rel}","templated":true}]}}