{"id":41331,"date":"2024-07-30T17:29:46","date_gmt":"2024-07-30T15:29:46","guid":{"rendered":"https:\/\/blogs.diariosur.es\/tormentas-y-rayos\/?p=41331"},"modified":"2025-11-10T10:57:53","modified_gmt":"2025-11-10T09:57:53","slug":"tercera-ola-de-calor-julio-termina-con-aviso-naranja-y-agosto-comienza-tambien-probables-40c-y-43c-en-la-provincia-malaguena","status":"publish","type":"post","link":"https:\/\/blogs.diariosur.es\/tormentas-y-rayos\/2024\/07\/30\/tercera-ola-de-calor-julio-termina-con-aviso-naranja-y-agosto-comienza-tambien-probables-40c-y-43c-en-la-provincia-malaguena\/","title":{"rendered":"Tercera ola de calor. Julio termina con aviso naranja y agosto comienza tambi\u00e9n. Probables 40\u00b0C y 43\u00b0C en la provincia malague\u00f1a."},"content":{"rendered":"<p><a href=\"https:\/\/static-blogs.diariosur.es\/wp-content\/uploads\/sites\/12\/2024\/05\/444912498_10228884468795449_97962860407814916_n.jpg\"><img loading=\"lazy\" class=\"aligncenter size-thumbnail wp-image-40751\" src=\"https:\/\/static-blogs.diariosur.es\/wp-content\/uploads\/sites\/12\/2024\/05\/444912498_10228884468795449_97962860407814916_n-150x150.jpg\" alt=\"\" width=\"150\" height=\"150\" \/><\/a><\/p>\n<p data-pm-slice=\"1 1 []\">Buenas tardes, amigos de la meteo. Antes de daros la predicci\u00f3n de ma\u00f1ana mi\u00e9rcoles 31 de julio y el jueves 1 de agosto, os pongo unos gr\u00e1ficos impresionantes de El Ejido de esta pasada madrugada.<\/p>\n<p>Fijaros en la temperatura y la humedad; a las cinco de la madrugada, 38 grados. Fuente AEMET<\/p>\n<p>&nbsp;<\/p>\n<p><a href=\"https:\/\/static-blogs.diariosur.es\/wp-content\/uploads\/sites\/12\/2024\/07\/zz-e1722350569626.jpg\"><img loading=\"lazy\" class=\"aligncenter size-full wp-image-41338\" src=\"https:\/\/static-blogs.diariosur.es\/wp-content\/uploads\/sites\/12\/2024\/07\/zz-e1722350569626.jpg\" alt=\"\" width=\"1200\" height=\"515\" \/><\/a><\/p>\n<p>&nbsp;<\/p>\n<p><a href=\"https:\/\/static-blogs.diariosur.es\/wp-content\/uploads\/sites\/12\/2024\/07\/ejido-humedad-e1722349977329.jpg\"><img loading=\"lazy\" class=\"aligncenter size-full wp-image-41336\" src=\"https:\/\/static-blogs.diariosur.es\/wp-content\/uploads\/sites\/12\/2024\/07\/ejido-humedad-e1722349977329.jpg\" alt=\"\" width=\"1200\" height=\"583\" \/><\/a><\/p>\n<p data-pm-slice=\"1 1 []\">La AEMET saca un aviso especial por ola de calor; ser\u00e1 la tercera del verano. Al final del post os pongo lo que comenta la AEMET. Esta vez nos pilla.<\/p>\n<p>Ma\u00f1ana mi\u00e9rcoles, \u00faltimo d\u00eda de julio, las ocho provincias andaluzas est\u00e1n en aviso amarillo y naranja por altas temperaturas de 38 y 43 grados.<\/p>\n<p>En la comarca de Antequera pueden darse en algunos puntos los 40 \u00b0C, en la de Ronda los 38 \u00b0C y en el Valle del Guadalhorce los 39 \u00b0C. Salvo sorpresas, no creo que el terral entre ma\u00f1ana mi\u00e9rcoles en la capital malague\u00f1a.<\/p>\n<p>En el interior de Granada, zonas de\u00a0Guadix y Baza pueden llegar a los 43 \u00baC. En el Valle del Guadalquivir e interior de Huelva, rondar\u00e1n los 38 \u00baC y 41 \u00baC.<\/p>\n<p>Destacar que hay avisos rojos por altas temperaturas en otras comunidades, como pod\u00e9is ver en el mapa de la AEMET.<\/p>\n<p>&nbsp;<\/p>\n<p><a href=\"https:\/\/static-blogs.diariosur.es\/wp-content\/uploads\/sites\/12\/2024\/07\/miercoles.jpg\"><img loading=\"lazy\" class=\"aligncenter size-full wp-image-41340\" src=\"https:\/\/static-blogs.diariosur.es\/wp-content\/uploads\/sites\/12\/2024\/07\/miercoles.jpg\" alt=\"\" width=\"862\" height=\"678\" srcset=\"https:\/\/static-blogs.diariosur.es\/wp-content\/uploads\/sites\/12\/2024\/07\/miercoles.jpg 862w, https:\/\/static-blogs.diariosur.es\/wp-content\/uploads\/sites\/12\/2024\/07\/miercoles-509x400.jpg 509w, https:\/\/static-blogs.diariosur.es\/wp-content\/uploads\/sites\/12\/2024\/07\/miercoles-768x604.jpg 768w\" sizes=\"(max-width: 862px) 100vw, 862px\" \/><\/a><\/p>\n<p>&nbsp;<\/p>\n<p data-pm-slice=\"1 1 []\">El jueves toda la provincia de M\u00e1laga entra en aviso amarillo y naranja por altas temperaturas; os paso lo que comenta la AEMET.<\/p>\n<p>Sol y Guadalhorce-M\u00e1laga.\u00a0 Temperatura m\u00e1xima: 39 \u00baC. En el interior de la comarca pueden superarse los 42 grados.<\/p>\n<p>Antequera-M\u00e1laga.\u00a0 Temperatura m\u00e1xima: 41 \u00baC.<\/p>\n<p>Ronda-M\u00e1laga.\u00a0 Temperatura m\u00e1xima: 39 \u00baC. Localmente pueden superarse los 40 grados.<\/p>\n<p>Axarqu\u00eda-M\u00e1laga.\u00a0 Temperatura m\u00e1xima: 38 \u00baC.<\/p>\n<p>&nbsp;<\/p>\n<p><a href=\"https:\/\/static-blogs.diariosur.es\/wp-content\/uploads\/sites\/12\/2024\/07\/jueves-1.jpg\"><img loading=\"lazy\" class=\"aligncenter size-full wp-image-41342\" src=\"https:\/\/static-blogs.diariosur.es\/wp-content\/uploads\/sites\/12\/2024\/07\/jueves-1.jpg\" alt=\"\" width=\"862\" height=\"677\" srcset=\"https:\/\/static-blogs.diariosur.es\/wp-content\/uploads\/sites\/12\/2024\/07\/jueves-1.jpg 862w, https:\/\/static-blogs.diariosur.es\/wp-content\/uploads\/sites\/12\/2024\/07\/jueves-1-509x400.jpg 509w, https:\/\/static-blogs.diariosur.es\/wp-content\/uploads\/sites\/12\/2024\/07\/jueves-1-768x603.jpg 768w\" sizes=\"(max-width: 862px) 100vw, 862px\" \/><\/a><\/p>\n<p>&nbsp;<\/p>\n<p>El viernes seguir\u00e1 el terral, ma\u00f1ana os doy la \u00faltima hora.<\/p>\n<p>Os dejo con este fot\u00f3n de mi amigo Pepe Gand\u00eda y el aviso especial de ola de calor.<\/p>\n<p>&nbsp;<\/p>\n<p><a href=\"https:\/\/static-blogs.diariosur.es\/wp-content\/uploads\/sites\/12\/2024\/07\/452865152_10229298648189675_2432386583466851024_n.jpg\"><img loading=\"lazy\" class=\"aligncenter size-full wp-image-41346\" src=\"https:\/\/static-blogs.diariosur.es\/wp-content\/uploads\/sites\/12\/2024\/07\/452865152_10229298648189675_2432386583466851024_n.jpg\" alt=\"\" width=\"587\" height=\"350\" \/><\/a><\/p>\n<p>&nbsp;<\/p>\n<p>&nbsp;<\/p>\n<p>1.-Fen\u00f3meno meteorol\u00f3gico: Ola de calor.<br \/>\n2.-\u00c1mbito geogr\u00e1fico: Sur, mitad este peninsular y Baleares<br \/>\n3.-Comienzo de la situaci\u00f3n: Martes 30<br \/>\n4.-Duraci\u00f3n: Hasta el jueves 1<br \/>\n5.-Grado de probabilidad: Alto (&gt; 70 %).<br \/>\n6.-Descripci\u00f3n de la situaci\u00f3n meteorol\u00f3gica:<br \/>\nTras el paso de una DANA durante las \u00faltimas horas que ha dado lugar a condiciones de inestabilidad en gran parte del interior peninsular, el desplazamiento del anticicl\u00f3n africano en niveles<br \/>\nmedios y altos hacia nuestro territorio dar\u00e1 paso a una situaci\u00f3n de gran estabilidad atmosf\u00e9rica.<br \/>\nEste factor, unido a la alta insolaci\u00f3n de esta \u00e9poca del a\u00f1o, la ausencia de nubosidad y los vientos<br \/>\nflojos o en calma, inducir\u00e1n un aumento de las temperaturas que, a partir de hoy, se situar\u00e1n en<br \/>\nvalores elevados en amplias zonas de la mitad sur y este peninsular, as\u00ed como en Baleares, presentando un riesgo importante para las personas expuestas al fen\u00f3meno. Se espera que la situaci\u00f3n<br \/>\npersista y se intensifique el mi\u00e9rcoles, que ser\u00e1 el d\u00eda \u00e1lgido del episodio, especialmente en la mitad<br \/>\neste peninsular. A partir del jueves, una masa atl\u00e1ntica m\u00e1s fresca comenzar\u00e1 a penetrar por el<br \/>\nnoroeste peninsular, dando lugar a un descenso generalizado de las temperaturas de cara al viernes.<br \/>\nHoy martes, se espera que las temperaturas asciendan en gran parte del centro y este peninsular, Baleares y litoral cant\u00e1brico oriental, donde este ascenso ser\u00e1 especialmente acusado. Las<br \/>\ntemperaturas m\u00e1ximas se situar\u00e1n por encima de los 40 oC en gran parte de la meseta Sur, especialmente en torno los valles del Tajo y el Guadiana, as\u00ed como en torno al valle del Guadalquivir<br \/>\ny el Ebro, cuenca del Genil y depresi\u00f3n central de Catalu\u00f1a, incluso alcanzando los 42 oC en el<br \/>\nalto Guadalquivir de Ja\u00e9n. En Baleares, las temperaturas superar\u00e1n los 37-38 oC en zonas del<br \/>\ninterior de las islas, incluso llegando a los 40 oC en puntos del interior de Mallorca. Ser\u00e1n tambi\u00e9n<br \/>\nelevadas las temperaturas en el este de la meseta Norte y zonas bajas del \u00e1rea pirenaica , donde se pueden alcanzar los 38 oC, as\u00ed como en torno a la ribera del Mi\u00f1o y el cant\u00e1brico oriental<br \/>\ndonde se pueden superar los 35oC, si bien en estas zonas no se cumplir\u00e1n los criterios de ola de calor.<br \/>\nEl mi\u00e9rcoles las temperaturas continuar\u00e1n ascendiendo en Andaluc\u00eda, valle del Ebro y de forma m\u00e1s acusada en zonas interiores del \u00e1rea mediterr\u00e1nea, donde se intensificar\u00e1n los vientos de<br \/>\nponiente, mientras que descender\u00e1n de forma acusada en el Cant\u00e1brico oriental y oeste de Galicia.<br \/>\nSe espera que las temperaturas m\u00e1ximas alcancen los 40-42 oC en los valles del Guadalquivir y<br \/>\nel Ebro, cuenca del Genil, depresi\u00f3n central de Catalu\u00f1a, Ampurd\u00e1n, interior de Mallorca y gran<br \/>\nparte del interior sureste peninsular, pudi\u00e9ndose superarse los 42o C localmente en estas zonas<\/p>\n<p>&nbsp;<\/p>\n<p>Las temperaturas ser\u00e1n tambi\u00e9n elevadas este d\u00eda en los valles del Tajo y el Guadiana e interior<br \/>\nde la <strong>provincia de M\u00e1laga<\/strong>, alcanz\u00e1ndose los 38-40 oC; en torno a zonas bajas del \u00e1rea pirenaica<br \/>\ndonde se podr\u00e1n volver a alcanzar los 37 oC; y en el sur de Ourense y este de la meseta Norte,<br \/>\ndonde llegar\u00e1n los 36 oC.<br \/>\nLas temperaturas m\u00ednimas ser\u00e1n tambi\u00e9n elevadas durante el episodio, especialmente en los valles<br \/>\nfluviales de la mitad sur y este, as\u00ed como en zonas afectadas por vientos terrales, pudiendo superar los 22-24 oC, incluso los 25 oC de forma local, especialmente las noches del mi\u00e9rcoles y el jueves.<br \/>\nEl jueves se espera que el descenso de las temperaturas iniciado el d\u00eda anterior en el extremo<br \/>\nnorte peninsular se extienda a gran parte del medio y alto Ebro, mientras que ascender\u00e1n en \u00e1reas<br \/>\ndel extremo sur como consecuencia de los vientos terrales. En el resto del pa\u00eds las temperaturas<br \/>\ncontinuar\u00edan con pocos cambios. Como consecuencia, durante esta jornada se espera que los valores<br \/>\nm\u00e1s elevados se den en el interior sureste peninsular e interior de la provincia de M\u00e1laga, donde<br \/>\nes probable que se superen los 42 oC. Por encima de los 40 oC volver\u00e1n a estar en amplias zonas<br \/>\ndel Guadalquivir y de forma m\u00e1s puntual en los valles del Tajo, el Guadiana y el Ebro, as\u00ed como<br \/>\nen la depresi\u00f3n central de Catalu\u00f1a e interior de Mallorca.<br \/>\nEl viernes es probable que las temperaturas desciendan de manera casi generalizada en gran parte<br \/>\ndel pa\u00eds, de forma m\u00e1s acusada en la mitad oriental peninsular. Con ello, no se espera que este d\u00eda<br \/>\nse satisfagan ya los criterios de ola de calor, si bien las temperaturas continuar\u00e1n siendo elevadas<br \/>\nen amplias zonas del interior peninsular, especialmente en zonas del valle del Guadalquivir, donde<br \/>\nel riesgo podr\u00eda continuar siendo importante.<\/p>\n","protected":false},"excerpt":{"rendered":"<p>Buenas tardes, amigos de la meteo. Antes de daros la predicci\u00f3n de ma\u00f1ana mi\u00e9rcoles 31 de julio y el jueves 1 de agosto, os pongo unos gr\u00e1ficos impresionantes de El Ejido de esta pasada madrugada. Fijaros en la temperatura y la humedad; a las cinco de la madrugada, 38 grados. Fuente AEMET &nbsp; &nbsp; La [&hellip;]<\/p>\n","protected":false},"author":16,"featured_media":41346,"comment_status":"open","ping_status":"open","sticky":false,"template":"","format":"standard","meta":[],"categories":[2],"tags":[81,100,151,212,358,375,587,676,732,872,962,975],"_links":{"self":[{"href":"https:\/\/blogs.diariosur.es\/tormentas-y-rayos\/wp-json\/wp\/v2\/posts\/41331"}],"collection":[{"href":"https:\/\/blogs.diariosur.es\/tormentas-y-rayos\/wp-json\/wp\/v2\/posts"}],"about":[{"href":"https:\/\/blogs.diariosur.es\/tormentas-y-rayos\/wp-json\/wp\/v2\/types\/post"}],"author":[{"embeddable":true,"href":"https:\/\/blogs.diariosur.es\/tormentas-y-rayos\/wp-json\/wp\/v2\/users\/16"}],"replies":[{"embeddable":true,"href":"https:\/\/blogs.diariosur.es\/tormentas-y-rayos\/wp-json\/wp\/v2\/comments?post=41331"}],"version-history":[{"count":15,"href":"https:\/\/blogs.diariosur.es\/tormentas-y-rayos\/wp-json\/wp\/v2\/posts\/41331\/revisions"}],"predecessor-version":[{"id":47455,"href":"https:\/\/blogs.diariosur.es\/tormentas-y-rayos\/wp-json\/wp\/v2\/posts\/41331\/revisions\/47455"}],"wp:featuredmedia":[{"embeddable":true,"href":"https:\/\/blogs.diariosur.es\/tormentas-y-rayos\/wp-json\/wp\/v2\/media\/41346"}],"wp:attachment":[{"href":"https:\/\/blogs.diariosur.es\/tormentas-y-rayos\/wp-json\/wp\/v2\/media?parent=41331"}],"wp:term":[{"taxonomy":"category","embeddable":true,"href":"https:\/\/blogs.diariosur.es\/tormentas-y-rayos\/wp-json\/wp\/v2\/categories?post=41331"},{"taxonomy":"post_tag","embeddable":true,"href":"https:\/\/blogs.diariosur.es\/tormentas-y-rayos\/wp-json\/wp\/v2\/tags?post=41331"}],"curies":[{"name":"wp","href":"https:\/\/api.w.org\/{rel}","templated":true}]}}