{"id":41363,"date":"2024-08-02T07:55:13","date_gmt":"2024-08-02T05:55:13","guid":{"rendered":"https:\/\/blogs.diariosur.es\/tormentas-y-rayos\/?p=41363"},"modified":"2025-11-09T20:52:24","modified_gmt":"2025-11-09T19:52:24","slug":"madrugada-mas-calurosa-del-verano-tiempo-fin-de-semana-en-la-provincia-de-malaga","status":"publish","type":"post","link":"https:\/\/blogs.diariosur.es\/tormentas-y-rayos\/2024\/08\/02\/madrugada-mas-calurosa-del-verano-tiempo-fin-de-semana-en-la-provincia-de-malaga\/","title":{"rendered":"Madrugada m\u00e1s calurosa del verano.Tiempo fin de semana en la provincia de M\u00e1laga."},"content":{"rendered":"<blockquote><p><img loading=\"lazy\" class=\"aligncenter size-thumbnail wp-image-40751\" src=\"https:\/\/static-blogs.diariosur.es\/wp-content\/uploads\/sites\/12\/2024\/05\/444912498_10228884468795449_97962860407814916_n-150x150.jpg\" alt=\"\" width=\"150\" height=\"150\" \/><\/p><\/blockquote>\n<p>&nbsp;<\/p>\n<p data-pm-slice=\"1 1 []\">Buenos d\u00edas, amigos de la meteo. Cuando son las siete de la ma\u00f1ana en M\u00e1laga capital, la estaci\u00f3n de la AEMET del aeropuerto registra 31 \u00baC, sopla viento de terral y los cielos est\u00e1n despejados. Hoy viernes est\u00e1 activado el aviso naranja por altas temperaturas en Sol\u00a0Guadalhorce y Axarqu\u00eda, m\u00e1ximas de 39 y 40 grados. Tambi\u00e9n hay probabilidad de rachas de moderadas a fuertes de poniente en la costa malague\u00f1a. La madrugada del 2 de agosto en M\u00e1laga capital ha sido la m\u00e1s calurosa del verano 2024; la temperatura ha rondado los 31 y 33 grados. Ya veremos si batimos el r\u00e9cord de temperatura m\u00ednima m\u00e1s alta.<\/p>\n<p>Ayer jueves destacar estas temperaturas m\u00e1ximas que se dieron en la provincia malague\u00f1a.<\/p>\n<p>\u00c1lora 44.3 \u00b0C<\/p>\n<p>Cortes de la Frontera 40.4 \u00b0C<\/p>\n<p>Alpande\u00edre 41.4 \u00b0C<\/p>\n<p>Estepona 40.7 \u00b0C; en esta zona no se quit\u00f3 el terral.<\/p>\n<p>Alhaur\u00edn el Grande 41.1 \u00b0C<\/p>\n<p>Alhaur\u00edn de la Torre 41.4 \u00b0C<\/p>\n<p>M\u00e1laga Aeropuerto 40.1\u00b0C<\/p>\n<p>M\u00e1laga Centro Meteorol\u00f3gico\u00a040 \u00b0C<\/p>\n<p>M\u00e1laga Puerto\u00a038.1 \u00b0C; en esta estaci\u00f3n de la AEMET la m\u00e1xima se registr\u00f3 a las 11:30 de la ma\u00f1ana; luego entraron brisas de levante. En las tres estaciones de la AEMET de M\u00e1laga capital, las m\u00e1ximas se dieron antes de la una de la tarde. Si hubiera seguido el terral por la tarde, habr\u00edamos sobrepasado los 42 o 43 grados.<\/p>\n<p>El terral se quitar\u00e1 en la madrugada del s\u00e1bado. El terral nos dar\u00e1 un descanso este fin de semana. La temperatura del agua del mar en estos momentos es de 24.3 grados; ma\u00f1ana s\u00e1bado se pondr\u00e1 m\u00e1s fresquita.<\/p>\n<p>Os dejo con las temperaturas m\u00e1ximas y m\u00ednimas que prev\u00e9 la AEMET el s\u00e1bado y domingo.<\/p>\n<p>&nbsp;<\/p>\n<p><a href=\"https:\/\/static-blogs.diariosur.es\/wp-content\/uploads\/sites\/12\/2024\/07\/sabado.jpg\"><img loading=\"lazy\" class=\"aligncenter size-full wp-image-41366\" src=\"https:\/\/static-blogs.diariosur.es\/wp-content\/uploads\/sites\/12\/2024\/07\/sabado.jpg\" alt=\"\" width=\"872\" height=\"682\" srcset=\"https:\/\/static-blogs.diariosur.es\/wp-content\/uploads\/sites\/12\/2024\/07\/sabado.jpg 872w, https:\/\/static-blogs.diariosur.es\/wp-content\/uploads\/sites\/12\/2024\/07\/sabado-511x400.jpg 511w, https:\/\/static-blogs.diariosur.es\/wp-content\/uploads\/sites\/12\/2024\/07\/sabado-768x601.jpg 768w\" sizes=\"(max-width: 872px) 100vw, 872px\" \/><\/a><\/p>\n<p><a href=\"https:\/\/static-blogs.diariosur.es\/wp-content\/uploads\/sites\/12\/2024\/07\/domingo-1.jpg\"><img loading=\"lazy\" class=\"aligncenter size-full wp-image-41367\" src=\"https:\/\/static-blogs.diariosur.es\/wp-content\/uploads\/sites\/12\/2024\/07\/domingo-1.jpg\" alt=\"\" width=\"866\" height=\"690\" srcset=\"https:\/\/static-blogs.diariosur.es\/wp-content\/uploads\/sites\/12\/2024\/07\/domingo-1.jpg 866w, https:\/\/static-blogs.diariosur.es\/wp-content\/uploads\/sites\/12\/2024\/07\/domingo-1-502x400.jpg 502w, https:\/\/static-blogs.diariosur.es\/wp-content\/uploads\/sites\/12\/2024\/07\/domingo-1-768x612.jpg 768w\" sizes=\"(max-width: 866px) 100vw, 866px\" \/><\/a><\/p>\n<h3><\/h3>\n<p>&nbsp;<\/p>\n<p>&nbsp;<\/p>\n<p>&nbsp;<\/p>\n<p>&nbsp;<\/p>\n","protected":false},"excerpt":{"rendered":"<p>&nbsp; Buenos d\u00edas, amigos de la meteo. Cuando son las siete de la ma\u00f1ana en M\u00e1laga capital, la estaci\u00f3n de la AEMET del aeropuerto registra 31 \u00baC, sopla viento de terral y los cielos est\u00e1n despejados. Hoy viernes est\u00e1 activado el aviso naranja por altas temperaturas en Sol\u00a0Guadalhorce y Axarqu\u00eda, m\u00e1ximas de 39 y 40 [&hellip;]<\/p>\n","protected":false},"author":16,"featured_media":40753,"comment_status":"open","ping_status":"open","sticky":false,"template":"","format":"standard","meta":[],"categories":[2],"tags":[],"_links":{"self":[{"href":"https:\/\/blogs.diariosur.es\/tormentas-y-rayos\/wp-json\/wp\/v2\/posts\/41363"}],"collection":[{"href":"https:\/\/blogs.diariosur.es\/tormentas-y-rayos\/wp-json\/wp\/v2\/posts"}],"about":[{"href":"https:\/\/blogs.diariosur.es\/tormentas-y-rayos\/wp-json\/wp\/v2\/types\/post"}],"author":[{"embeddable":true,"href":"https:\/\/blogs.diariosur.es\/tormentas-y-rayos\/wp-json\/wp\/v2\/users\/16"}],"replies":[{"embeddable":true,"href":"https:\/\/blogs.diariosur.es\/tormentas-y-rayos\/wp-json\/wp\/v2\/comments?post=41363"}],"version-history":[{"count":20,"href":"https:\/\/blogs.diariosur.es\/tormentas-y-rayos\/wp-json\/wp\/v2\/posts\/41363\/revisions"}],"predecessor-version":[{"id":47446,"href":"https:\/\/blogs.diariosur.es\/tormentas-y-rayos\/wp-json\/wp\/v2\/posts\/41363\/revisions\/47446"}],"wp:featuredmedia":[{"embeddable":true,"href":"https:\/\/blogs.diariosur.es\/tormentas-y-rayos\/wp-json\/wp\/v2\/media\/40753"}],"wp:attachment":[{"href":"https:\/\/blogs.diariosur.es\/tormentas-y-rayos\/wp-json\/wp\/v2\/media?parent=41363"}],"wp:term":[{"taxonomy":"category","embeddable":true,"href":"https:\/\/blogs.diariosur.es\/tormentas-y-rayos\/wp-json\/wp\/v2\/categories?post=41363"},{"taxonomy":"post_tag","embeddable":true,"href":"https:\/\/blogs.diariosur.es\/tormentas-y-rayos\/wp-json\/wp\/v2\/tags?post=41363"}],"curies":[{"name":"wp","href":"https:\/\/api.w.org\/{rel}","templated":true}]}}