{"id":41376,"date":"2024-08-01T08:22:04","date_gmt":"2024-08-01T06:22:04","guid":{"rendered":"https:\/\/blogs.diariosur.es\/tormentas-y-rayos\/?p=41376"},"modified":"2025-11-09T20:57:12","modified_gmt":"2025-11-09T19:57:12","slug":"41376","status":"publish","type":"post","link":"https:\/\/blogs.diariosur.es\/tormentas-y-rayos\/2024\/08\/01\/41376\/","title":{"rendered":"\u00bfHa hecho mucho calor este julio en M\u00e1laga? \u00bfC\u00f3mo han sido los 20 a\u00f1os anteriores?"},"content":{"rendered":"<p><a href=\"https:\/\/static-blogs.diariosur.es\/wp-content\/uploads\/sites\/12\/2024\/02\/379337914_10227628075666406_6248628726251100327_n.jpg\"><img loading=\"lazy\" class=\"aligncenter size-thumbnail wp-image-39879\" src=\"https:\/\/static-blogs.diariosur.es\/wp-content\/uploads\/sites\/12\/2024\/02\/379337914_10227628075666406_6248628726251100327_n-150x150.jpg\" alt=\"\" width=\"150\" height=\"150\" \/><\/a><\/p>\n<p data-pm-slice=\"1 1 []\">Buenos d\u00edas, amigos de la meteo. En estos momentos, cuando son las siete de la ma\u00f1ana, el terral ya es protagonista en M\u00e1laga capital. A \u00faltima hora veremos las temperaturas m\u00e1ximas a las que hemos llegado en las zonas habituales de la provincia. Pienso que habr\u00e1 lucha en la capital, entre el terral y las brisas de levante en zonas m\u00e1s cercanas al mar. El terral ir\u00e1 por barrios, d\u00e1ndose las m\u00e1s altas por zonas cercanas al aeropuerto,\u00a0Campanillas y zona nor-noroeste de la capital.<\/p>\n<h3>\u00bfHa hecho mucho calor este julio en M\u00e1laga? \u00bfC\u00f3mo han sido los 20 a\u00f1os anteriores?<\/h3>\n<p>Este julio de 2024, la temperatura media en la estaci\u00f3n de la Aemet del aeropuerto ha sido de 27 \u00baC; compar\u00e1ndolo con el a\u00f1o pasado, ha sido m\u00e1s &#8220;fresquito&#8221;; recordar que el a\u00f1o pasado fue el m\u00e1s c\u00e1lido desde que se tienen registros, con <strong>29.4 \u00baC.\u00a0<\/strong><\/p>\n<p>La temperatura media normal en el aeropuerto es de 25.5 \u00baC en el periodo 1981-2010 y 26 \u00baC en el periodo 1991-2020.<\/p>\n<p>Mirando la temperatura media de este mes, ha sido un grado m\u00e1s alta que la media, periodo 1991-2020. En dos palabras: mucho calor, pero mucho menos que julio del a\u00f1o pasado.<\/p>\n<p>Solamente en dos ocasiones hemos sobrepasado los 40 \u00b0C en el Aeropuerto; uno fue el 21 de julio con 40.1 y el otro d\u00eda 12 con 40.8. No podemos quejarnos\u00a0compar\u00e1ndonos con C\u00f3rdoba Aeropuerto, que ha sobrepasado los 40 y 42 grados en 10 ocasiones.<\/p>\n<p>Muchos me preguntar\u00e9is, \u00bfy el mes de julio m\u00e1s fresco? Pues se dio en el a\u00f1o 1977 con una temperatura media de <strong>23.5 \u00baC;<\/strong> ese a\u00f1o todos dormimos con s\u00e1bana.<\/p>\n<h3><strong>Temperatura media desde el a\u00f1o 2004 al 2024.<\/strong><\/h3>\n<p>En azul pod\u00e9is ver los a\u00f1os que el mes de julio no ha sido caluroso y en rojo los m\u00e1s calurosos.<\/p>\n<p>A\u00d1O 2004\/ 25.5 \u00baC<\/p>\n<p>A\u00d1O 2005\/27 \u00baC<\/p>\n<p>A\u00d1O 2006\/ 26.3 \u00baC<\/p>\n<p>A\u00d1O 2007\/ 25.8 \u00baC<\/p>\n<p>A\u00d1O 2008\/27 \u00baC<\/p>\n<p>A\u00d1O 2009\/ 27.1 \u00baC<\/p>\n<p>A\u00d1O 2010\/ 26.7 \u00baC<\/p>\n<p>A\u00d1O 2011\/ 26.7 \u00baC<\/p>\n<p>A\u00d1O 2012\/ 26.4 \u00baC<\/p>\n<p>A\u00d1O 2013\/ 25.5 \u00baC<\/p>\n<p>A\u00d1O 2014\/ 26.1 \u00baC<\/p>\n<p>A\u00d1O 2015\/ 28.3 \u00baC<\/p>\n<p>A\u00d1O 2016\/26.6 \u00baC<\/p>\n<p>A\u00d1O 2017\/ 25.7 \u00baC<\/p>\n<p>A\u00d1O 2018\/27 \u00baC<\/p>\n<p>A\u00d1O 2019\/ 27.1 \u00baC<\/p>\n<p>A\u00d1O 2020\/26.7 \u00b0C<\/p>\n<p>A\u00d1O 2021\/ 27.2 \u00baC<\/p>\n<p>A\u00d1O 2022\/ 26.8 \u00baC<\/p>\n<p>A\u00d1O 2023\/ 29.4 \u00baC<\/p>\n<p>A\u00d1O 2024\/26 \u00b0C<\/p>\n<p>Hasta ma\u00f1ana.<\/p>\n<p>&nbsp;<\/p>\n<p>&nbsp;<\/p>\n","protected":false},"excerpt":{"rendered":"<p>Buenos d\u00edas, amigos de la meteo. En estos momentos, cuando son las siete de la ma\u00f1ana, el terral ya es protagonista en M\u00e1laga capital. A \u00faltima hora veremos las temperaturas m\u00e1ximas a las que hemos llegado en las zonas habituales de la provincia. Pienso que habr\u00e1 lucha en la capital, entre el terral y las [&hellip;]<\/p>\n","protected":false},"author":16,"featured_media":41354,"comment_status":"open","ping_status":"open","sticky":false,"template":"","format":"standard","meta":[],"categories":[2],"tags":[81,94,151,587,962,975],"_links":{"self":[{"href":"https:\/\/blogs.diariosur.es\/tormentas-y-rayos\/wp-json\/wp\/v2\/posts\/41376"}],"collection":[{"href":"https:\/\/blogs.diariosur.es\/tormentas-y-rayos\/wp-json\/wp\/v2\/posts"}],"about":[{"href":"https:\/\/blogs.diariosur.es\/tormentas-y-rayos\/wp-json\/wp\/v2\/types\/post"}],"author":[{"embeddable":true,"href":"https:\/\/blogs.diariosur.es\/tormentas-y-rayos\/wp-json\/wp\/v2\/users\/16"}],"replies":[{"embeddable":true,"href":"https:\/\/blogs.diariosur.es\/tormentas-y-rayos\/wp-json\/wp\/v2\/comments?post=41376"}],"version-history":[{"count":4,"href":"https:\/\/blogs.diariosur.es\/tormentas-y-rayos\/wp-json\/wp\/v2\/posts\/41376\/revisions"}],"predecessor-version":[{"id":47449,"href":"https:\/\/blogs.diariosur.es\/tormentas-y-rayos\/wp-json\/wp\/v2\/posts\/41376\/revisions\/47449"}],"wp:featuredmedia":[{"embeddable":true,"href":"https:\/\/blogs.diariosur.es\/tormentas-y-rayos\/wp-json\/wp\/v2\/media\/41354"}],"wp:attachment":[{"href":"https:\/\/blogs.diariosur.es\/tormentas-y-rayos\/wp-json\/wp\/v2\/media?parent=41376"}],"wp:term":[{"taxonomy":"category","embeddable":true,"href":"https:\/\/blogs.diariosur.es\/tormentas-y-rayos\/wp-json\/wp\/v2\/categories?post=41376"},{"taxonomy":"post_tag","embeddable":true,"href":"https:\/\/blogs.diariosur.es\/tormentas-y-rayos\/wp-json\/wp\/v2\/tags?post=41376"}],"curies":[{"name":"wp","href":"https:\/\/api.w.org\/{rel}","templated":true}]}}