{"id":41396,"date":"2024-08-02T19:05:13","date_gmt":"2024-08-02T17:05:13","guid":{"rendered":"https:\/\/blogs.diariosur.es\/tormentas-y-rayos\/?p=41396"},"modified":"2025-11-09T20:54:52","modified_gmt":"2025-11-09T19:54:52","slug":"malaga-capital-registra-la-temperatura-mas-alta-del-verano-2024-probable-minigalerna-esta-proxima-madrugada","status":"publish","type":"post","link":"https:\/\/blogs.diariosur.es\/tormentas-y-rayos\/2024\/08\/02\/malaga-capital-registra-la-temperatura-mas-alta-del-verano-2024-probable-minigalerna-esta-proxima-madrugada\/","title":{"rendered":"M\u00e1laga capital registra la temperatura m\u00e1s alta del verano 2024. Probable minigalerna esta pr\u00f3xima madrugada."},"content":{"rendered":"<p><a href=\"https:\/\/static-blogs.diariosur.es\/wp-content\/uploads\/sites\/12\/2024\/05\/444912498_10228884468795449_97962860407814916_n.jpg\"><img loading=\"lazy\" class=\"aligncenter size-thumbnail wp-image-40751\" src=\"https:\/\/static-blogs.diariosur.es\/wp-content\/uploads\/sites\/12\/2024\/05\/444912498_10228884468795449_97962860407814916_n-150x150.jpg\" alt=\"\" width=\"150\" height=\"150\" \/><\/a><\/p>\n<p data-pm-slice=\"1 1 []\">Buenas tardes, amigos de la meteo. Muy poquito que leer. La estaci\u00f3n de la Aemet del aeropuerto de M\u00e1laga registra la temperatura m\u00e1s alta de lo que llevamos del verano 2024 con 42,2\u00b0C.<\/p>\n<p>Nos hemos quedado a casi dos grados de igualar los 44 \u00b0C del a\u00f1o 1953, un 9 de agosto.<\/p>\n<p>Esta pr\u00f3xima madrugada del s\u00e1bado o a primera hora de la ma\u00f1ana, cambiar\u00e1 a levante con rachas fuertes, probable minigalerna malague\u00f1a. Probabilidad de nubes bajas.<\/p>\n<p>Este fin de semana, a partir de las ocho de la ma\u00f1ana, no tendremos terral.<\/p>\n<p>Hasta ma\u00f1ana.<\/p>\n","protected":false},"excerpt":{"rendered":"<p>Buenas tardes, amigos de la meteo. Muy poquito que leer. La estaci\u00f3n de la Aemet del aeropuerto de M\u00e1laga registra la temperatura m\u00e1s alta de lo que llevamos del verano 2024 con 42,2\u00b0C. Nos hemos quedado a casi dos grados de igualar los 44 \u00b0C del a\u00f1o 1953, un 9 de agosto. Esta pr\u00f3xima madrugada [&hellip;]<\/p>\n","protected":false},"author":16,"featured_media":39629,"comment_status":"open","ping_status":"open","sticky":false,"template":"","format":"standard","meta":[],"categories":[2],"tags":[],"_links":{"self":[{"href":"https:\/\/blogs.diariosur.es\/tormentas-y-rayos\/wp-json\/wp\/v2\/posts\/41396"}],"collection":[{"href":"https:\/\/blogs.diariosur.es\/tormentas-y-rayos\/wp-json\/wp\/v2\/posts"}],"about":[{"href":"https:\/\/blogs.diariosur.es\/tormentas-y-rayos\/wp-json\/wp\/v2\/types\/post"}],"author":[{"embeddable":true,"href":"https:\/\/blogs.diariosur.es\/tormentas-y-rayos\/wp-json\/wp\/v2\/users\/16"}],"replies":[{"embeddable":true,"href":"https:\/\/blogs.diariosur.es\/tormentas-y-rayos\/wp-json\/wp\/v2\/comments?post=41396"}],"version-history":[{"count":5,"href":"https:\/\/blogs.diariosur.es\/tormentas-y-rayos\/wp-json\/wp\/v2\/posts\/41396\/revisions"}],"predecessor-version":[{"id":47448,"href":"https:\/\/blogs.diariosur.es\/tormentas-y-rayos\/wp-json\/wp\/v2\/posts\/41396\/revisions\/47448"}],"wp:featuredmedia":[{"embeddable":true,"href":"https:\/\/blogs.diariosur.es\/tormentas-y-rayos\/wp-json\/wp\/v2\/media\/39629"}],"wp:attachment":[{"href":"https:\/\/blogs.diariosur.es\/tormentas-y-rayos\/wp-json\/wp\/v2\/media?parent=41396"}],"wp:term":[{"taxonomy":"category","embeddable":true,"href":"https:\/\/blogs.diariosur.es\/tormentas-y-rayos\/wp-json\/wp\/v2\/categories?post=41396"},{"taxonomy":"post_tag","embeddable":true,"href":"https:\/\/blogs.diariosur.es\/tormentas-y-rayos\/wp-json\/wp\/v2\/tags?post=41396"}],"curies":[{"name":"wp","href":"https:\/\/api.w.org\/{rel}","templated":true}]}}