{"id":41424,"date":"2024-08-05T08:13:49","date_gmt":"2024-08-05T06:13:49","guid":{"rendered":"https:\/\/blogs.diariosur.es\/tormentas-y-rayos\/?p=41424"},"modified":"2025-11-09T17:52:36","modified_gmt":"2025-11-09T16:52:36","slug":"cual-es-la-temperatura-del-agua-mas-alta-y-mas-baja-que-se-ha-dado-en-la-boya-del-puerto-de-malaga-desde1985","status":"publish","type":"post","link":"https:\/\/blogs.diariosur.es\/tormentas-y-rayos\/2024\/08\/05\/cual-es-la-temperatura-del-agua-mas-alta-y-mas-baja-que-se-ha-dado-en-la-boya-del-puerto-de-malaga-desde1985\/","title":{"rendered":"\u00bfCu\u00e1l es la temperatura del agua m\u00e1s alta y m\u00e1s baja que se ha dado en la boya del Puerto de M\u00e1laga desde1985?"},"content":{"rendered":"<blockquote><p><a href=\"https:\/\/static-blogs.diariosur.es\/wp-content\/uploads\/sites\/12\/2023\/10\/391553712_10227849747128054_5906882869659171719_n.jpg\"><img loading=\"lazy\" class=\"aligncenter size-thumbnail wp-image-38725\" src=\"https:\/\/static-blogs.diariosur.es\/wp-content\/uploads\/sites\/12\/2023\/10\/391553712_10227849747128054_5906882869659171719_n-150x150.jpg\" alt=\"\" width=\"150\" height=\"150\" \/><\/a><\/p><\/blockquote>\n<p data-pm-slice=\"1 1 []\">Muy buenos d\u00edas, amigos de la meteo. Cuando son las siete y media de la ma\u00f1ana en M\u00e1laga capital, la estaci\u00f3n del aeropuerto registra 23.8 \u00b0C, la humedad ronda el 70% y el viento sopla flojo de sur-sureste. Hoy se espera en M\u00e1laga capital una m\u00e1xima de 32 \u00b0C; hay nuevamente probabilidad de nubes bajas y tar\u00f3.<\/p>\n<p>Como ahora mismo de lo que m\u00e1s se habla es de la temperatura del agua del mar en M\u00e1laga, despu\u00e9s de un mes de julio fresquita, he investigado en la p\u00e1gina de Puertos del Estado y os pongo estos datos muy interesantes.<\/p>\n<p>La temperatura m\u00e1s alta se registr\u00f3 el 7 de agosto del a\u00f1o\u00a0<strong>2015<\/strong>\u00a0con<strong>\u00a0<\/strong><strong>29.1<\/strong>\u00a0<strong>grados<\/strong>\u00a0a las 16:00 horas, como en el Caribe. Hoy 5 de agosto de 2024, la boya marca 24.6.<\/p>\n<p>Tambi\u00e9n he investigado la temperatura m\u00e1s<strong>\u00a0fr\u00eda<\/strong>\u00a0que se ha dado en julio y agosto; os pongo las fechas.<\/p>\n<p>Ocho de julio del a\u00f1o 2014 se dio una temperatura<span style=\"color: #666699;\">\u00a0<\/span><span style=\"color: #0000ff;\"><strong>15.4 grados.<\/strong><\/span><\/p>\n<p>Tres de agosto del a\u00f1o 2014 se dio una temperatura de\u00a0<strong><span style=\"color: #3366ff;\">16.3 grados<\/span><span style=\"color: #0000ff;\">.<\/span><\/strong><\/p>\n<p><span style=\"color: #0000ff;\">Y la m\u00e1s fr\u00eda se dio<\/span> el 25 de enero del 2020 con\u00a0<span style=\"color: #3366ff;\"><strong>11.7 grados<\/strong><\/span>. Ese d\u00eda solo me moje los pies jijiji.<\/p>\n<p>Todos estos datos son de Puerto del Estado desde 1985 que empez\u00f3 a tomar datos. La boya est\u00e1 fuera del puerto, tambi\u00e9n mide la altura de las olas.<\/p>\n<p>&nbsp;<\/p>\n","protected":false},"excerpt":{"rendered":"<p>Muy buenos d\u00edas, amigos de la meteo. Cuando son las siete y media de la ma\u00f1ana en M\u00e1laga capital, la estaci\u00f3n del aeropuerto registra 23.8 \u00b0C, la humedad ronda el 70% y el viento sopla flojo de sur-sureste. Hoy se espera en M\u00e1laga capital una m\u00e1xima de 32 \u00b0C; hay nuevamente probabilidad de nubes bajas [&hellip;]<\/p>\n","protected":false},"author":16,"featured_media":41428,"comment_status":"open","ping_status":"open","sticky":false,"template":"","format":"standard","meta":[],"categories":[2],"tags":[151,1851,597,676,1120,961,975],"_links":{"self":[{"href":"https:\/\/blogs.diariosur.es\/tormentas-y-rayos\/wp-json\/wp\/v2\/posts\/41424"}],"collection":[{"href":"https:\/\/blogs.diariosur.es\/tormentas-y-rayos\/wp-json\/wp\/v2\/posts"}],"about":[{"href":"https:\/\/blogs.diariosur.es\/tormentas-y-rayos\/wp-json\/wp\/v2\/types\/post"}],"author":[{"embeddable":true,"href":"https:\/\/blogs.diariosur.es\/tormentas-y-rayos\/wp-json\/wp\/v2\/users\/16"}],"replies":[{"embeddable":true,"href":"https:\/\/blogs.diariosur.es\/tormentas-y-rayos\/wp-json\/wp\/v2\/comments?post=41424"}],"version-history":[{"count":8,"href":"https:\/\/blogs.diariosur.es\/tormentas-y-rayos\/wp-json\/wp\/v2\/posts\/41424\/revisions"}],"predecessor-version":[{"id":47440,"href":"https:\/\/blogs.diariosur.es\/tormentas-y-rayos\/wp-json\/wp\/v2\/posts\/41424\/revisions\/47440"}],"wp:featuredmedia":[{"embeddable":true,"href":"https:\/\/blogs.diariosur.es\/tormentas-y-rayos\/wp-json\/wp\/v2\/media\/41428"}],"wp:attachment":[{"href":"https:\/\/blogs.diariosur.es\/tormentas-y-rayos\/wp-json\/wp\/v2\/media?parent=41424"}],"wp:term":[{"taxonomy":"category","embeddable":true,"href":"https:\/\/blogs.diariosur.es\/tormentas-y-rayos\/wp-json\/wp\/v2\/categories?post=41424"},{"taxonomy":"post_tag","embeddable":true,"href":"https:\/\/blogs.diariosur.es\/tormentas-y-rayos\/wp-json\/wp\/v2\/tags?post=41424"}],"curies":[{"name":"wp","href":"https:\/\/api.w.org\/{rel}","templated":true}]}}