{"id":41433,"date":"2024-08-07T09:06:20","date_gmt":"2024-08-07T07:06:20","guid":{"rendered":"https:\/\/blogs.diariosur.es\/tormentas-y-rayos\/?p=41433"},"modified":"2025-11-09T17:50:30","modified_gmt":"2025-11-09T16:50:30","slug":"cuantos-terrales-hemos-tenido-en-la-feria-de-malaga-desde-el-ano-2007","status":"publish","type":"post","link":"https:\/\/blogs.diariosur.es\/tormentas-y-rayos\/2024\/08\/07\/cuantos-terrales-hemos-tenido-en-la-feria-de-malaga-desde-el-ano-2007\/","title":{"rendered":"\u00bfCu\u00e1ntos terrales hemos tenido en la Feria de M\u00e1laga desde el a\u00f1o 2007?"},"content":{"rendered":"<p><a href=\"https:\/\/static-blogs.diariosur.es\/wp-content\/uploads\/sites\/12\/2023\/10\/243418660_10223324765526342_8448445083528661051_n.jpg\"><img loading=\"lazy\" class=\"aligncenter size-thumbnail wp-image-38644\" src=\"https:\/\/static-blogs.diariosur.es\/wp-content\/uploads\/sites\/12\/2023\/10\/243418660_10223324765526342_8448445083528661051_n-150x150.jpg\" alt=\"\" width=\"150\" height=\"150\" \/><\/a><\/p>\n<p data-pm-slice=\"1 1 []\">Buenos d\u00edas, amigos de la meteo. Se acerca la Feria de M\u00e1laga y la pregunta del mill\u00f3n es: \u00bftendremos terral? Ante la creencia popular de que siempre tenemos algunos d\u00edas en la Feria, no es cierto, como ver\u00e9is m\u00e1s adelante.<\/p>\n<p>Los datos que os pongo son del aeropuerto a partir de 36\u00b0C; es el umbral para activar el aviso amarillo por la Aemet en M\u00e1laga por altas temperaturas cuando entra el terral. Como tenemos dos recintos feriales, donde suele hacer m\u00e1s calor es en Cortijo Torres; en el centro, aunque haya terral, en ocasiones entran brisas del mar.<\/p>\n<p><strong><span style=\"color: #ff0000;\">A\u00f1o 2007. La Feria fue del 11 al 19. El d\u00eda 11 registramos 36.6 \u00baC, el d\u00eda 12 registramos 36.7 \u00baC y el d\u00eda 16 registramos 36.8 \u00baC<\/span><\/strong><\/p>\n<p><span style=\"color: #0000ff;\"><strong>A\u00f1o 2008. La Feria fue del 16 al 24. No tuvimos terral<\/strong><\/span><\/p>\n<p><strong><span style=\"color: #0000ff;\">A\u00f1o 2009. La Feria fue del 15 al 22. No tuvimos terral<\/span><\/strong><\/p>\n<p><strong><span style=\"color: #0000ff;\">A\u00f1o 2010. La Feria fue del 14 al 21. No tuvimos terral<\/span><\/strong><\/p>\n<p><strong><span style=\"color: #0000ff;\">A\u00f1o 2011. La Feria fue del 13 al 21. No tuvimos terral<\/span><\/strong><\/p>\n<p><strong><span style=\"color: #ff0000;\">A\u00f1o 2012. La Feria fue del 13 al 21. El d\u00eda 12 registramos 41.4 \u00baC y el d\u00eda 15 registramos 37 \u00baC<\/span><\/strong><\/p>\n<p><strong><span style=\"color: #0000ff;\">A\u00f1o 2013. La Feria fue del 17 al 24. No tuvimos terral<\/span><\/strong><\/p>\n<p><strong><span style=\"color: #ff0000;\">A\u00f1o 2014. La Feria fue del 16 al 23. El d\u00eda 20 registramos 37.5 \u00baC<\/span><\/strong><\/p>\n<p><strong><span style=\"color: #0000ff;\">A\u00f1o 2015. La Feria fue del 14 al 22. No tuvimos terral<\/span><\/strong><\/p>\n<p><strong><span style=\"color: #ff00ff;\">A\u00f1o 2016. La Feria fue del 13 al 20. El d\u00eda 18 registramos 37.6 \u00baC, el d\u00eda 19 registramos 39.2 \u00baC y el d\u00eda 20 registramos 40.5 \u00baC<\/span><\/strong><\/p>\n<p><strong><span style=\"color: #0000ff;\">A\u00f1o 2017. La Feria fue del 12 al 19. No tuvimos terral<\/span><\/strong><\/p>\n<p><strong><span style=\"color: #ff0000;\">A\u00f1o 2018. La feria fue del 11 al 19. El d\u00eda 14 registramos 36.5 \u00baC<\/span><\/strong><\/p>\n<p><strong><span style=\"color: #ff0000;\">A\u00f1o 2019. La feria fue del 15 al 24. El dia 19 registramos 37.8 \u00baC<\/span><\/strong><\/p>\n<p><strong>A\u00f1o 2020. Pandemia<\/strong><\/p>\n<p><strong>A\u00f1o 2021. Pandemia<\/strong><\/p>\n<p><strong><span style=\"color: #ff00ff;\">A\u00f1o 2022.<\/span> <span style=\"color: #ff00ff;\">La Feria fue del 13 al 20. El d\u00eda 13 registramos 39.2 \u00baC, el dia 14 registramos 39.1 \u00baC, el d\u00eda 15 registramos 36.4 \u00baC,\u00a0 el dia 16 registramos 36.4 \u00baC. Probablemente la m\u00e1s calurosa.<\/span><\/strong><\/p>\n<p><strong><span style=\"color: #ff0000;\">A\u00f1o 2023. La Feria fue del 12 al 19. El dia 18 registramos 40.2 \u00baC<\/span><\/strong><\/p>\n<p><span style=\"color: #ff0000;\"><strong>A\u00f1o 2024. La Feria fue del 17 al 24. El dia 18 registramos 38,2 \u00baC<\/strong><\/span><\/p>\n<p>&nbsp;<\/p>\n","protected":false},"excerpt":{"rendered":"<p>Buenos d\u00edas, amigos de la meteo. Se acerca la Feria de M\u00e1laga y la pregunta del mill\u00f3n es: \u00bftendremos terral? Ante la creencia popular de que siempre tenemos algunos d\u00edas en la Feria, no es cierto, como ver\u00e9is m\u00e1s adelante. Los datos que os pongo son del aeropuerto a partir de 36\u00b0C; es el umbral [&hellip;]<\/p>\n","protected":false},"author":16,"featured_media":41438,"comment_status":"open","ping_status":"open","sticky":false,"template":"","format":"standard","meta":[],"categories":[2],"tags":[358,408,587,800],"_links":{"self":[{"href":"https:\/\/blogs.diariosur.es\/tormentas-y-rayos\/wp-json\/wp\/v2\/posts\/41433"}],"collection":[{"href":"https:\/\/blogs.diariosur.es\/tormentas-y-rayos\/wp-json\/wp\/v2\/posts"}],"about":[{"href":"https:\/\/blogs.diariosur.es\/tormentas-y-rayos\/wp-json\/wp\/v2\/types\/post"}],"author":[{"embeddable":true,"href":"https:\/\/blogs.diariosur.es\/tormentas-y-rayos\/wp-json\/wp\/v2\/users\/16"}],"replies":[{"embeddable":true,"href":"https:\/\/blogs.diariosur.es\/tormentas-y-rayos\/wp-json\/wp\/v2\/comments?post=41433"}],"version-history":[{"count":10,"href":"https:\/\/blogs.diariosur.es\/tormentas-y-rayos\/wp-json\/wp\/v2\/posts\/41433\/revisions"}],"predecessor-version":[{"id":47438,"href":"https:\/\/blogs.diariosur.es\/tormentas-y-rayos\/wp-json\/wp\/v2\/posts\/41433\/revisions\/47438"}],"wp:featuredmedia":[{"embeddable":true,"href":"https:\/\/blogs.diariosur.es\/tormentas-y-rayos\/wp-json\/wp\/v2\/media\/41438"}],"wp:attachment":[{"href":"https:\/\/blogs.diariosur.es\/tormentas-y-rayos\/wp-json\/wp\/v2\/media?parent=41433"}],"wp:term":[{"taxonomy":"category","embeddable":true,"href":"https:\/\/blogs.diariosur.es\/tormentas-y-rayos\/wp-json\/wp\/v2\/categories?post=41433"},{"taxonomy":"post_tag","embeddable":true,"href":"https:\/\/blogs.diariosur.es\/tormentas-y-rayos\/wp-json\/wp\/v2\/tags?post=41433"}],"curies":[{"name":"wp","href":"https:\/\/api.w.org\/{rel}","templated":true}]}}