{"id":41442,"date":"2024-08-07T17:05:15","date_gmt":"2024-08-07T15:05:15","guid":{"rendered":"https:\/\/blogs.diariosur.es\/tormentas-y-rayos\/?p=41442"},"modified":"2024-08-09T06:46:17","modified_gmt":"2024-08-09T04:46:17","slug":"aviso-especial-por-ola-de-calor-en-espana","status":"publish","type":"post","link":"https:\/\/blogs.diariosur.es\/tormentas-y-rayos\/2024\/08\/07\/aviso-especial-por-ola-de-calor-en-espana\/","title":{"rendered":"Aviso especial por ola de calor en Espa\u00f1a."},"content":{"rendered":"<p><a href=\"https:\/\/static-blogs.diariosur.es\/wp-content\/uploads\/sites\/12\/2024\/05\/444912498_10228884468795449_97962860407814916_n.jpg\"><img loading=\"lazy\" class=\"aligncenter size-thumbnail wp-image-40751\" src=\"https:\/\/static-blogs.diariosur.es\/wp-content\/uploads\/sites\/12\/2024\/05\/444912498_10228884468795449_97962860407814916_n-150x150.jpg\" alt=\"\" width=\"150\" height=\"150\" \/><\/a><\/p>\n<p>Buenas tardes, amigos de la meteo. La aemet saca un aviso especial por ola de calor. La provincia de M\u00e1laga se libra, luego veremos si cuando termine la ola de calor, entra el terral.<\/p>\n<p><strong>1.-Fen\u00f3meno meteorol\u00f3gico: Ola de calor.<\/strong><br \/>\n<strong>2.-\u00c1mbito geogr\u00e1fico: Valles de los grandes r\u00edos y depresiones del nordeste.<\/strong><br \/>\n<strong>3.-Comienzo de la situaci\u00f3n: Viernes 9<\/strong><br \/>\n<strong>4.-Duraci\u00f3n: Hasta el domingo 11, al menos.<\/strong><br \/>\n<strong>5.-Grado de probabilidad: Alto (mayor al 70 %).<\/strong><br \/>\n<strong>6.-Descripci\u00f3n de la situaci\u00f3n meteorol\u00f3gica:<\/strong><\/p>\n<p>La actual situaci\u00f3n de estabilidad atmosf\u00e9rica, con cielos poco nubosos, elevada insolaci\u00f3n y vientos flojos, tender\u00e1 a mantenerse y reforzarse en los pr\u00f3ximos d\u00edas, especialmente a partir del viernes con el desarrollo de una dorsal en niveles medios. Por este motivo se espera que las temperaturas, ya elevadas, contin\u00faen ascendiendo progresivamente en las pr\u00f3ximas jornadas, favorecidas por un viento del sur y sureste, alcanzando valores de peligro importante, especialmente en los valles delos grandes r\u00edos peninsulares y depresiones del nordeste.<br \/>\nMa\u00f1ana las temperaturas diurnas ascender\u00e1n en el tercio norte y descender\u00e1n en el tercio sur, mientras que el viernes y el s\u00e1bado se esperan ascensos generalizados, especialmente el s\u00e1bado en el alto Ebro y Galicia. Con ello, es probable que el viernes se superen los 39 oC en el medio Ebro, depresiones de Huesca y Lleida, valle del Guadalquivir, Granada y puntos del centro peninsular y valle del Duero, sin descartar que se alcancen tambi\u00e9n en el valle del Mi\u00f1o; y los 40 oC en los valles del Tajo y Guadiana.<br \/>\nEl s\u00e1bado 10 ser\u00e1 el d\u00eda \u00e1lgido del episodio, y es probable que se superen los 39-40 oC de forma generalizada en los valles del Ebro, Duero, Tajo, Guadiana y Guadalquivir, as\u00ed como en puntos del Mi\u00f1o; centro peninsular; oeste de la meseta Sur, y cuenca del Genil. Adem\u00e1s, es probable que se superen los 34 oC en el oeste de Galicia y los 36 oC en el resto de la meseta Norte, interior de Catalu\u00f1a, norte de la Comunidad Valenciana y sur de Baleares.<br \/>\nEl domingo 11 es probable que comience a entrar una masa atl\u00e1ntica m\u00e1s fresca por el tercio occidental peninsular, si bien las temperaturas se mantendr\u00e1n con pocos cambios o incluso en ascenso en buena parte del territorio, especialmente en el Cant\u00e1brico, donde el viento del sur podr\u00eda dar lugar a ascensos notables de temperatura. Con ello, es probable que se superen de nuevo los 39-40 oC en los valles del Ebro, Tajo, Guadiana y Guadalquivir; cuenca del Genil; centro peninsular; meseta Sur, y de forma menos generalizada en los valles del Duero y Mi\u00f1o. No se descarta que en el alto Ebro y Cant\u00e1brico oriental se puedan alcanzar los 42 oC. En el resto del territorio, salvo zonas litorales, es probable que se alcancen los 36 oC.<\/p>\n<p>Las temperaturas m\u00ednimas tambi\u00e9n ser\u00e1n elevadas entre el viernes y el domingo, con noches por encima de 22-25 oC en buena parte del territorio, especialmente en los valles y, el domingo, en el Cant\u00e1brico oriental. A partir del lunes 12 es probable que comience un descenso de las temperaturas, especialmente en el Cant\u00e1brico, que continuar\u00eda en los pr\u00f3ximos d\u00edas, si bien existe un margen de incertidumbre respecto a la magnitud de dicho descenso. A pesar de este descenso, las temperaturas continuar\u00e1n en valores elevados, especialmente en los valles de la mitad sur peninsular y el Ebro, si bien es probable que no se satisfagan los criterios de ola de calor<\/p>\n","protected":false},"excerpt":{"rendered":"<p>Buenas tardes, amigos de la meteo. La aemet saca un aviso especial por ola de calor. La provincia de M\u00e1laga se libra, luego veremos si cuando termine la ola de calor, entra el terral. 1.-Fen\u00f3meno meteorol\u00f3gico: Ola de calor. 2.-\u00c1mbito geogr\u00e1fico: Valles de los grandes r\u00edos y depresiones del nordeste. 3.-Comienzo de la situaci\u00f3n: Viernes [&hellip;]<\/p>\n","protected":false},"author":16,"featured_media":37327,"comment_status":"open","ping_status":"open","sticky":false,"template":"","format":"standard","meta":[],"categories":[2],"tags":[50,212,375,732],"_links":{"self":[{"href":"https:\/\/blogs.diariosur.es\/tormentas-y-rayos\/wp-json\/wp\/v2\/posts\/41442"}],"collection":[{"href":"https:\/\/blogs.diariosur.es\/tormentas-y-rayos\/wp-json\/wp\/v2\/posts"}],"about":[{"href":"https:\/\/blogs.diariosur.es\/tormentas-y-rayos\/wp-json\/wp\/v2\/types\/post"}],"author":[{"embeddable":true,"href":"https:\/\/blogs.diariosur.es\/tormentas-y-rayos\/wp-json\/wp\/v2\/users\/16"}],"replies":[{"embeddable":true,"href":"https:\/\/blogs.diariosur.es\/tormentas-y-rayos\/wp-json\/wp\/v2\/comments?post=41442"}],"version-history":[{"count":5,"href":"https:\/\/blogs.diariosur.es\/tormentas-y-rayos\/wp-json\/wp\/v2\/posts\/41442\/revisions"}],"predecessor-version":[{"id":41456,"href":"https:\/\/blogs.diariosur.es\/tormentas-y-rayos\/wp-json\/wp\/v2\/posts\/41442\/revisions\/41456"}],"wp:featuredmedia":[{"embeddable":true,"href":"https:\/\/blogs.diariosur.es\/tormentas-y-rayos\/wp-json\/wp\/v2\/media\/37327"}],"wp:attachment":[{"href":"https:\/\/blogs.diariosur.es\/tormentas-y-rayos\/wp-json\/wp\/v2\/media?parent=41442"}],"wp:term":[{"taxonomy":"category","embeddable":true,"href":"https:\/\/blogs.diariosur.es\/tormentas-y-rayos\/wp-json\/wp\/v2\/categories?post=41442"},{"taxonomy":"post_tag","embeddable":true,"href":"https:\/\/blogs.diariosur.es\/tormentas-y-rayos\/wp-json\/wp\/v2\/tags?post=41442"}],"curies":[{"name":"wp","href":"https:\/\/api.w.org\/{rel}","templated":true}]}}