{"id":41459,"date":"2024-08-10T08:40:39","date_gmt":"2024-08-10T06:40:39","guid":{"rendered":"https:\/\/blogs.diariosur.es\/tormentas-y-rayos\/?p=41459"},"modified":"2025-11-09T17:46:27","modified_gmt":"2025-11-09T16:46:27","slug":"el-tiempo-en-la-provincia-de-malaga-se-espera-terral-la-semana-que-viene","status":"publish","type":"post","link":"https:\/\/blogs.diariosur.es\/tormentas-y-rayos\/2024\/08\/10\/el-tiempo-en-la-provincia-de-malaga-se-espera-terral-la-semana-que-viene\/","title":{"rendered":"El tiempo en la provincia de M\u00e1laga \u00bfSe espera terral la semana que viene?"},"content":{"rendered":"<p><a href=\"https:\/\/static-blogs.diariosur.es\/wp-content\/uploads\/sites\/12\/2024\/02\/379337914_10227628075666406_6248628726251100327_n.jpg\"><img loading=\"lazy\" class=\"aligncenter size-thumbnail wp-image-39879\" src=\"https:\/\/static-blogs.diariosur.es\/wp-content\/uploads\/sites\/12\/2024\/02\/379337914_10227628075666406_6248628726251100327_n-150x150.jpg\" alt=\"\" width=\"150\" height=\"150\" \/><\/a><\/p>\n<p data-pm-slice=\"1 1 []\">Buenos d\u00edas, amigos de la meteo. Madrugada muy calurosa en M\u00e1laga capital; la temperatura ha rondado los 26 \u00baC y la humedad el 83%. Pienso que en la mayor parte de la provincia no se ha podido conciliar el sue\u00f1o. Debido al levante tenemos nubes bajas; es probable que a lo largo de la ma\u00f1ana se despeje; a \u00faltima hora de la tarde-noche es probable que nuevamente tengamos nubes bajas. La temperatura del agua del mar es de 25 grados en la Misericordia.<\/p>\n<p>Hoy est\u00e1n en aviso amarillo y naranja siete provincias andaluzas; la de M\u00e1laga se libra.<\/p>\n<p>Os paso el mapa de avisos de la Aemet.<\/p>\n<p>&nbsp;<\/p>\n<p><a href=\"https:\/\/static-blogs.diariosur.es\/wp-content\/uploads\/sites\/12\/2024\/08\/Captura-de-pantalla-2024-08-10-081301.jpg\"><img loading=\"lazy\" class=\"aligncenter size-full wp-image-41460\" src=\"https:\/\/static-blogs.diariosur.es\/wp-content\/uploads\/sites\/12\/2024\/08\/Captura-de-pantalla-2024-08-10-081301.jpg\" alt=\"\" width=\"865\" height=\"687\" srcset=\"https:\/\/static-blogs.diariosur.es\/wp-content\/uploads\/sites\/12\/2024\/08\/Captura-de-pantalla-2024-08-10-081301.jpg 865w, https:\/\/static-blogs.diariosur.es\/wp-content\/uploads\/sites\/12\/2024\/08\/Captura-de-pantalla-2024-08-10-081301-504x400.jpg 504w, https:\/\/static-blogs.diariosur.es\/wp-content\/uploads\/sites\/12\/2024\/08\/Captura-de-pantalla-2024-08-10-081301-768x610.jpg 768w\" sizes=\"(max-width: 865px) 100vw, 865px\" \/><\/a><\/p>\n<p>&nbsp;<\/p>\n<p>Ma\u00f1ana domingo, ultimo d\u00eda de la ola de calor, destacar avisos rojos por altas temperaturas en Cantabria y Pa\u00eds Vasco.<\/p>\n<p>Os paso los avisos para ma\u00f1ana domingo.<\/p>\n<p>&nbsp;<\/p>\n<p><a href=\"https:\/\/static-blogs.diariosur.es\/wp-content\/uploads\/sites\/12\/2024\/08\/Captura-de-pantalla-2024-08-10-081651.jpg\"><img loading=\"lazy\" class=\"aligncenter size-full wp-image-41461\" src=\"https:\/\/static-blogs.diariosur.es\/wp-content\/uploads\/sites\/12\/2024\/08\/Captura-de-pantalla-2024-08-10-081651.jpg\" alt=\"\" width=\"866\" height=\"687\" srcset=\"https:\/\/static-blogs.diariosur.es\/wp-content\/uploads\/sites\/12\/2024\/08\/Captura-de-pantalla-2024-08-10-081651.jpg 866w, https:\/\/static-blogs.diariosur.es\/wp-content\/uploads\/sites\/12\/2024\/08\/Captura-de-pantalla-2024-08-10-081651-504x400.jpg 504w, https:\/\/static-blogs.diariosur.es\/wp-content\/uploads\/sites\/12\/2024\/08\/Captura-de-pantalla-2024-08-10-081651-768x609.jpg 768w\" sizes=\"(max-width: 866px) 100vw, 866px\" \/><\/a><\/p>\n<h3><\/h3>\n<h3><span style=\"color: #ff0000;\"><strong>\u00bfSe espera terral la semana que viene?<\/strong><\/span><\/h3>\n<p>&nbsp;<\/p>\n<p data-pm-slice=\"1 1 []\">La probabilidad es alta para el martes d\u00eda 13 y mi\u00e9rcoles 14 en las zonas habituales de la provincia de M\u00e1laga. A\u00fan no est\u00e1 claro qu\u00e9 temperaturas m\u00e1ximas tendremos el martes y mi\u00e9rcoles; ma\u00f1ana por la tarde actualizar\u00e9 nuevamente el blog para comentarlo. Es muy probable que la AEMET active el aviso amarillo para el martes por altas temperaturas de 37 y 38 grados.<\/p>\n<p>Os dejo con esta bonita foto de mi amigo\u00a0Manuel Francisco Duarte Guti\u00e9rrez de la Cueva.<\/p>\n<p>Nos vemos ma\u00f1ana.<\/p>\n<p>&nbsp;<\/p>\n<p>&nbsp;<\/p>\n<p><a href=\"https:\/\/static-blogs.diariosur.es\/wp-content\/uploads\/sites\/12\/2024\/08\/452532165_2729726390524437_7307792624174875086_n.jpg\"><img loading=\"lazy\" class=\"aligncenter size-full wp-image-41463\" src=\"https:\/\/static-blogs.diariosur.es\/wp-content\/uploads\/sites\/12\/2024\/08\/452532165_2729726390524437_7307792624174875086_n.jpg\" alt=\"\" width=\"900\" height=\"675\" srcset=\"https:\/\/static-blogs.diariosur.es\/wp-content\/uploads\/sites\/12\/2024\/08\/452532165_2729726390524437_7307792624174875086_n.jpg 900w, https:\/\/static-blogs.diariosur.es\/wp-content\/uploads\/sites\/12\/2024\/08\/452532165_2729726390524437_7307792624174875086_n-533x400.jpg 533w, https:\/\/static-blogs.diariosur.es\/wp-content\/uploads\/sites\/12\/2024\/08\/452532165_2729726390524437_7307792624174875086_n-768x576.jpg 768w\" sizes=\"(max-width: 900px) 100vw, 900px\" \/><\/a><\/p>\n<p>&nbsp;<\/p>\n","protected":false},"excerpt":{"rendered":"<p>Buenos d\u00edas, amigos de la meteo. Madrugada muy calurosa en M\u00e1laga capital; la temperatura ha rondado los 26 \u00baC y la humedad el 83%. Pienso que en la mayor parte de la provincia no se ha podido conciliar el sue\u00f1o. Debido al levante tenemos nubes bajas; es probable que a lo largo de la ma\u00f1ana [&hellip;]<\/p>\n","protected":false},"author":16,"featured_media":41463,"comment_status":"open","ping_status":"open","sticky":false,"template":"","format":"standard","meta":[],"categories":[2],"tags":[81,1944,212,587,676,732,962,975],"_links":{"self":[{"href":"https:\/\/blogs.diariosur.es\/tormentas-y-rayos\/wp-json\/wp\/v2\/posts\/41459"}],"collection":[{"href":"https:\/\/blogs.diariosur.es\/tormentas-y-rayos\/wp-json\/wp\/v2\/posts"}],"about":[{"href":"https:\/\/blogs.diariosur.es\/tormentas-y-rayos\/wp-json\/wp\/v2\/types\/post"}],"author":[{"embeddable":true,"href":"https:\/\/blogs.diariosur.es\/tormentas-y-rayos\/wp-json\/wp\/v2\/users\/16"}],"replies":[{"embeddable":true,"href":"https:\/\/blogs.diariosur.es\/tormentas-y-rayos\/wp-json\/wp\/v2\/comments?post=41459"}],"version-history":[{"count":4,"href":"https:\/\/blogs.diariosur.es\/tormentas-y-rayos\/wp-json\/wp\/v2\/posts\/41459\/revisions"}],"predecessor-version":[{"id":47435,"href":"https:\/\/blogs.diariosur.es\/tormentas-y-rayos\/wp-json\/wp\/v2\/posts\/41459\/revisions\/47435"}],"wp:featuredmedia":[{"embeddable":true,"href":"https:\/\/blogs.diariosur.es\/tormentas-y-rayos\/wp-json\/wp\/v2\/media\/41463"}],"wp:attachment":[{"href":"https:\/\/blogs.diariosur.es\/tormentas-y-rayos\/wp-json\/wp\/v2\/media?parent=41459"}],"wp:term":[{"taxonomy":"category","embeddable":true,"href":"https:\/\/blogs.diariosur.es\/tormentas-y-rayos\/wp-json\/wp\/v2\/categories?post=41459"},{"taxonomy":"post_tag","embeddable":true,"href":"https:\/\/blogs.diariosur.es\/tormentas-y-rayos\/wp-json\/wp\/v2\/tags?post=41459"}],"curies":[{"name":"wp","href":"https:\/\/api.w.org\/{rel}","templated":true}]}}