{"id":41465,"date":"2024-08-14T20:45:00","date_gmt":"2024-08-14T18:45:00","guid":{"rendered":"https:\/\/blogs.diariosur.es\/tormentas-y-rayos\/?p=41465"},"modified":"2025-11-09T17:36:49","modified_gmt":"2025-11-09T16:36:49","slug":"podria-llover-este-ano-en-la-feria-de-malaga","status":"publish","type":"post","link":"https:\/\/blogs.diariosur.es\/tormentas-y-rayos\/2024\/08\/14\/podria-llover-este-ano-en-la-feria-de-malaga\/","title":{"rendered":"\u00bfPodr\u00eda llover este a\u00f1o en la Feria de M\u00e1laga?"},"content":{"rendered":"<p><a href=\"https:\/\/static-blogs.diariosur.es\/wp-content\/uploads\/sites\/12\/2023\/10\/243418660_10223324765526342_8448445083528661051_n.jpg\"><img loading=\"lazy\" class=\"aligncenter size-thumbnail wp-image-38644\" src=\"https:\/\/static-blogs.diariosur.es\/wp-content\/uploads\/sites\/12\/2023\/10\/243418660_10223324765526342_8448445083528661051_n-150x150.jpg\" alt=\"\" width=\"150\" height=\"150\" \/><\/a><\/p>\n<p>&nbsp;<\/p>\n<p data-pm-slice=\"1 1 []\">Buenas tardes noches, amigos de la meteo. Cu\u00e1ntas veces hemos comentado esto los malague\u00f1os cuando se acerca la Feria: <strong>&#8220;Alg\u00fan d\u00eda en la Feria llueve&#8221;<\/strong>; yo lo he o\u00eddo muchas veces. Ma\u00f1ana jueves, d\u00eda de la Asunci\u00f3n, hay probabilidad de algunas gotillas en alg\u00fan punto de la costa, seg\u00fan el mapa de probabilidad de la AEMET, un 55%. Ya s\u00e9 que no hay Feria.<\/p>\n<p>Como me ha picado mucho la curiosidad, he estado buscando\u00a0los d\u00edas que ha llovido en agosto, sea en Feria o no, desde el a\u00f1o 1942. Pondr\u00e9 el acumulado total del mes y las fechas.<\/p>\n<p>Os adelanto que las veces que ha llovido mucho, se ha debido a una DANA.<\/p>\n<p>A\u00f1o 1944: cayeron 5,9 mm en el mes, entre los d\u00edas 21 y 29.<\/p>\n<p>A\u00f1o 1945: cayeron <strong>29 mm<\/strong>, el d\u00eda 11. Se debi\u00f3 a una vaguada. Os paso el mapa a 500 hPa.<\/p>\n<p>&nbsp;<\/p>\n<p>&nbsp;<\/p>\n<p><a href=\"https:\/\/static-blogs.diariosur.es\/wp-content\/uploads\/sites\/12\/2024\/08\/vaguada.png\"><img loading=\"lazy\" class=\"aligncenter size-full wp-image-41493\" src=\"https:\/\/static-blogs.diariosur.es\/wp-content\/uploads\/sites\/12\/2024\/08\/vaguada.png\" alt=\"\" width=\"768\" height=\"512\" srcset=\"https:\/\/static-blogs.diariosur.es\/wp-content\/uploads\/sites\/12\/2024\/08\/vaguada.png 768w, https:\/\/static-blogs.diariosur.es\/wp-content\/uploads\/sites\/12\/2024\/08\/vaguada-600x400.png 600w\" sizes=\"(max-width: 768px) 100vw, 768px\" \/><\/a><\/p>\n<p>&nbsp;<\/p>\n<p>A\u00f1o 1949 cayeron <strong>44,2 mm,<\/strong> entre los d\u00edas 29 y 30. Os pongo el mapa a 500 hpa, donde se ve la dana. Fuente meteociel<\/p>\n<p>&nbsp;<\/p>\n<p><a href=\"https:\/\/static-blogs.diariosur.es\/wp-content\/uploads\/sites\/12\/2024\/08\/1949.png\"><img loading=\"lazy\" class=\"aligncenter size-full wp-image-41487\" src=\"https:\/\/static-blogs.diariosur.es\/wp-content\/uploads\/sites\/12\/2024\/08\/1949.png\" alt=\"\" width=\"768\" height=\"512\" srcset=\"https:\/\/static-blogs.diariosur.es\/wp-content\/uploads\/sites\/12\/2024\/08\/1949.png 768w, https:\/\/static-blogs.diariosur.es\/wp-content\/uploads\/sites\/12\/2024\/08\/1949-600x400.png 600w\" sizes=\"(max-width: 768px) 100vw, 768px\" \/><\/a><\/p>\n<p>&nbsp;<\/p>\n<p>A\u00f1o 1950 cayeron 6,3 mm, entre los d\u00edas 12 y 21.<\/p>\n<p>A\u00f1o 1952 cayeron 35 mm, entre los d\u00edas 27 y 28, nuevamente una dana. Os paso el mapa a 500 hpa<\/p>\n<p>&nbsp;<\/p>\n<p><a href=\"https:\/\/static-blogs.diariosur.es\/wp-content\/uploads\/sites\/12\/2024\/08\/archives-1952-8-27-18-0.png\"><img loading=\"lazy\" class=\"aligncenter size-full wp-image-41530\" src=\"https:\/\/static-blogs.diariosur.es\/wp-content\/uploads\/sites\/12\/2024\/08\/archives-1952-8-27-18-0.png\" alt=\"\" width=\"768\" height=\"512\" srcset=\"https:\/\/static-blogs.diariosur.es\/wp-content\/uploads\/sites\/12\/2024\/08\/archives-1952-8-27-18-0.png 768w, https:\/\/static-blogs.diariosur.es\/wp-content\/uploads\/sites\/12\/2024\/08\/archives-1952-8-27-18-0-600x400.png 600w\" sizes=\"(max-width: 768px) 100vw, 768px\" \/><\/a><\/p>\n<p>A\u00f1o 1954, un litro, el d\u00eda 30<\/p>\n<p>A\u00f1o 1955, 0,7 d\u00e9cimas el d\u00eda 27<\/p>\n<p>A\u00f1o 1956 cayeron 9 mm, el d\u00eda 21<\/p>\n<p>A\u00f1o 1959 cayeron 2,5 mm, el d\u00eda 29<\/p>\n<p>A\u00f1o 1968 cayeron 11 mm, el d\u00eda 27<\/p>\n<p>A\u00f1o 1969 cayeron 7.1 mm entre los d\u00edas 24 y 31<\/p>\n<p>A\u00f1o 1972 cayeron 1,4 mm el d\u00eda 17<\/p>\n<p>A\u00f1o 1975, cayo 0,7 d\u00e9cimas el d\u00eda 3<\/p>\n<p>A\u00f1o 1980, cayo 0,4 d\u00e9cimas el d\u00eda 26<\/p>\n<p>A\u00f1o 1981 cayeron 20 mm, entre los d\u00edas 3 y 21.<\/p>\n<p>A\u00f1o 1983 cayeron 2 mm el d\u00eda 31<\/p>\n<p>A\u00f1o 1987 cayeron <strong>90 litros<\/strong>, entre los d\u00edas 28 y 29. Precipitaci\u00f3n m\u00e1s alta en un mes de agosto. El d\u00eda 28 cayeron 70.3 mm. Os pongo el mapa a 500 hpa.<\/p>\n<p>&nbsp;<\/p>\n<p><a href=\"https:\/\/static-blogs.diariosur.es\/wp-content\/uploads\/sites\/12\/2024\/08\/1987.png\"><img loading=\"lazy\" class=\"aligncenter size-full wp-image-41488\" src=\"https:\/\/static-blogs.diariosur.es\/wp-content\/uploads\/sites\/12\/2024\/08\/1987.png\" alt=\"\" width=\"768\" height=\"512\" srcset=\"https:\/\/static-blogs.diariosur.es\/wp-content\/uploads\/sites\/12\/2024\/08\/1987.png 768w, https:\/\/static-blogs.diariosur.es\/wp-content\/uploads\/sites\/12\/2024\/08\/1987-600x400.png 600w\" sizes=\"(max-width: 768px) 100vw, 768px\" \/><\/a><\/p>\n<p>&nbsp;<\/p>\n<p>A\u00f1o 1990, cayo 0,4 d\u00e9cimas el d\u00eda 19.<\/p>\n<p>A\u00f1o 1994 cayeron 3,3 mm, entre los d\u00edas 14 y 19.<\/p>\n<p>A\u00f1o 1996 cayeron <strong>16,4 mm<\/strong>, entre los d\u00edas 13 y 14. Os paso el mapa a 500 hpa, otra dana.<\/p>\n<p>&nbsp;<\/p>\n<p><a href=\"https:\/\/static-blogs.diariosur.es\/wp-content\/uploads\/sites\/12\/2024\/08\/z.png\"><img loading=\"lazy\" class=\"aligncenter size-full wp-image-41492\" src=\"https:\/\/static-blogs.diariosur.es\/wp-content\/uploads\/sites\/12\/2024\/08\/z.png\" alt=\"\" width=\"768\" height=\"512\" srcset=\"https:\/\/static-blogs.diariosur.es\/wp-content\/uploads\/sites\/12\/2024\/08\/z.png 768w, https:\/\/static-blogs.diariosur.es\/wp-content\/uploads\/sites\/12\/2024\/08\/z-600x400.png 600w\" sizes=\"(max-width: 768px) 100vw, 768px\" \/><\/a><\/p>\n<p>A\u00f1o 1997 cayeron 5,2 mm, entre los d\u00edas 24 y 25<\/p>\n<p>A\u00f1o 2001 cayeron 3,4 mm, el d\u00eda 25<\/p>\n<p>A\u00f1o 2002 cayeron 1,7 mm, el d\u00eda 5.<\/p>\n<p>A\u00f1o 2006 cayeron 1.9 mm, el d\u00eda 17<\/p>\n<p>A\u00f1o 2007 cayeron 12,1 mm, el d\u00eda 22<\/p>\n<p>A\u00f1o 2010 cayeron <strong>23,9 mm<\/strong>, el d\u00eda 18. Os pongo el mapa a 500 hpa, nuevamente\u00a0 otra dana.<\/p>\n<p>&nbsp;<\/p>\n<p><a href=\"https:\/\/static-blogs.diariosur.es\/wp-content\/uploads\/sites\/12\/2024\/08\/2010.png\"><img loading=\"lazy\" class=\"aligncenter size-full wp-image-41489\" src=\"https:\/\/static-blogs.diariosur.es\/wp-content\/uploads\/sites\/12\/2024\/08\/2010.png\" alt=\"\" width=\"768\" height=\"512\" srcset=\"https:\/\/static-blogs.diariosur.es\/wp-content\/uploads\/sites\/12\/2024\/08\/2010.png 768w, https:\/\/static-blogs.diariosur.es\/wp-content\/uploads\/sites\/12\/2024\/08\/2010-600x400.png 600w\" sizes=\"(max-width: 768px) 100vw, 768px\" \/><\/a><\/p>\n<p>&nbsp;<\/p>\n<p>A\u00f1o 2011 cayeron, 1 mm, el d\u00eda 18<\/p>\n<p>A\u00f1o 2013 cayeron 7,5 mm, entre los d\u00edas 1 y 30<\/p>\n<p>A\u00f1o 2017 cayeron 4,3 mm, entre los d\u00edas 27 y 28<\/p>\n<p>A\u00f1o 2020,\u00a0 cayo 0.9 d\u00e9cimas el d\u00eda 10<\/p>\n<p>A\u00f1o 2022 cayeron 1,7 mm entre los d\u00edas 28 y 29<\/p>\n<p><span style=\"color: #ff0000;\"><strong>A la pregunta que he hecho antes, \u00bfPodr\u00eda llover este a\u00f1o en la feria de M\u00e1laga?<\/strong><\/span><\/p>\n<p><span style=\"color: #000000;\">La probabilidad es baja. Tambi\u00e9n hay probabilidad baja de que tengamos terral<\/span><\/p>\n<p>Os dejo con este fot\u00f3n de mi amiga Nany Lavado que hizo el a\u00f1o pasado a los fuegos artificiales.<\/p>\n<p>&nbsp;<\/p>\n<p><a href=\"https:\/\/static-blogs.diariosur.es\/wp-content\/uploads\/sites\/12\/2024\/08\/455209321_10229490162497413_5406338356624830480_n.jpg\"><img loading=\"lazy\" class=\"aligncenter size-full wp-image-41486\" src=\"https:\/\/static-blogs.diariosur.es\/wp-content\/uploads\/sites\/12\/2024\/08\/455209321_10229490162497413_5406338356624830480_n.jpg\" alt=\"\" width=\"1200\" height=\"800\" srcset=\"https:\/\/static-blogs.diariosur.es\/wp-content\/uploads\/sites\/12\/2024\/08\/455209321_10229490162497413_5406338356624830480_n.jpg 1200w, https:\/\/static-blogs.diariosur.es\/wp-content\/uploads\/sites\/12\/2024\/08\/455209321_10229490162497413_5406338356624830480_n-600x400.jpg 600w, https:\/\/static-blogs.diariosur.es\/wp-content\/uploads\/sites\/12\/2024\/08\/455209321_10229490162497413_5406338356624830480_n-768x512.jpg 768w\" sizes=\"(max-width: 1200px) 100vw, 1200px\" \/><\/a><\/p>\n<p>&nbsp;<\/p>\n<p>&nbsp;<\/p>\n","protected":false},"excerpt":{"rendered":"<p>&nbsp; Buenas tardes noches, amigos de la meteo. Cu\u00e1ntas veces hemos comentado esto los malague\u00f1os cuando se acerca la Feria: &#8220;Alg\u00fan d\u00eda en la Feria llueve&#8221;; yo lo he o\u00eddo muchas veces. Ma\u00f1ana jueves, d\u00eda de la Asunci\u00f3n, hay probabilidad de algunas gotillas en alg\u00fan punto de la costa, seg\u00fan el mapa de probabilidad de [&hellip;]<\/p>\n","protected":false},"author":16,"featured_media":41486,"comment_status":"open","ping_status":"open","sticky":false,"template":"","format":"standard","meta":[],"categories":[2],"tags":[212,358,408,587],"_links":{"self":[{"href":"https:\/\/blogs.diariosur.es\/tormentas-y-rayos\/wp-json\/wp\/v2\/posts\/41465"}],"collection":[{"href":"https:\/\/blogs.diariosur.es\/tormentas-y-rayos\/wp-json\/wp\/v2\/posts"}],"about":[{"href":"https:\/\/blogs.diariosur.es\/tormentas-y-rayos\/wp-json\/wp\/v2\/types\/post"}],"author":[{"embeddable":true,"href":"https:\/\/blogs.diariosur.es\/tormentas-y-rayos\/wp-json\/wp\/v2\/users\/16"}],"replies":[{"embeddable":true,"href":"https:\/\/blogs.diariosur.es\/tormentas-y-rayos\/wp-json\/wp\/v2\/comments?post=41465"}],"version-history":[{"count":19,"href":"https:\/\/blogs.diariosur.es\/tormentas-y-rayos\/wp-json\/wp\/v2\/posts\/41465\/revisions"}],"predecessor-version":[{"id":47427,"href":"https:\/\/blogs.diariosur.es\/tormentas-y-rayos\/wp-json\/wp\/v2\/posts\/41465\/revisions\/47427"}],"wp:featuredmedia":[{"embeddable":true,"href":"https:\/\/blogs.diariosur.es\/tormentas-y-rayos\/wp-json\/wp\/v2\/media\/41486"}],"wp:attachment":[{"href":"https:\/\/blogs.diariosur.es\/tormentas-y-rayos\/wp-json\/wp\/v2\/media?parent=41465"}],"wp:term":[{"taxonomy":"category","embeddable":true,"href":"https:\/\/blogs.diariosur.es\/tormentas-y-rayos\/wp-json\/wp\/v2\/categories?post=41465"},{"taxonomy":"post_tag","embeddable":true,"href":"https:\/\/blogs.diariosur.es\/tormentas-y-rayos\/wp-json\/wp\/v2\/tags?post=41465"}],"curies":[{"name":"wp","href":"https:\/\/api.w.org\/{rel}","templated":true}]}}