{"id":41496,"date":"2024-08-12T08:19:49","date_gmt":"2024-08-12T06:19:49","guid":{"rendered":"https:\/\/blogs.diariosur.es\/tormentas-y-rayos\/?p=41496"},"modified":"2025-11-09T17:41:52","modified_gmt":"2025-11-09T16:41:52","slug":"cuantos-dias-durara-el-terral-llegaremos-en-malaga-capital-a-los-40oc","status":"publish","type":"post","link":"https:\/\/blogs.diariosur.es\/tormentas-y-rayos\/2024\/08\/12\/cuantos-dias-durara-el-terral-llegaremos-en-malaga-capital-a-los-40oc\/","title":{"rendered":"\u00bfCu\u00e1ntos d\u00edas durara el terral? \u00bfLlegaremos en M\u00e1laga capital a los 40\u00baC?"},"content":{"rendered":"<p><a href=\"https:\/\/static-blogs.diariosur.es\/wp-content\/uploads\/sites\/12\/2024\/05\/444912498_10228884468795449_97962860407814916_n.jpg\"><img loading=\"lazy\" class=\"aligncenter size-thumbnail wp-image-40751\" src=\"https:\/\/static-blogs.diariosur.es\/wp-content\/uploads\/sites\/12\/2024\/05\/444912498_10228884468795449_97962860407814916_n-150x150.jpg\" alt=\"\" width=\"150\" height=\"150\" \/><\/a><\/p>\n<p>&nbsp;<\/p>\n<p data-pm-slice=\"1 1 []\">Muy buenos d\u00edas, amigos de la meteo. Otra madrugada ecuatorial o t\u00f3rrida en M\u00e1laga capital y otros puntos de la costa malague\u00f1a. No hemos bajado de 25 \u00b0C y 26 \u00b0C hasta las seis de la ma\u00f1ana. La humedad ha rondado el 87%. Os paso los gr\u00e1ficos de temperatura y humedad de la estaci\u00f3n de la Aemet del aeropuerto.<\/p>\n<p>&nbsp;<\/p>\n<p><a href=\"https:\/\/static-blogs.diariosur.es\/wp-content\/uploads\/sites\/12\/2024\/08\/aeropuerto-2.jpg\"><img loading=\"lazy\" class=\"aligncenter size-full wp-image-41504\" src=\"https:\/\/static-blogs.diariosur.es\/wp-content\/uploads\/sites\/12\/2024\/08\/aeropuerto-2.jpg\" alt=\"\" width=\"900\" height=\"433\" srcset=\"https:\/\/static-blogs.diariosur.es\/wp-content\/uploads\/sites\/12\/2024\/08\/aeropuerto-2.jpg 900w, https:\/\/static-blogs.diariosur.es\/wp-content\/uploads\/sites\/12\/2024\/08\/aeropuerto-2-640x308.jpg 640w, https:\/\/static-blogs.diariosur.es\/wp-content\/uploads\/sites\/12\/2024\/08\/aeropuerto-2-768x369.jpg 768w\" sizes=\"(max-width: 900px) 100vw, 900px\" \/><\/a><a href=\"https:\/\/static-blogs.diariosur.es\/wp-content\/uploads\/sites\/12\/2024\/08\/humedad.jpg\"><img loading=\"lazy\" class=\"aligncenter size-full wp-image-41505\" src=\"https:\/\/static-blogs.diariosur.es\/wp-content\/uploads\/sites\/12\/2024\/08\/humedad.jpg\" alt=\"\" width=\"900\" height=\"415\" srcset=\"https:\/\/static-blogs.diariosur.es\/wp-content\/uploads\/sites\/12\/2024\/08\/humedad.jpg 900w, https:\/\/static-blogs.diariosur.es\/wp-content\/uploads\/sites\/12\/2024\/08\/humedad-640x295.jpg 640w, https:\/\/static-blogs.diariosur.es\/wp-content\/uploads\/sites\/12\/2024\/08\/humedad-768x354.jpg 768w\" sizes=\"(max-width: 900px) 100vw, 900px\" \/><\/a><\/p>\n<p>Hoy nuevamente se espera una m\u00e1xima de 30\u00b0 y acompa\u00f1ada de humedad<\/p>\n<h3><span style=\"color: #ff0000;\"><strong>\u00bf<\/strong><\/span><span style=\"color: #ff0000;\"><strong>Cu\u00e1ntos d\u00edas durara el terral? \u00bfLlegaremos a los 40\u00baC en M\u00e1laga capital?<\/strong><\/span><\/h3>\n<p data-pm-slice=\"1 1 []\">La <strong>probabilidad<\/strong> de que ma\u00f1ana martes alcancemos los 40\u00b0C en la capital es baja; rondaremos los 38 \u00b0C. En alg\u00fan punto del Valle del Guadalhorce hay probabilidad de que se den 39 y 40. En la Axarqu\u00eda pueden llegar a 38 \u00b0C.<\/p>\n<p>El terral durar\u00e1 dos d\u00edas, pero la buena noticia es que el mi\u00e9rcoles la m\u00e1xima en la capital y Axarqu\u00eda rondar\u00e1 los 35 o 36 grados; en otras zonas como el Valle del Guadalhorce, los 37\u00b0C. A \u00faltima hora de la noche del mi\u00e9rcoles entrar\u00e1 el levante.<\/p>\n<p>Durante los dos d\u00edas de terral se esperan rachas de moderadas a fuertes de poniente y terral; esto har\u00e1 que la temperatura del agua del mar baje de los 26 y 27 grados a probablemente 21\u00b0. Esto lo sabremos entre el jueves y el viernes.<\/p>\n<p>Os dejo hasta ma\u00f1ana.<\/p>\n<p>&nbsp;<\/p>\n<p>&nbsp;<\/p>\n<p>&nbsp;<\/p>\n<p>&nbsp;<\/p>\n<p>&nbsp;<\/p>\n<p>&nbsp;<\/p>\n<p>&nbsp;<\/p>\n<p>&nbsp;<\/p>\n<p>&nbsp;<\/p>\n<p>&nbsp;<\/p>\n<p>&nbsp;<\/p>\n<p>&nbsp;<\/p>\n<p>&nbsp;<\/p>\n","protected":false},"excerpt":{"rendered":"<p>&nbsp; Muy buenos d\u00edas, amigos de la meteo. Otra madrugada ecuatorial o t\u00f3rrida en M\u00e1laga capital y otros puntos de la costa malague\u00f1a. No hemos bajado de 25 \u00b0C y 26 \u00b0C hasta las seis de la ma\u00f1ana. La humedad ha rondado el 87%. Os paso los gr\u00e1ficos de temperatura y humedad de la estaci\u00f3n [&hellip;]<\/p>\n","protected":false},"author":16,"featured_media":40790,"comment_status":"open","ping_status":"open","sticky":false,"template":"","format":"standard","meta":[],"categories":[2],"tags":[50,81,94,151,587,676,962,975,1052],"_links":{"self":[{"href":"https:\/\/blogs.diariosur.es\/tormentas-y-rayos\/wp-json\/wp\/v2\/posts\/41496"}],"collection":[{"href":"https:\/\/blogs.diariosur.es\/tormentas-y-rayos\/wp-json\/wp\/v2\/posts"}],"about":[{"href":"https:\/\/blogs.diariosur.es\/tormentas-y-rayos\/wp-json\/wp\/v2\/types\/post"}],"author":[{"embeddable":true,"href":"https:\/\/blogs.diariosur.es\/tormentas-y-rayos\/wp-json\/wp\/v2\/users\/16"}],"replies":[{"embeddable":true,"href":"https:\/\/blogs.diariosur.es\/tormentas-y-rayos\/wp-json\/wp\/v2\/comments?post=41496"}],"version-history":[{"count":9,"href":"https:\/\/blogs.diariosur.es\/tormentas-y-rayos\/wp-json\/wp\/v2\/posts\/41496\/revisions"}],"predecessor-version":[{"id":47430,"href":"https:\/\/blogs.diariosur.es\/tormentas-y-rayos\/wp-json\/wp\/v2\/posts\/41496\/revisions\/47430"}],"wp:featuredmedia":[{"embeddable":true,"href":"https:\/\/blogs.diariosur.es\/tormentas-y-rayos\/wp-json\/wp\/v2\/media\/40790"}],"wp:attachment":[{"href":"https:\/\/blogs.diariosur.es\/tormentas-y-rayos\/wp-json\/wp\/v2\/media?parent=41496"}],"wp:term":[{"taxonomy":"category","embeddable":true,"href":"https:\/\/blogs.diariosur.es\/tormentas-y-rayos\/wp-json\/wp\/v2\/categories?post=41496"},{"taxonomy":"post_tag","embeddable":true,"href":"https:\/\/blogs.diariosur.es\/tormentas-y-rayos\/wp-json\/wp\/v2\/tags?post=41496"}],"curies":[{"name":"wp","href":"https:\/\/api.w.org\/{rel}","templated":true}]}}