{"id":41511,"date":"2024-08-13T07:48:21","date_gmt":"2024-08-13T05:48:21","guid":{"rendered":"https:\/\/blogs.diariosur.es\/tormentas-y-rayos\/?p=41511"},"modified":"2025-11-09T17:39:26","modified_gmt":"2025-11-09T16:39:26","slug":"la-boya-de-dragronera-en-mallorca-ha-batido-el-record-de-temperatura-del-agua-del-mar","status":"publish","type":"post","link":"https:\/\/blogs.diariosur.es\/tormentas-y-rayos\/2024\/08\/13\/la-boya-de-dragronera-en-mallorca-ha-batido-el-record-de-temperatura-del-agua-del-mar\/","title":{"rendered":"La boya de Dragonera en Mallorca ha batido el r\u00e9cord de temperatura del agua del mar.  \u00a0"},"content":{"rendered":"<p><a href=\"https:\/\/static-blogs.diariosur.es\/wp-content\/uploads\/sites\/12\/2023\/09\/375323357_10227521084351690_5428862938073510864_n.jpg\"><img loading=\"lazy\" class=\"aligncenter size-thumbnail wp-image-38274\" src=\"https:\/\/static-blogs.diariosur.es\/wp-content\/uploads\/sites\/12\/2023\/09\/375323357_10227521084351690_5428862938073510864_n-150x150.jpg\" alt=\"\" width=\"150\" height=\"150\" \/><\/a><\/p>\n<p data-pm-slice=\"1 1 []\">Buenos d\u00edas, amigos de la meteo. Ya tenemos el terral desde las cinco de la madrugada, estamos en aviso amarillo por temperaturas de 38 \u00baC; ma\u00f1ana seguir\u00e1 el terral, pero ser\u00e1 suave. Sobre las ocho o las nueve de la noche de ma\u00f1ana mi\u00e9rcoles, entrar\u00e1 el levante. Aunque a\u00fan es pronto para confirmarlo, el jueves pueden caer algunas gotillas debidas a las nubes bajas de levante.<\/p>\n<p>La boya de Dragonera, al oeste de Mallorca, bati\u00f3 ayer el r\u00e9cord de temperatura m\u00e1xima del agua del mar con\u00a0<strong>31.87 \u00b0C<\/strong>; el anterior r\u00e9cord, como comenta mi amigo Duncan en Twitter, es de hace solo 2 a\u00f1os: 31.36 \u00b0C el 24-08-2022. Y muchos os preguntar\u00e9is: \u00bfy la m\u00e1s fr\u00eda? Pues en la boya de las Islas C\u00edes en Galicia, el d\u00eda 11 de este mes registr\u00f3 <strong>14.5 \u00baC.<\/strong><\/p>\n<p>Nos vemos ma\u00f1ana con un interesante post.<\/p>\n<p>&nbsp;<\/p>\n","protected":false},"excerpt":{"rendered":"<p>Buenos d\u00edas, amigos de la meteo. Ya tenemos el terral desde las cinco de la madrugada, estamos en aviso amarillo por temperaturas de 38 \u00baC; ma\u00f1ana seguir\u00e1 el terral, pero ser\u00e1 suave. Sobre las ocho o las nueve de la noche de ma\u00f1ana mi\u00e9rcoles, entrar\u00e1 el levante. Aunque a\u00fan es pronto para confirmarlo, el jueves [&hellip;]<\/p>\n","protected":false},"author":16,"featured_media":41513,"comment_status":"open","ping_status":"open","sticky":false,"template":"","format":"standard","meta":[],"categories":[2],"tags":[94,151,212,587,732,975],"_links":{"self":[{"href":"https:\/\/blogs.diariosur.es\/tormentas-y-rayos\/wp-json\/wp\/v2\/posts\/41511"}],"collection":[{"href":"https:\/\/blogs.diariosur.es\/tormentas-y-rayos\/wp-json\/wp\/v2\/posts"}],"about":[{"href":"https:\/\/blogs.diariosur.es\/tormentas-y-rayos\/wp-json\/wp\/v2\/types\/post"}],"author":[{"embeddable":true,"href":"https:\/\/blogs.diariosur.es\/tormentas-y-rayos\/wp-json\/wp\/v2\/users\/16"}],"replies":[{"embeddable":true,"href":"https:\/\/blogs.diariosur.es\/tormentas-y-rayos\/wp-json\/wp\/v2\/comments?post=41511"}],"version-history":[{"count":4,"href":"https:\/\/blogs.diariosur.es\/tormentas-y-rayos\/wp-json\/wp\/v2\/posts\/41511\/revisions"}],"predecessor-version":[{"id":47429,"href":"https:\/\/blogs.diariosur.es\/tormentas-y-rayos\/wp-json\/wp\/v2\/posts\/41511\/revisions\/47429"}],"wp:featuredmedia":[{"embeddable":true,"href":"https:\/\/blogs.diariosur.es\/tormentas-y-rayos\/wp-json\/wp\/v2\/media\/41513"}],"wp:attachment":[{"href":"https:\/\/blogs.diariosur.es\/tormentas-y-rayos\/wp-json\/wp\/v2\/media?parent=41511"}],"wp:term":[{"taxonomy":"category","embeddable":true,"href":"https:\/\/blogs.diariosur.es\/tormentas-y-rayos\/wp-json\/wp\/v2\/categories?post=41511"},{"taxonomy":"post_tag","embeddable":true,"href":"https:\/\/blogs.diariosur.es\/tormentas-y-rayos\/wp-json\/wp\/v2\/tags?post=41511"}],"curies":[{"name":"wp","href":"https:\/\/api.w.org\/{rel}","templated":true}]}}