{"id":41516,"date":"2024-08-13T15:49:53","date_gmt":"2024-08-13T13:49:53","guid":{"rendered":"https:\/\/blogs.diariosur.es\/tormentas-y-rayos\/?p=41516"},"modified":"2024-08-13T15:49:53","modified_gmt":"2024-08-13T13:49:53","slug":"ultima-hora-aviso-especial-de-fenomenos-adversos-agencia-estatal-de-meteorologia","status":"publish","type":"post","link":"https:\/\/blogs.diariosur.es\/tormentas-y-rayos\/2024\/08\/13\/ultima-hora-aviso-especial-de-fenomenos-adversos-agencia-estatal-de-meteorologia\/","title":{"rendered":"\u00daltima hora: Aviso especial de fen\u00f3menos adversos. Agencia Estatal de Meteorolog\u00eda."},"content":{"rendered":"<p><a href=\"https:\/\/static-blogs.diariosur.es\/wp-content\/uploads\/sites\/12\/2024\/02\/379337914_10227628075666406_6248628726251100327_n.jpg\"><img loading=\"lazy\" class=\"aligncenter size-thumbnail wp-image-39879\" src=\"https:\/\/static-blogs.diariosur.es\/wp-content\/uploads\/sites\/12\/2024\/02\/379337914_10227628075666406_6248628726251100327_n-150x150.jpg\" alt=\"\" width=\"150\" height=\"150\" \/><\/a><\/p>\n<p>Buenas tardes, amigos de la meteo. La aemet ha sacado un aviso especial por fen\u00f3menos adversos.<\/p>\n<p><strong>1.-Fen\u00f3meno meteorol\u00f3gico: Precipitaciones y tormentas<\/strong><br \/>\n<strong>2.-\u00c1mbito geogr\u00e1fico: Mitad oriental peninsular y Baleares<\/strong><br \/>\n<strong>3.-Comienzo de la situaci\u00f3n: Martes 13<\/strong><br \/>\n<strong>4.-Duraci\u00f3n: Al menos hasta el jueves 15<\/strong><br \/>\n<strong>5.-Grado de probabilidad: Alto (mayor del 70 %).<\/strong><\/p>\n<p>Tras el episodio de ola de calor que hemos tenido durante el pasado fin de semana, la llegada hoy de una vaguada desde el Atl\u00e1ntico, que ma\u00f1ana se aislar\u00e1 en torno al \u00e1rea mediterr\u00e1nea formando una DANA (Depresi\u00f3n Aislada en Niveles Altos), dar\u00e1 lugar a una progresiva y acusada inestabilizaci\u00f3n atmosf\u00e9rica en gran parte del este peninsular y Baleares. Como consecuencia se espera que en estas zonas se produzca precipitaciones, localmente fuertes o muy fuertes, acompa\u00f1adas de tormentas, y en muchos casos de granizo y rachas muy fuertes de viento, suponiendo un importante riesgo para las personas y bienes expuestos al fen\u00f3meno. La incertidumbre inherente a este tipo de fen\u00f3menos hace que sea muy dif\u00edcil precisar las zonas de mayor impacto, ya que ligeros cambios en la posici\u00f3n de la DANA pueden hacer cambiar la intensidad y distribuci\u00f3n geogr\u00e1fica de los fen\u00f3menos asociados a la misma. Hoy, martes 13, se espera que las precipitaciones y tormentas sean localmente fuertes o muy fuertes en gran parte del sistema Ib\u00e9rico, medio y alto Ebro, Pirineos y oeste de Catalu\u00f1a. Es probable, que aparte de producir precipitaciones intensas, las tormentas den lugar a granizo, que localmente puede ser grande, y a rachas de viento muy fuertes. De forma menos probable y m\u00e1s dispersa, las tormentas podr\u00e1n afectar a otras zonas del cuadrante nordeste peninsular y en torno al sistema Central. Con la llegada de la vaguada, penetrar\u00e1 una masa atl\u00e1ntica mucho m\u00e1s fresca que producir\u00e1 hoy un descenso generalizado de las temperaturas en gran parte del interior peninsular, recuperando valores m\u00e1s pr\u00f3ximos a lo normales para la \u00e9poca. Ma\u00f1ana, mi\u00e9rcoles 14, con el progresivo aislamiento de la DANA en torno al \u00e1rea mediterr\u00e1nea, es probable que las precipitaciones y tormentas m\u00e1s intensas se trasladen a gran parte del tercio oriental peninsular y Baleares. Ya desde la madrugada, se espera que la inestabilidad se intensifique en torno al litoral y prelitoral central catal\u00e1n, extendi\u00e9ndose a lo largo del d\u00eda a gran parte del interior de Catalu\u00f1a, E-SE peninsular y Baleares. En estas zonas, los chubascos y tormentas podr\u00e1n ser muy fuertes, venir acompa\u00f1ados de granizo, que localmente puede ser grande, y de rachas de viento muy fuertes.<\/p>\n<p>Durante el jueves 15, lo m\u00e1s probable es que la inestabilidad vaya a menos en zonas del tercio E peninsular pero persista de forma acusada en Baleares, d\u00f3nde acabar\u00e1 posicionada la DANA<br \/>\ntras su proceso de aislamiento. De nuevo se espera que los chubascos y tormentas sean fuertes o muy fuertes en gran parte del archipi\u00e9lago y venir acompa\u00f1ados localmente de granizo y fuertes<br \/>\nrachas de viento, si bien este d\u00eda el fen\u00f3meno de mayor adversidad se espera que sea la intensidad y la eficiencia de las precipitaciones, alcanz\u00e1ndose acumulados que localmente pueden ser muy<br \/>\nsignificativos. Esta jornada es posible tambi\u00e9n, que durante la tarde y de forma m\u00e1s dispersa, se produzcan algunos chubascos y tormentas, sin descartar que sean localmente fuertes, en zonas de<br \/>\ninterior del tercio E peninsular, m\u00e1s probables en Catalu\u00f1a y sur del sistema Ib\u00e9rico. A partir del viernes 16, con un elevado grado de incertidumbre, el escenario m\u00e1s probable es que la DANA empieza lentamente a desplazarse hacia el Mediterr\u00e1neo central, remitiendo conello la inestabilidad progresivamente. Aun as\u00ed, no se descarta que durante la primera mitad del d\u00eda tengamos a\u00fan algunos chubascos y tormentas de cierta intensidad en puntos de Baleares y nordeste peninsular.<\/p>\n<p>Ma\u00f1ana mi\u00e9rcoles, la provincia de Almer\u00eda entra en aviso amarillo por tormentas. Os paso el mapa de elaborado por la aemet.<\/p>\n<p>&nbsp;<\/p>\n<p><a href=\"https:\/\/static-blogs.diariosur.es\/wp-content\/uploads\/sites\/12\/2024\/08\/Captura-de-pantalla-2024-08-13-154720.jpg\"><img loading=\"lazy\" class=\"aligncenter size-full wp-image-41517\" src=\"https:\/\/static-blogs.diariosur.es\/wp-content\/uploads\/sites\/12\/2024\/08\/Captura-de-pantalla-2024-08-13-154720.jpg\" alt=\"\" width=\"860\" height=\"681\" srcset=\"https:\/\/static-blogs.diariosur.es\/wp-content\/uploads\/sites\/12\/2024\/08\/Captura-de-pantalla-2024-08-13-154720.jpg 860w, https:\/\/static-blogs.diariosur.es\/wp-content\/uploads\/sites\/12\/2024\/08\/Captura-de-pantalla-2024-08-13-154720-505x400.jpg 505w, https:\/\/static-blogs.diariosur.es\/wp-content\/uploads\/sites\/12\/2024\/08\/Captura-de-pantalla-2024-08-13-154720-768x608.jpg 768w\" sizes=\"(max-width: 860px) 100vw, 860px\" \/><\/a><\/p>\n<p>&nbsp;<\/p>\n<p>&nbsp;<\/p>\n","protected":false},"excerpt":{"rendered":"<p>Buenas tardes, amigos de la meteo. La aemet ha sacado un aviso especial por fen\u00f3menos adversos. 1.-Fen\u00f3meno meteorol\u00f3gico: Precipitaciones y tormentas 2.-\u00c1mbito geogr\u00e1fico: Mitad oriental peninsular y Baleares 3.-Comienzo de la situaci\u00f3n: Martes 13 4.-Duraci\u00f3n: Al menos hasta el jueves 15 5.-Grado de probabilidad: Alto (mayor del 70 %). Tras el episodio de ola de [&hellip;]<\/p>\n","protected":false},"author":16,"featured_media":36929,"comment_status":"open","ping_status":"open","sticky":false,"template":"","format":"standard","meta":[],"categories":[2],"tags":[1110,151,375,376,406,996],"_links":{"self":[{"href":"https:\/\/blogs.diariosur.es\/tormentas-y-rayos\/wp-json\/wp\/v2\/posts\/41516"}],"collection":[{"href":"https:\/\/blogs.diariosur.es\/tormentas-y-rayos\/wp-json\/wp\/v2\/posts"}],"about":[{"href":"https:\/\/blogs.diariosur.es\/tormentas-y-rayos\/wp-json\/wp\/v2\/types\/post"}],"author":[{"embeddable":true,"href":"https:\/\/blogs.diariosur.es\/tormentas-y-rayos\/wp-json\/wp\/v2\/users\/16"}],"replies":[{"embeddable":true,"href":"https:\/\/blogs.diariosur.es\/tormentas-y-rayos\/wp-json\/wp\/v2\/comments?post=41516"}],"version-history":[{"count":1,"href":"https:\/\/blogs.diariosur.es\/tormentas-y-rayos\/wp-json\/wp\/v2\/posts\/41516\/revisions"}],"predecessor-version":[{"id":41518,"href":"https:\/\/blogs.diariosur.es\/tormentas-y-rayos\/wp-json\/wp\/v2\/posts\/41516\/revisions\/41518"}],"wp:featuredmedia":[{"embeddable":true,"href":"https:\/\/blogs.diariosur.es\/tormentas-y-rayos\/wp-json\/wp\/v2\/media\/36929"}],"wp:attachment":[{"href":"https:\/\/blogs.diariosur.es\/tormentas-y-rayos\/wp-json\/wp\/v2\/media?parent=41516"}],"wp:term":[{"taxonomy":"category","embeddable":true,"href":"https:\/\/blogs.diariosur.es\/tormentas-y-rayos\/wp-json\/wp\/v2\/categories?post=41516"},{"taxonomy":"post_tag","embeddable":true,"href":"https:\/\/blogs.diariosur.es\/tormentas-y-rayos\/wp-json\/wp\/v2\/tags?post=41516"}],"curies":[{"name":"wp","href":"https:\/\/api.w.org\/{rel}","templated":true}]}}