{"id":41519,"date":"2024-08-14T07:52:25","date_gmt":"2024-08-14T05:52:25","guid":{"rendered":"https:\/\/blogs.diariosur.es\/tormentas-y-rayos\/?p=41519"},"modified":"2025-11-09T17:34:12","modified_gmt":"2025-11-09T16:34:12","slug":"a-que-hora-se-quita-el-terral-en-malaga-con-probable-minigalerna-aviso-naranja-por-tormentas-y-lluvias-en-la-provincia-de-almeria","status":"publish","type":"post","link":"https:\/\/blogs.diariosur.es\/tormentas-y-rayos\/2024\/08\/14\/a-que-hora-se-quita-el-terral-en-malaga-con-probable-minigalerna-aviso-naranja-por-tormentas-y-lluvias-en-la-provincia-de-almeria\/","title":{"rendered":"\u00bfA qu\u00e9 hora se quita el terral en M\u00e1laga con probable minigalerna? Aviso naranja por tormentas y lluvias en la provincia de Almer\u00eda"},"content":{"rendered":"<p><a href=\"https:\/\/static-blogs.diariosur.es\/wp-content\/uploads\/sites\/12\/2024\/05\/444912498_10228884468795449_97962860407814916_n.jpg\"><img loading=\"lazy\" class=\"aligncenter size-thumbnail wp-image-40751\" src=\"https:\/\/static-blogs.diariosur.es\/wp-content\/uploads\/sites\/12\/2024\/05\/444912498_10228884468795449_97962860407814916_n-150x150.jpg\" alt=\"\" width=\"150\" height=\"150\" \/><\/a><\/p>\n<p>&nbsp;<\/p>\n<p data-pm-slice=\"1 1 []\">Buenos d\u00edas, amigos de la meteo. Cuando son las siete de la ma\u00f1ana en M\u00e1laga capital, la estaci\u00f3n de la Aemet del Aeropuerto registra 27,2 \u00baC, la humedad ha rondado esta pasada madrugada el 29% y sigue soplando terral con rachas moderadas. La Aemet activa el aviso amarillo por altas temperaturas de 36 \u00baC en las zonas habituales de la provincia malague\u00f1a donde sopla el terral. En algunos puntos pueden llegar a los 38 \u00baC. <strong>Yo estaba convencido de que hoy no se activar\u00eda ning\u00fan aviso. Pero la meteo trae sorpresas. Al final del d\u00eda veremos qu\u00e9 m\u00e1ximas damos.<\/strong><\/p>\n<p>Destacar el aviso naranja por tormentas y lluvias en la provincia de Almer\u00eda.\u00a0 Precipitaci\u00f3n acumulada en una hora: 30 mm. Mucha precauci\u00f3n en la provincia de Almer\u00eda.<\/p>\n<p>Os paso el mapa de avisos de la AEMET para Andaluc\u00eda.<\/p>\n<p>&nbsp;<\/p>\n<p>&nbsp;<\/p>\n<p><a href=\"https:\/\/static-blogs.diariosur.es\/wp-content\/uploads\/sites\/12\/2024\/08\/Captura-de-pantalla-2024-08-14-065618.jpg\"><img loading=\"lazy\" class=\"aligncenter size-full wp-image-41526\" src=\"https:\/\/static-blogs.diariosur.es\/wp-content\/uploads\/sites\/12\/2024\/08\/Captura-de-pantalla-2024-08-14-065618.jpg\" alt=\"\" width=\"870\" height=\"685\" srcset=\"https:\/\/static-blogs.diariosur.es\/wp-content\/uploads\/sites\/12\/2024\/08\/Captura-de-pantalla-2024-08-14-065618.jpg 870w, https:\/\/static-blogs.diariosur.es\/wp-content\/uploads\/sites\/12\/2024\/08\/Captura-de-pantalla-2024-08-14-065618-508x400.jpg 508w, https:\/\/static-blogs.diariosur.es\/wp-content\/uploads\/sites\/12\/2024\/08\/Captura-de-pantalla-2024-08-14-065618-768x605.jpg 768w\" sizes=\"(max-width: 870px) 100vw, 870px\" \/><\/a><\/p>\n<p>&nbsp;<\/p>\n<p data-pm-slice=\"1 1 []\">Os pongo las temperaturas m\u00e1ximas que se dieron ayer en la capital malague\u00f1a. Fuente AEMET<\/p>\n<p>M\u00e1laga Aeropuerto 38.6 \u00b0C<\/p>\n<p>M\u00e1laga Centro Meteorol\u00f3gico 38.1 \u00baC<\/p>\n<p>M\u00e1laga Puerto 37.4 \u00baC<\/p>\n<p>Mi estaci\u00f3n ubicada en Avda. Ortega y Gasset registr\u00f3 una m\u00e1xima de 37.3 \u00baC.<\/p>\n<h3><strong>\u00bfA qu\u00e9 hora se quita el terral en M\u00e1laga con probable minigalerna?<\/strong><\/h3>\n<p>La probabilidad de que se quite el terral en la capital malague\u00f1a estar\u00e1 entre las 20:30 y las 22:30; no me pid\u00e1is la hora exacta porque no soy adivino. Lo mismo, se adelanta o se atrasa.<\/p>\n<p>Como comento en el t\u00edtulo del post, con el cambio de viento de terral a levante, <strong>probablemente,<\/strong> pueda venir acompa\u00f1ado durante unos minutos de rachas fuertes.<\/p>\n<p>&nbsp;<\/p>\n<p>&nbsp;<\/p>\n<p>&nbsp;<\/p>\n<p>&nbsp;<\/p>\n<p>&nbsp;<\/p>\n<p>&nbsp;<\/p>\n<p>&nbsp;<\/p>\n<p>&nbsp;<\/p>\n<p>&nbsp;<\/p>\n<p>&nbsp;<\/p>\n","protected":false},"excerpt":{"rendered":"<p>&nbsp; Buenos d\u00edas, amigos de la meteo. Cuando son las siete de la ma\u00f1ana en M\u00e1laga capital, la estaci\u00f3n de la Aemet del Aeropuerto registra 27,2 \u00baC, la humedad ha rondado esta pasada madrugada el 29% y sigue soplando terral con rachas moderadas. La Aemet activa el aviso amarillo por altas temperaturas de 36 \u00baC [&hellip;]<\/p>\n","protected":false},"author":16,"featured_media":38547,"comment_status":"open","ping_status":"open","sticky":false,"template":"","format":"standard","meta":[],"categories":[2],"tags":[81,100,151,553,587,676,962,996],"_links":{"self":[{"href":"https:\/\/blogs.diariosur.es\/tormentas-y-rayos\/wp-json\/wp\/v2\/posts\/41519"}],"collection":[{"href":"https:\/\/blogs.diariosur.es\/tormentas-y-rayos\/wp-json\/wp\/v2\/posts"}],"about":[{"href":"https:\/\/blogs.diariosur.es\/tormentas-y-rayos\/wp-json\/wp\/v2\/types\/post"}],"author":[{"embeddable":true,"href":"https:\/\/blogs.diariosur.es\/tormentas-y-rayos\/wp-json\/wp\/v2\/users\/16"}],"replies":[{"embeddable":true,"href":"https:\/\/blogs.diariosur.es\/tormentas-y-rayos\/wp-json\/wp\/v2\/comments?post=41519"}],"version-history":[{"count":9,"href":"https:\/\/blogs.diariosur.es\/tormentas-y-rayos\/wp-json\/wp\/v2\/posts\/41519\/revisions"}],"predecessor-version":[{"id":47425,"href":"https:\/\/blogs.diariosur.es\/tormentas-y-rayos\/wp-json\/wp\/v2\/posts\/41519\/revisions\/47425"}],"wp:featuredmedia":[{"embeddable":true,"href":"https:\/\/blogs.diariosur.es\/tormentas-y-rayos\/wp-json\/wp\/v2\/media\/38547"}],"wp:attachment":[{"href":"https:\/\/blogs.diariosur.es\/tormentas-y-rayos\/wp-json\/wp\/v2\/media?parent=41519"}],"wp:term":[{"taxonomy":"category","embeddable":true,"href":"https:\/\/blogs.diariosur.es\/tormentas-y-rayos\/wp-json\/wp\/v2\/categories?post=41519"},{"taxonomy":"post_tag","embeddable":true,"href":"https:\/\/blogs.diariosur.es\/tormentas-y-rayos\/wp-json\/wp\/v2\/tags?post=41519"}],"curies":[{"name":"wp","href":"https:\/\/api.w.org\/{rel}","templated":true}]}}