{"id":41533,"date":"2024-08-16T07:44:34","date_gmt":"2024-08-16T05:44:34","guid":{"rendered":"https:\/\/blogs.diariosur.es\/tormentas-y-rayos\/?p=41533"},"modified":"2025-11-09T17:32:11","modified_gmt":"2025-11-09T16:32:11","slug":"ultima-hora-del-tiempo-en-la-feria-de-malaga-podria-entrar-terral-el-domingo18","status":"publish","type":"post","link":"https:\/\/blogs.diariosur.es\/tormentas-y-rayos\/2024\/08\/16\/ultima-hora-del-tiempo-en-la-feria-de-malaga-podria-entrar-terral-el-domingo18\/","title":{"rendered":"\u00daltima hora del tiempo en la Feria de M\u00e1laga. \u00bfPodr\u00eda entrar terral el domingo18?"},"content":{"rendered":"<p><a href=\"https:\/\/static-blogs.diariosur.es\/wp-content\/uploads\/sites\/12\/2023\/09\/375323357_10227521084351690_5428862938073510864_n.jpg\"><img loading=\"lazy\" class=\"aligncenter size-thumbnail wp-image-38274\" src=\"https:\/\/static-blogs.diariosur.es\/wp-content\/uploads\/sites\/12\/2023\/09\/375323357_10227521084351690_5428862938073510864_n-150x150.jpg\" alt=\"\" width=\"150\" height=\"150\" \/><\/a><\/p>\n<p data-pm-slice=\"1 1 []\">Muy buenos d\u00edas, amigos de la meteo. Cuando son las seis y media de la ma\u00f1ana en M\u00e1laga capital, mi estaci\u00f3n registra 25.6 \u00baC, los cielos est\u00e1n casi cubiertos de nubes bajas de levante y el viento sopla muy flojo. Nuevamente madrugada ecuatorial en M\u00e1laga capital y otras zonas de la costa malague\u00f1a. La estaci\u00f3n del Aeropuerto de la Aemet no ha bajado de 25 \u00baC, la humedad ha rondado el 88% y apenas hemos tenido viento. Os paso una foto desde mi terraza cuando son 6:40 de la ma\u00f1ana.<\/p>\n<p>&nbsp;<\/p>\n<p><a href=\"https:\/\/static-blogs.diariosur.es\/wp-content\/uploads\/sites\/12\/2024\/08\/455892240_10229540661959868_4574626331184330332_n.jpg\"><img loading=\"lazy\" class=\"aligncenter size-full wp-image-41534\" src=\"https:\/\/static-blogs.diariosur.es\/wp-content\/uploads\/sites\/12\/2024\/08\/455892240_10229540661959868_4574626331184330332_n.jpg\" alt=\"\" width=\"1200\" height=\"900\" srcset=\"https:\/\/static-blogs.diariosur.es\/wp-content\/uploads\/sites\/12\/2024\/08\/455892240_10229540661959868_4574626331184330332_n.jpg 1200w, https:\/\/static-blogs.diariosur.es\/wp-content\/uploads\/sites\/12\/2024\/08\/455892240_10229540661959868_4574626331184330332_n-533x400.jpg 533w, https:\/\/static-blogs.diariosur.es\/wp-content\/uploads\/sites\/12\/2024\/08\/455892240_10229540661959868_4574626331184330332_n-768x576.jpg 768w\" sizes=\"(max-width: 1200px) 100vw, 1200px\" \/><\/a><\/p>\n<p>&nbsp;<\/p>\n<h3><span style=\"color: #ff0000;\"><strong>\u00bfPodr\u00eda entrar terral el domingo 18?<\/strong><\/span><\/h3>\n<p>&nbsp;<\/p>\n<p data-pm-slice=\"1 1 []\">Ya sab\u00e9is que todos los pron\u00f3sticos hasta hace muy pocas horas no daban terral en M\u00e1laga para el domingo, pero con los modelos actualizados hay <strong>probabilidad, aunque sea baja de momento<\/strong>. Donde la probabilidad es muy alta es en el Valle del Guadalhorce, donde pueden alcanzarse los 40 y 41 grados. En este verano de 2024, en algunas ocasiones el terral se ha quedado a las puertas de la capital; por daros un ejemplo, ha llegado a Campanillas y de este distrito de la capital no ha pasado.<\/p>\n<p>El viento en superficie en la costa de M\u00e1laga el domingo soplar\u00e1 de sur suroeste, pero el viento a 850 hpa (1500 m) y 700 hpa (3000 m) ser\u00e1 de<strong> noroeste<\/strong>. Os paso un mapa de viento a 850 del modelo europeo. Fuente: Meteociel.<\/p>\n<p>&nbsp;<\/p>\n<p>&nbsp;<\/p>\n<p><a href=\"https:\/\/static-blogs.diariosur.es\/wp-content\/uploads\/sites\/12\/2024\/08\/ECS4-72.png\"><img loading=\"lazy\" class=\"aligncenter size-full wp-image-41535\" src=\"https:\/\/static-blogs.diariosur.es\/wp-content\/uploads\/sites\/12\/2024\/08\/ECS4-72.png\" alt=\"\" width=\"768\" height=\"768\" srcset=\"https:\/\/static-blogs.diariosur.es\/wp-content\/uploads\/sites\/12\/2024\/08\/ECS4-72.png 768w, https:\/\/static-blogs.diariosur.es\/wp-content\/uploads\/sites\/12\/2024\/08\/ECS4-72-150x150.png 150w, https:\/\/static-blogs.diariosur.es\/wp-content\/uploads\/sites\/12\/2024\/08\/ECS4-72-400x400.png 400w\" sizes=\"(max-width: 768px) 100vw, 768px\" \/><\/a><\/p>\n<p>&nbsp;<\/p>\n<p data-pm-slice=\"1 1 []\">La AEMET de momento no ha activado ning\u00fan aviso por altas temperaturas en el Valle del Guadalhorce; ya veremos en pr\u00f3ximas actualizaciones.<\/p>\n<p><strong>Esta tarde a \u00faltima hora o ma\u00f1ana s\u00e1bado con los modelos actualizados, estar\u00e1 m\u00e1s claro si el viento caliente llega a los dos recintos feriales, solo al de Cortijo Torres, o se queda en Campanillas. La meteo siempre trae sorpresas.<\/strong><\/p>\n","protected":false},"excerpt":{"rendered":"<p>Muy buenos d\u00edas, amigos de la meteo. Cuando son las seis y media de la ma\u00f1ana en M\u00e1laga capital, mi estaci\u00f3n registra 25.6 \u00baC, los cielos est\u00e1n casi cubiertos de nubes bajas de levante y el viento sopla muy flojo. Nuevamente madrugada ecuatorial en M\u00e1laga capital y otras zonas de la costa malague\u00f1a. La estaci\u00f3n [&hellip;]<\/p>\n","protected":false},"author":16,"featured_media":41536,"comment_status":"open","ping_status":"open","sticky":false,"template":"","format":"standard","meta":[],"categories":[2],"tags":[212,408,485,553,587,975,1028],"_links":{"self":[{"href":"https:\/\/blogs.diariosur.es\/tormentas-y-rayos\/wp-json\/wp\/v2\/posts\/41533"}],"collection":[{"href":"https:\/\/blogs.diariosur.es\/tormentas-y-rayos\/wp-json\/wp\/v2\/posts"}],"about":[{"href":"https:\/\/blogs.diariosur.es\/tormentas-y-rayos\/wp-json\/wp\/v2\/types\/post"}],"author":[{"embeddable":true,"href":"https:\/\/blogs.diariosur.es\/tormentas-y-rayos\/wp-json\/wp\/v2\/users\/16"}],"replies":[{"embeddable":true,"href":"https:\/\/blogs.diariosur.es\/tormentas-y-rayos\/wp-json\/wp\/v2\/comments?post=41533"}],"version-history":[{"count":6,"href":"https:\/\/blogs.diariosur.es\/tormentas-y-rayos\/wp-json\/wp\/v2\/posts\/41533\/revisions"}],"predecessor-version":[{"id":47423,"href":"https:\/\/blogs.diariosur.es\/tormentas-y-rayos\/wp-json\/wp\/v2\/posts\/41533\/revisions\/47423"}],"wp:featuredmedia":[{"embeddable":true,"href":"https:\/\/blogs.diariosur.es\/tormentas-y-rayos\/wp-json\/wp\/v2\/media\/41536"}],"wp:attachment":[{"href":"https:\/\/blogs.diariosur.es\/tormentas-y-rayos\/wp-json\/wp\/v2\/media?parent=41533"}],"wp:term":[{"taxonomy":"category","embeddable":true,"href":"https:\/\/blogs.diariosur.es\/tormentas-y-rayos\/wp-json\/wp\/v2\/categories?post=41533"},{"taxonomy":"post_tag","embeddable":true,"href":"https:\/\/blogs.diariosur.es\/tormentas-y-rayos\/wp-json\/wp\/v2\/tags?post=41533"}],"curies":[{"name":"wp","href":"https:\/\/api.w.org\/{rel}","templated":true}]}}