{"id":41542,"date":"2024-08-17T08:03:08","date_gmt":"2024-08-17T06:03:08","guid":{"rendered":"https:\/\/blogs.diariosur.es\/tormentas-y-rayos\/?p=41542"},"modified":"2025-11-09T17:29:11","modified_gmt":"2025-11-09T16:29:11","slug":"el-tiempo-en-la-feria-de-malaga-llegara-el-terral-al-recinto-ferial-cortijo-torres-manana-domingo","status":"publish","type":"post","link":"https:\/\/blogs.diariosur.es\/tormentas-y-rayos\/2024\/08\/17\/el-tiempo-en-la-feria-de-malaga-llegara-el-terral-al-recinto-ferial-cortijo-torres-manana-domingo\/","title":{"rendered":"El tiempo en la Feria de M\u00e1laga. \u00bfLlegar\u00e1 el terral al Recinto Ferial Cortijo Torres ma\u00f1ana domingo?"},"content":{"rendered":"<p><a href=\"https:\/\/static-blogs.diariosur.es\/wp-content\/uploads\/sites\/12\/2024\/05\/444912498_10228884468795449_97962860407814916_n.jpg\"><img loading=\"lazy\" class=\"aligncenter size-thumbnail wp-image-40751\" src=\"https:\/\/static-blogs.diariosur.es\/wp-content\/uploads\/sites\/12\/2024\/05\/444912498_10228884468795449_97962860407814916_n-150x150.jpg\" alt=\"\" width=\"150\" height=\"150\" \/><\/a><\/p>\n<p>Buenos d\u00edas, amigos de la meteo. Antes de contestaros a la pregunta que hago en el post, os pongo los a\u00f1os que no hemos tenido terral en la Feria de M\u00e1laga desde el a\u00f1o 2007. Se que muchos no lo hab\u00e9is le\u00eddo.<\/p>\n<p>&nbsp;<\/p>\n<p><strong><span style=\"color: #ff0000;\">A\u00f1o 2007. La Feria fue del 11 al 19. El d\u00eda 11 registramos 36.6 \u00baC, el d\u00eda 12 registramos 36.7 \u00baC y el d\u00eda 16 registramos 36.8 \u00baC<\/span><\/strong><\/p>\n<p><span style=\"color: #0000ff;\"><strong>A\u00f1o 2008. La Feria fue del 16 al 24. No tuvimos terral<\/strong><\/span><\/p>\n<p><strong><span style=\"color: #0000ff;\">A\u00f1o 2009. La Feria fue del 15 al 22. No tuvimos terral<\/span><\/strong><\/p>\n<p><strong><span style=\"color: #0000ff;\">A\u00f1o 2010. La Feria fue del 14 al 21. No tuvimos terral<\/span><\/strong><\/p>\n<p><strong><span style=\"color: #0000ff;\">A\u00f1o 2011. La Feria fue del 13 al 21. No tuvimos terral<\/span><\/strong><\/p>\n<p><strong><span style=\"color: #ff0000;\">A\u00f1o 2012. La Feria fue del 13 al 21. El d\u00eda 12 registramos 41.4 \u00baC y el d\u00eda 15 registramos 37 \u00baC<\/span><\/strong><\/p>\n<p><strong><span style=\"color: #0000ff;\">A\u00f1o 2013. La Feria fue del 17 al 24. No tuvimos terral<\/span><\/strong><\/p>\n<p><strong><span style=\"color: #ff0000;\">A\u00f1o 2014. La Feria fue del 16 al 23. El d\u00eda 20 registramos 37.5 \u00baC<\/span><\/strong><\/p>\n<p><strong><span style=\"color: #0000ff;\">A\u00f1o 2015. La Feria fue del 14 al 22. No tuvimos terral<\/span><\/strong><\/p>\n<p><strong><span style=\"color: #ff00ff;\">A\u00f1o 2016. La Feria fue del 13 al 20. El d\u00eda 18 registramos 37.6 \u00baC, el d\u00eda 19 registramos 39.2 \u00baC y el d\u00eda 20 registramos 40.5 \u00baC<\/span><\/strong><\/p>\n<p><strong><span style=\"color: #0000ff;\">A\u00f1o 2017. La Feria fue del 12 al 19. No tuvimos terral<\/span><\/strong><\/p>\n<p><strong><span style=\"color: #ff0000;\">A\u00f1o 2018. La feria fue del 11 al 19. El d\u00eda 14 registramos 36.5 \u00baC<\/span><\/strong><\/p>\n<p><strong><span style=\"color: #ff0000;\">A\u00f1o 2019. La feria fue del 15 al 24. El dia 19 registramos 37.8 \u00baC<\/span><\/strong><\/p>\n<p><strong>A\u00f1o 2020. Pandemia<\/strong><\/p>\n<p><strong>A\u00f1o 2021. Pandemia<\/strong><\/p>\n<p><strong><span style=\"color: #ff00ff;\">A\u00f1o 2022.<\/span> <span style=\"color: #ff00ff;\">La feria fue del 13 al 20. La m\u00e1s calurosa. El d\u00eda 13 registramos 39.2 \u00baC, el dia 14 registramos 39.1 \u00baC, el d\u00eda 15 registramos 36.4 \u00baC,\u00a0 el dia 16 36.4 \u00baC<\/span><\/strong><\/p>\n<p><strong><span style=\"color: #ff0000;\">A\u00f1o 2023. La Feria fue del 12 al 19. El dia 18 registramos 40.2 \u00baC<\/span><\/strong><\/p>\n<h3><span style=\"color: #000000;\"><strong>\u00bfLlegar\u00e1 el terral al Recinto Ferial Cortijo Torres ma\u00f1ana domingo?<\/strong><\/span><\/h3>\n<p>&nbsp;<\/p>\n<p data-pm-slice=\"1 1 []\">Ma\u00f1ana a primera hora de la ma\u00f1ana ya notaremos el terral en la capital malague\u00f1a, pero a partir del mediod\u00eda pienso que <strong>baja la probabilidad<\/strong> de que tengamos terral tanto en el Centro como en Cortijo Torres, al entrar brisas del mar.<\/p>\n<p>Por la tarde-noche del domingo y madrugada del lunes festivo, baja a\u00fan m\u00e1s la probabilidad de terral. Espero no equivocarme; si me equivoco, no me mand\u00e9is a la hoguera, porfi.<\/p>\n<p>En el interior del Valle del Guadalhorce pueden llegar a los 40 \u00baC y 42 \u00baC.<\/p>\n<p>Os dejo con unos fotones de mi amiga Nany Lavado, que hizo ayer en la inauguraci\u00f3n de la Feria de M\u00e1laga.<\/p>\n<p>&nbsp;<\/p>\n<p>&nbsp;<\/p>\n<p><a href=\"https:\/\/static-blogs.diariosur.es\/wp-content\/uploads\/sites\/12\/2024\/08\/456000796_10229551332226618_7966442709191132323_n.jpg\"><img loading=\"lazy\" class=\"aligncenter size-full wp-image-41544\" src=\"https:\/\/static-blogs.diariosur.es\/wp-content\/uploads\/sites\/12\/2024\/08\/456000796_10229551332226618_7966442709191132323_n.jpg\" alt=\"\" width=\"1000\" height=\"667\" srcset=\"https:\/\/static-blogs.diariosur.es\/wp-content\/uploads\/sites\/12\/2024\/08\/456000796_10229551332226618_7966442709191132323_n.jpg 1000w, https:\/\/static-blogs.diariosur.es\/wp-content\/uploads\/sites\/12\/2024\/08\/456000796_10229551332226618_7966442709191132323_n-600x400.jpg 600w, https:\/\/static-blogs.diariosur.es\/wp-content\/uploads\/sites\/12\/2024\/08\/456000796_10229551332226618_7966442709191132323_n-768x512.jpg 768w\" sizes=\"(max-width: 1000px) 100vw, 1000px\" \/><\/a><\/p>\n<p>&nbsp;<\/p>\n<p><a href=\"https:\/\/static-blogs.diariosur.es\/wp-content\/uploads\/sites\/12\/2024\/08\/456140596_10229551332706630_9219882674868112559_n.jpg\"><img loading=\"lazy\" class=\"aligncenter size-full wp-image-41545\" src=\"https:\/\/static-blogs.diariosur.es\/wp-content\/uploads\/sites\/12\/2024\/08\/456140596_10229551332706630_9219882674868112559_n.jpg\" alt=\"\" width=\"1000\" height=\"667\" srcset=\"https:\/\/static-blogs.diariosur.es\/wp-content\/uploads\/sites\/12\/2024\/08\/456140596_10229551332706630_9219882674868112559_n.jpg 1000w, https:\/\/static-blogs.diariosur.es\/wp-content\/uploads\/sites\/12\/2024\/08\/456140596_10229551332706630_9219882674868112559_n-600x400.jpg 600w, https:\/\/static-blogs.diariosur.es\/wp-content\/uploads\/sites\/12\/2024\/08\/456140596_10229551332706630_9219882674868112559_n-768x512.jpg 768w\" sizes=\"(max-width: 1000px) 100vw, 1000px\" \/><\/a><\/p>\n<p>&nbsp;<\/p>\n<p>&nbsp;<\/p>\n<p>&nbsp;<\/p>\n<p>&nbsp;<\/p>\n<p>&nbsp;<\/p>\n","protected":false},"excerpt":{"rendered":"<p>Buenos d\u00edas, amigos de la meteo. Antes de contestaros a la pregunta que hago en el post, os pongo los a\u00f1os que no hemos tenido terral en la Feria de M\u00e1laga desde el a\u00f1o 2007. Se que muchos no lo hab\u00e9is le\u00eddo. &nbsp; A\u00f1o 2007. La Feria fue del 11 al 19. El d\u00eda 11 [&hellip;]<\/p>\n","protected":false},"author":16,"featured_media":41545,"comment_status":"open","ping_status":"open","sticky":false,"template":"","format":"standard","meta":[],"categories":[2],"tags":[94,151,212,358,408,587,975],"_links":{"self":[{"href":"https:\/\/blogs.diariosur.es\/tormentas-y-rayos\/wp-json\/wp\/v2\/posts\/41542"}],"collection":[{"href":"https:\/\/blogs.diariosur.es\/tormentas-y-rayos\/wp-json\/wp\/v2\/posts"}],"about":[{"href":"https:\/\/blogs.diariosur.es\/tormentas-y-rayos\/wp-json\/wp\/v2\/types\/post"}],"author":[{"embeddable":true,"href":"https:\/\/blogs.diariosur.es\/tormentas-y-rayos\/wp-json\/wp\/v2\/users\/16"}],"replies":[{"embeddable":true,"href":"https:\/\/blogs.diariosur.es\/tormentas-y-rayos\/wp-json\/wp\/v2\/comments?post=41542"}],"version-history":[{"count":3,"href":"https:\/\/blogs.diariosur.es\/tormentas-y-rayos\/wp-json\/wp\/v2\/posts\/41542\/revisions"}],"predecessor-version":[{"id":47422,"href":"https:\/\/blogs.diariosur.es\/tormentas-y-rayos\/wp-json\/wp\/v2\/posts\/41542\/revisions\/47422"}],"wp:featuredmedia":[{"embeddable":true,"href":"https:\/\/blogs.diariosur.es\/tormentas-y-rayos\/wp-json\/wp\/v2\/media\/41545"}],"wp:attachment":[{"href":"https:\/\/blogs.diariosur.es\/tormentas-y-rayos\/wp-json\/wp\/v2\/media?parent=41542"}],"wp:term":[{"taxonomy":"category","embeddable":true,"href":"https:\/\/blogs.diariosur.es\/tormentas-y-rayos\/wp-json\/wp\/v2\/categories?post=41542"},{"taxonomy":"post_tag","embeddable":true,"href":"https:\/\/blogs.diariosur.es\/tormentas-y-rayos\/wp-json\/wp\/v2\/tags?post=41542"}],"curies":[{"name":"wp","href":"https:\/\/api.w.org\/{rel}","templated":true}]}}