{"id":41548,"date":"2024-08-18T22:14:37","date_gmt":"2024-08-18T20:14:37","guid":{"rendered":"https:\/\/blogs.diariosur.es\/tormentas-y-rayos\/?p=41548"},"modified":"2025-11-09T17:27:48","modified_gmt":"2025-11-09T16:27:48","slug":"__trashed-7","status":"publish","type":"post","link":"https:\/\/blogs.diariosur.es\/tormentas-y-rayos\/2024\/08\/18\/__trashed-7\/","title":{"rendered":"La magia del terral en la Feria de M\u00e1laga."},"content":{"rendered":"<p><a href=\"https:\/\/static-blogs.diariosur.es\/wp-content\/uploads\/sites\/12\/2023\/09\/375323357_10227521084351690_5428862938073510864_n.jpg\"><img loading=\"lazy\" class=\"aligncenter size-thumbnail wp-image-38274\" src=\"https:\/\/static-blogs.diariosur.es\/wp-content\/uploads\/sites\/12\/2023\/09\/375323357_10227521084351690_5428862938073510864_n-150x150.jpg\" alt=\"\" width=\"150\" height=\"150\" \/><\/a><\/p>\n<p data-pm-slice=\"1 1 []\">Buenos d\u00edas, amigos de la meteo. Cuando son las siete de la ma\u00f1ana en M\u00e1laga capital, la estaci\u00f3n del Aeropuerto de M\u00e1laga registra 25.9 \u00baC, los cielos est\u00e1n despejados y sopla viento de levante flojo. La temperatura del agua del mar es de 26.9 \u00baC; esto trae consigo noches y madrugadas ecuatoriales.<\/p>\n<p>Ayer domingo se cumplieron las previsiones y el terral no entr\u00f3 en la Feria del Centro, m\u00e1xima 31 \u00baC, y tampoco en la de Cortijo Torres; aqu\u00ed la m\u00e1xima fue de 34 \u00baC. Nuestro viento malague\u00f1o hizo magia y se qued\u00f3 muy cerquita. Donde s\u00ed entr\u00f3 fue en Campanillas con 40 \u00b0C, Churriana 39.6 y Aeropuerto de M\u00e1laga 38.2 \u00b0C; curiosamente, en el Centro Meteorol\u00f3gico de Teatinos solo registraron 34 \u00b0C.<\/p>\n<p>La m\u00e1xima de la provincia malague\u00f1a y de Espa\u00f1a se registr\u00f3 en \u00c1lora con 43.1 \u00b0C; destacar tambi\u00e9n\u00a0Alpandeire con 40.1 \u00b0C, Cortes de la Frontera con 41.3 \u00b0C, Alhaur\u00edn el Grande 39.3 \u00b0C, Archidona Huertas del R\u00edo 38 \u00b0C, El Colmenar las Buitreras 40.9 \u00b0C, Antequera 38.3 \u00b0C, Ronda Instituto 37.8 \u00b0C, Fuente Piedra 38.9 \u00b0C. Fuentes Aemet y meteoclimatic.<\/p>\n<p>Hoy lunes la AEMET ha activado estos avisos por altas temperaturas en las provincias de C\u00f3rdoba, Huelva, Granada, Sevilla y Ja\u00e9n. Las temperaturas m\u00e1ximas en la provincia de M\u00e1laga rondar\u00e1n en la costa entre los 27 y 31 grados, por el interior los 28 y 35 \u00baC.<\/p>\n<p>Os paso el mapa de avisos de la AEMET.<\/p>\n<p>&nbsp;<\/p>\n<p><a href=\"https:\/\/static-blogs.diariosur.es\/wp-content\/uploads\/sites\/12\/2024\/08\/Captura-de-pantalla-2024-08-19-073457.jpg\"><img loading=\"lazy\" class=\"aligncenter size-full wp-image-41554\" src=\"https:\/\/static-blogs.diariosur.es\/wp-content\/uploads\/sites\/12\/2024\/08\/Captura-de-pantalla-2024-08-19-073457.jpg\" alt=\"\" width=\"866\" height=\"682\" srcset=\"https:\/\/static-blogs.diariosur.es\/wp-content\/uploads\/sites\/12\/2024\/08\/Captura-de-pantalla-2024-08-19-073457.jpg 866w, https:\/\/static-blogs.diariosur.es\/wp-content\/uploads\/sites\/12\/2024\/08\/Captura-de-pantalla-2024-08-19-073457-508x400.jpg 508w, https:\/\/static-blogs.diariosur.es\/wp-content\/uploads\/sites\/12\/2024\/08\/Captura-de-pantalla-2024-08-19-073457-768x605.jpg 768w\" sizes=\"(max-width: 866px) 100vw, 866px\" \/><\/a><\/p>\n<p>&nbsp;<\/p>\n<p>Nos vemos ma\u00f1ana.<\/p>\n<p>Os dejo con este fot\u00f3n de mi amigo Rafa Fern\u00e1ndez Cid<\/p>\n<p>&nbsp;<\/p>\n<p><a href=\"https:\/\/static-blogs.diariosur.es\/wp-content\/uploads\/sites\/12\/2024\/08\/456254129_10229572920286306_3886644609371285348_n-1.jpg\"><img loading=\"lazy\" class=\"aligncenter size-full wp-image-41555\" src=\"https:\/\/static-blogs.diariosur.es\/wp-content\/uploads\/sites\/12\/2024\/08\/456254129_10229572920286306_3886644609371285348_n-1.jpg\" alt=\"\" width=\"1000\" height=\"563\" srcset=\"https:\/\/static-blogs.diariosur.es\/wp-content\/uploads\/sites\/12\/2024\/08\/456254129_10229572920286306_3886644609371285348_n-1.jpg 1000w, https:\/\/static-blogs.diariosur.es\/wp-content\/uploads\/sites\/12\/2024\/08\/456254129_10229572920286306_3886644609371285348_n-1-640x360.jpg 640w, https:\/\/static-blogs.diariosur.es\/wp-content\/uploads\/sites\/12\/2024\/08\/456254129_10229572920286306_3886644609371285348_n-1-768x432.jpg 768w\" sizes=\"(max-width: 1000px) 100vw, 1000px\" \/><\/a><\/p>\n<p>&nbsp;<\/p>\n","protected":false},"excerpt":{"rendered":"<p>Buenos d\u00edas, amigos de la meteo. Cuando son las siete de la ma\u00f1ana en M\u00e1laga capital, la estaci\u00f3n del Aeropuerto de M\u00e1laga registra 25.9 \u00baC, los cielos est\u00e1n despejados y sopla viento de levante flojo. La temperatura del agua del mar es de 26.9 \u00baC; esto trae consigo noches y madrugadas ecuatoriales. Ayer domingo se [&hellip;]<\/p>\n","protected":false},"author":16,"featured_media":41555,"comment_status":"open","ping_status":"open","sticky":false,"template":"","format":"standard","meta":[],"categories":[2],"tags":[50,212,408,587,975],"_links":{"self":[{"href":"https:\/\/blogs.diariosur.es\/tormentas-y-rayos\/wp-json\/wp\/v2\/posts\/41548"}],"collection":[{"href":"https:\/\/blogs.diariosur.es\/tormentas-y-rayos\/wp-json\/wp\/v2\/posts"}],"about":[{"href":"https:\/\/blogs.diariosur.es\/tormentas-y-rayos\/wp-json\/wp\/v2\/types\/post"}],"author":[{"embeddable":true,"href":"https:\/\/blogs.diariosur.es\/tormentas-y-rayos\/wp-json\/wp\/v2\/users\/16"}],"replies":[{"embeddable":true,"href":"https:\/\/blogs.diariosur.es\/tormentas-y-rayos\/wp-json\/wp\/v2\/comments?post=41548"}],"version-history":[{"count":8,"href":"https:\/\/blogs.diariosur.es\/tormentas-y-rayos\/wp-json\/wp\/v2\/posts\/41548\/revisions"}],"predecessor-version":[{"id":47421,"href":"https:\/\/blogs.diariosur.es\/tormentas-y-rayos\/wp-json\/wp\/v2\/posts\/41548\/revisions\/47421"}],"wp:featuredmedia":[{"embeddable":true,"href":"https:\/\/blogs.diariosur.es\/tormentas-y-rayos\/wp-json\/wp\/v2\/media\/41555"}],"wp:attachment":[{"href":"https:\/\/blogs.diariosur.es\/tormentas-y-rayos\/wp-json\/wp\/v2\/media?parent=41548"}],"wp:term":[{"taxonomy":"category","embeddable":true,"href":"https:\/\/blogs.diariosur.es\/tormentas-y-rayos\/wp-json\/wp\/v2\/categories?post=41548"},{"taxonomy":"post_tag","embeddable":true,"href":"https:\/\/blogs.diariosur.es\/tormentas-y-rayos\/wp-json\/wp\/v2\/tags?post=41548"}],"curies":[{"name":"wp","href":"https:\/\/api.w.org\/{rel}","templated":true}]}}