{"id":41572,"date":"2024-08-22T18:22:08","date_gmt":"2024-08-22T16:22:08","guid":{"rendered":"https:\/\/blogs.diariosur.es\/tormentas-y-rayos\/?p=41572"},"modified":"2025-11-09T17:24:33","modified_gmt":"2025-11-09T16:24:33","slug":"hasta-cuando-el-bochorno-en-malaga-se-espera-terral-temperatura-maxima-del-agua-del-mar","status":"publish","type":"post","link":"https:\/\/blogs.diariosur.es\/tormentas-y-rayos\/2024\/08\/22\/hasta-cuando-el-bochorno-en-malaga-se-espera-terral-temperatura-maxima-del-agua-del-mar\/","title":{"rendered":"\u00bfHasta cu\u00e1ndo el bochorno en M\u00e1laga? \u00bfSe espera terral? Temperatura m\u00e1xima del agua del mar  \u00a0"},"content":{"rendered":"<p><a href=\"https:\/\/static-blogs.diariosur.es\/wp-content\/uploads\/sites\/12\/2023\/10\/391553712_10227849747128054_5906882869659171719_n.jpg\"><img loading=\"lazy\" class=\"aligncenter size-thumbnail wp-image-38725\" src=\"https:\/\/static-blogs.diariosur.es\/wp-content\/uploads\/sites\/12\/2023\/10\/391553712_10227849747128054_5906882869659171719_n-150x150.jpg\" alt=\"\" width=\"150\" height=\"150\" \/><\/a><\/p>\n<p data-pm-slice=\"1 1 []\">Hola, amigos de la meteo. Cuando son las seis de la tarde en M\u00e1laga capital, la estaci\u00f3n del Aeropuerto de M\u00e1laga ha registrado una m\u00e1xima de 31,6 \u00baC y una m\u00ednima de 23,7 \u00b0C a las 6:40 de la ma\u00f1ana. Durante la pasada madrugada no baj\u00f3 de 25.5 \u00b0C hasta las 4:45 h; a partir de esa hora fue bajando hasta llegar a la m\u00ednima que he comentado antes.<\/p>\n<p>Antes de hablaros del bochorno y el terral, os comento que durante estos primeros d\u00edas de esta semana, la boya de M\u00e1laga ha llegado a 28.1 \u00b0C en dos ocasiones. Se ha quedado a un grado de igualar la temperatura m\u00e1xima que se dio\u00a0el<\/p>\n<p><strong><a href=\"https:\/\/blogs.diariosur.es\/tormentas-y-rayos\/2024\/08\/05\/cual-es-la-temperatura-del-agua-mas-alta-y-mas-baja-que-se-ha-dado-en-la-boya-del-puerto-de-malaga-desde1985\/\">7 de agosto del a\u00f1o 2015 con 29.1 grados a las 16:00 horas.\u00a0<\/a><\/strong><\/p>\n<p>Os paso un video que hice ayer, cuando la humedad rondaba el 86% y la temperatura 29 \u00b0C a las once de la ma\u00f1ana.<\/p>\n<p>&nbsp;<\/p>\n<p><iframe loading=\"lazy\" title=\"YouTube video player\" src=\"https:\/\/www.youtube.com\/embed\/PrS4CAW3cLw?si=MhE1bO_q_qkf4VT9\" width=\"560\" height=\"315\" frameborder=\"0\" allowfullscreen=\"allowfullscreen\"><\/iframe><\/p>\n<p>&nbsp;<\/p>\n<p>&nbsp;<\/p>\n<p data-pm-slice=\"1 1 []\">La Feria de M\u00e1laga terminar\u00e1 sin terral y hay una probabilidad alta de que hasta el d\u00eda 31 no aparezca, pero ya sab\u00e9is que la meteo puede traer sorpresas.<\/p>\n<p>En cuanto al bochorno y c\u00f3mo seguir\u00e1 el mar tan caliente, lo tendremos hasta final de mes, a no ser que alg\u00fan d\u00eda tengamos un sorpresivo terral, como he comentado antes.<\/p>\n<p>Aunque a\u00fan est\u00e1 por confirmar, hay probabilidad de que la semana que viene las temperaturas m\u00ednimas de madrugada sean un poco m\u00e1s bajas, not\u00e1ndose m\u00e1s en las comarcas de Ronda y Antequera.<\/p>\n<p>\u00c1nimo, que quedan nueve d\u00edas para que comience el oto\u00f1o meteorol\u00f3gico.<\/p>\n<p>Os dejo con este fot\u00f3n que hizo ayer mi amigo Enrique Bandera Enriquez, a las 10:30 en la playa de Huelin. Me comentaba, tom\u00e1ndonos unas birras, que el agua ol\u00eda a puchero. Jijiii.<\/p>\n<p>&nbsp;<\/p>\n<p>&nbsp;<\/p>\n<p><a href=\"https:\/\/static-blogs.diariosur.es\/wp-content\/uploads\/sites\/12\/2024\/08\/IMG-20240821-WA0016.jpg\"><img loading=\"lazy\" class=\"aligncenter size-full wp-image-41580\" src=\"https:\/\/static-blogs.diariosur.es\/wp-content\/uploads\/sites\/12\/2024\/08\/IMG-20240821-WA0016.jpg\" alt=\"\" width=\"816\" height=\"614\" srcset=\"https:\/\/static-blogs.diariosur.es\/wp-content\/uploads\/sites\/12\/2024\/08\/IMG-20240821-WA0016.jpg 816w, https:\/\/static-blogs.diariosur.es\/wp-content\/uploads\/sites\/12\/2024\/08\/IMG-20240821-WA0016-532x400.jpg 532w, https:\/\/static-blogs.diariosur.es\/wp-content\/uploads\/sites\/12\/2024\/08\/IMG-20240821-WA0016-768x578.jpg 768w\" sizes=\"(max-width: 816px) 100vw, 816px\" \/><\/a><\/p>\n<p>&nbsp;<\/p>\n<p>&nbsp;<\/p>\n<p>&nbsp;<\/p>\n<p>&nbsp;<\/p>\n<p>&nbsp;<\/p>\n","protected":false},"excerpt":{"rendered":"<p>Hola, amigos de la meteo. Cuando son las seis de la tarde en M\u00e1laga capital, la estaci\u00f3n del Aeropuerto de M\u00e1laga ha registrado una m\u00e1xima de 31,6 \u00baC y una m\u00ednima de 23,7 \u00b0C a las 6:40 de la ma\u00f1ana. Durante la pasada madrugada no baj\u00f3 de 25.5 \u00b0C hasta las 4:45 h; a partir [&hellip;]<\/p>\n","protected":false},"author":16,"featured_media":41580,"comment_status":"open","ping_status":"open","sticky":false,"template":"","format":"standard","meta":[],"categories":[2],"tags":[54,100,208,358,587,1945],"_links":{"self":[{"href":"https:\/\/blogs.diariosur.es\/tormentas-y-rayos\/wp-json\/wp\/v2\/posts\/41572"}],"collection":[{"href":"https:\/\/blogs.diariosur.es\/tormentas-y-rayos\/wp-json\/wp\/v2\/posts"}],"about":[{"href":"https:\/\/blogs.diariosur.es\/tormentas-y-rayos\/wp-json\/wp\/v2\/types\/post"}],"author":[{"embeddable":true,"href":"https:\/\/blogs.diariosur.es\/tormentas-y-rayos\/wp-json\/wp\/v2\/users\/16"}],"replies":[{"embeddable":true,"href":"https:\/\/blogs.diariosur.es\/tormentas-y-rayos\/wp-json\/wp\/v2\/comments?post=41572"}],"version-history":[{"count":17,"href":"https:\/\/blogs.diariosur.es\/tormentas-y-rayos\/wp-json\/wp\/v2\/posts\/41572\/revisions"}],"predecessor-version":[{"id":47418,"href":"https:\/\/blogs.diariosur.es\/tormentas-y-rayos\/wp-json\/wp\/v2\/posts\/41572\/revisions\/47418"}],"wp:featuredmedia":[{"embeddable":true,"href":"https:\/\/blogs.diariosur.es\/tormentas-y-rayos\/wp-json\/wp\/v2\/media\/41580"}],"wp:attachment":[{"href":"https:\/\/blogs.diariosur.es\/tormentas-y-rayos\/wp-json\/wp\/v2\/media?parent=41572"}],"wp:term":[{"taxonomy":"category","embeddable":true,"href":"https:\/\/blogs.diariosur.es\/tormentas-y-rayos\/wp-json\/wp\/v2\/categories?post=41572"},{"taxonomy":"post_tag","embeddable":true,"href":"https:\/\/blogs.diariosur.es\/tormentas-y-rayos\/wp-json\/wp\/v2\/tags?post=41572"}],"curies":[{"name":"wp","href":"https:\/\/api.w.org\/{rel}","templated":true}]}}