{"id":41589,"date":"2024-08-24T17:02:34","date_gmt":"2024-08-24T15:02:34","guid":{"rendered":"https:\/\/blogs.diariosur.es\/tormentas-y-rayos\/?p=41589"},"modified":"2025-11-09T17:21:12","modified_gmt":"2025-11-09T16:21:12","slug":"hay-probabilidad-de-precipitaciones-el-lunes-en-la-costa-malaguena-manana-avisos-por-tormentas-en-las-provincias-de-almeria-granada-y-jaen","status":"publish","type":"post","link":"https:\/\/blogs.diariosur.es\/tormentas-y-rayos\/2024\/08\/24\/hay-probabilidad-de-precipitaciones-el-lunes-en-la-costa-malaguena-manana-avisos-por-tormentas-en-las-provincias-de-almeria-granada-y-jaen\/","title":{"rendered":"\u00bfHay probabilidad de precipitaciones el lunes en la costa malague\u00f1a? Ma\u00f1ana avisos por tormentas en las provincias de Almer\u00eda, Granada y Ja\u00e9n."},"content":{"rendered":"<p><a href=\"https:\/\/static-blogs.diariosur.es\/wp-content\/uploads\/sites\/12\/2023\/06\/66505616_10216972270637940_5684453640765440_n-2.jpg\"><img loading=\"lazy\" class=\"aligncenter size-thumbnail wp-image-37376\" src=\"https:\/\/static-blogs.diariosur.es\/wp-content\/uploads\/sites\/12\/2023\/06\/66505616_10216972270637940_5684453640765440_n-2-150x150.jpg\" alt=\"\" width=\"150\" height=\"150\" srcset=\"https:\/\/static-blogs.diariosur.es\/wp-content\/uploads\/sites\/12\/2023\/06\/66505616_10216972270637940_5684453640765440_n-2-150x150.jpg 150w, https:\/\/static-blogs.diariosur.es\/wp-content\/uploads\/sites\/12\/2023\/06\/66505616_10216972270637940_5684453640765440_n-2-400x400.jpg 400w, https:\/\/static-blogs.diariosur.es\/wp-content\/uploads\/sites\/12\/2023\/06\/66505616_10216972270637940_5684453640765440_n-2.jpg 768w\" sizes=\"(max-width: 150px) 100vw, 150px\" \/><\/a><\/p>\n<p data-pm-slice=\"1 1 []\">Buenas tardes, amigos de la meteo. Cuando son las cuatro y media de la tarde en M\u00e1laga capital, la m\u00e1xima de hoy s\u00e1bado 24 de agosto ha sido de 33.1 \u00b0C en el aeropuerto y la m\u00ednima de 24. \u00b0C.<\/p>\n<p>Recordaros que ma\u00f1ana domingo, la AEMET ha activado el aviso amarillo por tormentas en las provincias de Granada (Guadix, Baza), Ja\u00e9n, Cazorla, Segura y en la de Almer\u00eda, Valle de Almazora y Los V\u00e9lez. Tambi\u00e9n se activa por lluvias de 15 mm en una hora en estas tres provincias.<\/p>\n<h3><span style=\"color: #ff0000;\"><strong>\u00bfHay probabilidad de algunas precipitaciones el lunes en la costa malague\u00f1a?<\/strong><\/span><\/h3>\n<p>Como estoy recibiendo muchos mensajes por las redes y por el WhatsApp de vosotros, porque las aplicaciones de los m\u00f3viles del tiempo dan un 80% de lluvia el lunes en M\u00e1laga, os explico.<\/p>\n<p>Primero, comentaros que si cae algo, ser\u00e1n gotillas, y no en todos los portales. Algo parecido a lo que pas\u00f3 hace unos d\u00edas, como es el caso de Mijas Pueblo, Puerto de la Torre, Montes de M\u00e1laga e incluso en El Aeropuerto. Debido al viento de levante h\u00famedo y a un poco de aire fr\u00edo en altura, pueden caer esas gotas antes mencionadas. A partir del mediod\u00eda se quitar\u00e1n las nubes bajas de levante y bajar\u00e1 la probabilidad de precipitaciones.<\/p>\n<p>Pues ya lo sab\u00e9is, muy poca cosa y no en todas las zonas. A ver si a final de la semana que viene y primeros de septiembre cambia un poco la meteo.<\/p>\n<p>&nbsp;<\/p>\n<p>&nbsp;<\/p>\n","protected":false},"excerpt":{"rendered":"<p>Buenas tardes, amigos de la meteo. Cuando son las cuatro y media de la tarde en M\u00e1laga capital, la m\u00e1xima de hoy s\u00e1bado 24 de agosto ha sido de 33.1 \u00b0C en el aeropuerto y la m\u00ednima de 24. \u00b0C. Recordaros que ma\u00f1ana domingo, la AEMET ha activado el aviso amarillo por tormentas en las [&hellip;]<\/p>\n","protected":false},"author":16,"featured_media":41598,"comment_status":"open","ping_status":"open","sticky":false,"template":"","format":"standard","meta":[],"categories":[2],"tags":[1946,100,151,358,569,587,800],"_links":{"self":[{"href":"https:\/\/blogs.diariosur.es\/tormentas-y-rayos\/wp-json\/wp\/v2\/posts\/41589"}],"collection":[{"href":"https:\/\/blogs.diariosur.es\/tormentas-y-rayos\/wp-json\/wp\/v2\/posts"}],"about":[{"href":"https:\/\/blogs.diariosur.es\/tormentas-y-rayos\/wp-json\/wp\/v2\/types\/post"}],"author":[{"embeddable":true,"href":"https:\/\/blogs.diariosur.es\/tormentas-y-rayos\/wp-json\/wp\/v2\/users\/16"}],"replies":[{"embeddable":true,"href":"https:\/\/blogs.diariosur.es\/tormentas-y-rayos\/wp-json\/wp\/v2\/comments?post=41589"}],"version-history":[{"count":10,"href":"https:\/\/blogs.diariosur.es\/tormentas-y-rayos\/wp-json\/wp\/v2\/posts\/41589\/revisions"}],"predecessor-version":[{"id":47416,"href":"https:\/\/blogs.diariosur.es\/tormentas-y-rayos\/wp-json\/wp\/v2\/posts\/41589\/revisions\/47416"}],"wp:featuredmedia":[{"embeddable":true,"href":"https:\/\/blogs.diariosur.es\/tormentas-y-rayos\/wp-json\/wp\/v2\/media\/41598"}],"wp:attachment":[{"href":"https:\/\/blogs.diariosur.es\/tormentas-y-rayos\/wp-json\/wp\/v2\/media?parent=41589"}],"wp:term":[{"taxonomy":"category","embeddable":true,"href":"https:\/\/blogs.diariosur.es\/tormentas-y-rayos\/wp-json\/wp\/v2\/categories?post=41589"},{"taxonomy":"post_tag","embeddable":true,"href":"https:\/\/blogs.diariosur.es\/tormentas-y-rayos\/wp-json\/wp\/v2\/tags?post=41589"}],"curies":[{"name":"wp","href":"https:\/\/api.w.org\/{rel}","templated":true}]}}