{"id":41602,"date":"2024-08-26T08:17:34","date_gmt":"2024-08-26T06:17:34","guid":{"rendered":"https:\/\/blogs.diariosur.es\/tormentas-y-rayos\/?p=41602"},"modified":"2025-11-09T17:15:13","modified_gmt":"2025-11-09T16:15:13","slug":"habra-milagro-y-terminara-agosto-con-precipitaciones-en-la-provincia-de-malaga","status":"publish","type":"post","link":"https:\/\/blogs.diariosur.es\/tormentas-y-rayos\/2024\/08\/26\/habra-milagro-y-terminara-agosto-con-precipitaciones-en-la-provincia-de-malaga\/","title":{"rendered":"\u00bfHabr\u00e1 milagro y terminar\u00e1 agosto con precipitaciones en la provincia de M\u00e1laga?"},"content":{"rendered":"<p><a href=\"https:\/\/static-blogs.diariosur.es\/wp-content\/uploads\/sites\/12\/2024\/05\/444912498_10228884468795449_97962860407814916_n.jpg\"><img loading=\"lazy\" class=\"aligncenter size-thumbnail wp-image-40751\" src=\"https:\/\/static-blogs.diariosur.es\/wp-content\/uploads\/sites\/12\/2024\/05\/444912498_10228884468795449_97962860407814916_n-150x150.jpg\" alt=\"\" width=\"150\" height=\"150\" \/><\/a><\/p>\n<p data-pm-slice=\"1 1 []\">Muy buenos d\u00edas, amigos de la meteo. Cuando son las ocho de la ma\u00f1ana en M\u00e1laga capital, caen algunas gotas en algunos puntos de la costa de la Axarqu\u00eda malague\u00f1a; la temperatura m\u00ednima hoy en el aeropuerto ha sido de 26.6 \u00baC; por en\u00e9sima vez hemos tenido una madrugada ecuatorial. Como os coment\u00e9 el s\u00e1bado, hay probabilidad de algunas gotas en la costa malague\u00f1a hoy lunes.<\/p>\n<h3><span style=\"color: #ff0000;\"><strong>\u00bfHabr\u00e1 milagro y terminar\u00e1 agosto con precipitaciones en la provincia de M\u00e1laga?<\/strong><\/span><\/h3>\n<p>Tanto el modelo europeo como el americano dan la probabilidad de precipitaciones en la provincia de M\u00e1laga a partir del jueves. El europeo dibuja una dana en la nariz de Portugal que bajar\u00eda hasta situarse cerca del Cabo de San Vicente; el americano prev\u00e9 una vaguada. Ma\u00f1ana por la tarde estar\u00e1 m\u00e1s clara la evoluci\u00f3n de esta situaci\u00f3n, que vendr\u00eda acompa\u00f1ada de tormentas y chubascos fuertes.<\/p>\n<p>&nbsp;<\/p>\n","protected":false},"excerpt":{"rendered":"<p>Muy buenos d\u00edas, amigos de la meteo. Cuando son las ocho de la ma\u00f1ana en M\u00e1laga capital, caen algunas gotas en algunos puntos de la costa de la Axarqu\u00eda malague\u00f1a; la temperatura m\u00ednima hoy en el aeropuerto ha sido de 26.6 \u00baC; por en\u00e9sima vez hemos tenido una madrugada ecuatorial. Como os coment\u00e9 el s\u00e1bado, [&hellip;]<\/p>\n","protected":false},"author":16,"featured_media":41069,"comment_status":"open","ping_status":"open","sticky":false,"template":"","format":"standard","meta":[],"categories":[2],"tags":[94,100,151,307,569,1947,996],"_links":{"self":[{"href":"https:\/\/blogs.diariosur.es\/tormentas-y-rayos\/wp-json\/wp\/v2\/posts\/41602"}],"collection":[{"href":"https:\/\/blogs.diariosur.es\/tormentas-y-rayos\/wp-json\/wp\/v2\/posts"}],"about":[{"href":"https:\/\/blogs.diariosur.es\/tormentas-y-rayos\/wp-json\/wp\/v2\/types\/post"}],"author":[{"embeddable":true,"href":"https:\/\/blogs.diariosur.es\/tormentas-y-rayos\/wp-json\/wp\/v2\/users\/16"}],"replies":[{"embeddable":true,"href":"https:\/\/blogs.diariosur.es\/tormentas-y-rayos\/wp-json\/wp\/v2\/comments?post=41602"}],"version-history":[{"count":3,"href":"https:\/\/blogs.diariosur.es\/tormentas-y-rayos\/wp-json\/wp\/v2\/posts\/41602\/revisions"}],"predecessor-version":[{"id":47414,"href":"https:\/\/blogs.diariosur.es\/tormentas-y-rayos\/wp-json\/wp\/v2\/posts\/41602\/revisions\/47414"}],"wp:featuredmedia":[{"embeddable":true,"href":"https:\/\/blogs.diariosur.es\/tormentas-y-rayos\/wp-json\/wp\/v2\/media\/41069"}],"wp:attachment":[{"href":"https:\/\/blogs.diariosur.es\/tormentas-y-rayos\/wp-json\/wp\/v2\/media?parent=41602"}],"wp:term":[{"taxonomy":"category","embeddable":true,"href":"https:\/\/blogs.diariosur.es\/tormentas-y-rayos\/wp-json\/wp\/v2\/categories?post=41602"},{"taxonomy":"post_tag","embeddable":true,"href":"https:\/\/blogs.diariosur.es\/tormentas-y-rayos\/wp-json\/wp\/v2\/tags?post=41602"}],"curies":[{"name":"wp","href":"https:\/\/api.w.org\/{rel}","templated":true}]}}