{"id":41627,"date":"2024-08-27T07:29:37","date_gmt":"2024-08-27T05:29:37","guid":{"rendered":"https:\/\/blogs.diariosur.es\/tormentas-y-rayos\/?p=41627"},"modified":"2025-11-09T17:13:43","modified_gmt":"2025-11-09T16:13:43","slug":"si-aunque-parezca-mentira-llovio-en-algunos-portales-de-la-provincia-malaguena-ayer-lunes","status":"publish","type":"post","link":"https:\/\/blogs.diariosur.es\/tormentas-y-rayos\/2024\/08\/27\/si-aunque-parezca-mentira-llovio-en-algunos-portales-de-la-provincia-malaguena-ayer-lunes\/","title":{"rendered":"S\u00ed, aunque parezca mentira, llovi\u00f3 en algunos portales de la provincia malague\u00f1a ayer lunes."},"content":{"rendered":"<p><a href=\"https:\/\/static-blogs.diariosur.es\/wp-content\/uploads\/sites\/12\/2023\/06\/66505616_10216972270637940_5684453640765440_n-1.jpg\"><img loading=\"lazy\" class=\"aligncenter size-thumbnail wp-image-37370\" src=\"https:\/\/static-blogs.diariosur.es\/wp-content\/uploads\/sites\/12\/2023\/06\/66505616_10216972270637940_5684453640765440_n-1-150x150.jpg\" alt=\"\" width=\"150\" height=\"150\" srcset=\"https:\/\/static-blogs.diariosur.es\/wp-content\/uploads\/sites\/12\/2023\/06\/66505616_10216972270637940_5684453640765440_n-1-150x150.jpg 150w, https:\/\/static-blogs.diariosur.es\/wp-content\/uploads\/sites\/12\/2023\/06\/66505616_10216972270637940_5684453640765440_n-1-400x400.jpg 400w, https:\/\/static-blogs.diariosur.es\/wp-content\/uploads\/sites\/12\/2023\/06\/66505616_10216972270637940_5684453640765440_n-1.jpg 768w\" sizes=\"(max-width: 150px) 100vw, 150px\" \/><\/a><\/p>\n<p data-pm-slice=\"1 1 []\">Buenos d\u00edas, amigos de la meteo. Cuando son las siete menos cuarto de la ma\u00f1ana en M\u00e1laga capital, la estaci\u00f3n de la AEMET del aeropuerto registra una temperatura de 26 \u00b0C, aunque sea pesaooo, otra madrugada ecuatorial que hemos sufrido muchos malague\u00f1os, adem\u00e1s, con una humedad muy alta. Me comenta un amigo que vive por la zona de los Montes de M\u00e1laga que caen gotillas.<\/p>\n<p>Pues s\u00ed, amigos, ayer lunes llovi\u00f3 en algunos portales, pero si no cae en el portal de alguno, pues no se cree. En el m\u00edo ni una gotilla. Mis conocidos del barrio y seguidores de las redes me preguntaban que d\u00f3nde estaba la lluvia, y yo les contestaba que en su portal no, en otros portales s\u00ed. De todas formas, el s\u00e1bado coment\u00e9 en el blog que ser\u00edan chubascos y no en toda la provincia. Para mis amigos incr\u00e9dulos les pongo estos datos.<\/p>\n<p>Primero os pongo este video de mi amigo <strong>Crist\u00f3bal Gambero<\/strong> desde Mijas Pueblo, y luego unas fotos de mi amiga <strong>Sevy Santos Fermoselle<\/strong>, desde el Atabal en M\u00e1laga capital.<\/p>\n<p>&nbsp;<\/p>\n<p><iframe loading=\"lazy\" title=\"YouTube video player\" src=\"https:\/\/www.youtube.com\/embed\/R2YzDm3QhR0?si=EoU-mlbMIt-z-7-C\" width=\"560\" height=\"315\" frameborder=\"0\" allowfullscreen=\"allowfullscreen\"><\/iframe><\/p>\n<p>&nbsp;<\/p>\n<p>Os aseguro que mi amiga Sevy no esta regando la terraza<\/p>\n<p>&nbsp;<\/p>\n<p><a href=\"https:\/\/static-blogs.diariosur.es\/wp-content\/uploads\/sites\/12\/2024\/08\/457145236_10229659840819265_5909350722814641821_n.jpg\"><img loading=\"lazy\" class=\"aligncenter size-full wp-image-41630\" src=\"https:\/\/static-blogs.diariosur.es\/wp-content\/uploads\/sites\/12\/2024\/08\/457145236_10229659840819265_5909350722814641821_n.jpg\" alt=\"\" width=\"540\" height=\"960\" srcset=\"https:\/\/static-blogs.diariosur.es\/wp-content\/uploads\/sites\/12\/2024\/08\/457145236_10229659840819265_5909350722814641821_n.jpg 540w, https:\/\/static-blogs.diariosur.es\/wp-content\/uploads\/sites\/12\/2024\/08\/457145236_10229659840819265_5909350722814641821_n-225x400.jpg 225w\" sizes=\"(max-width: 540px) 100vw, 540px\" \/><\/a><\/p>\n<p>&nbsp;<\/p>\n<p><a href=\"https:\/\/static-blogs.diariosur.es\/wp-content\/uploads\/sites\/12\/2024\/08\/457154669_10229659870340003_1166950728269225171_n-e1724697835343.jpg\"><img loading=\"lazy\" class=\"aligncenter size-full wp-image-41631\" src=\"https:\/\/static-blogs.diariosur.es\/wp-content\/uploads\/sites\/12\/2024\/08\/457154669_10229659870340003_1166950728269225171_n-e1724697835343.jpg\" alt=\"\" width=\"600\" height=\"1067\" \/><\/a><\/p>\n<p>&nbsp;<\/p>\n<p>&nbsp;<\/p>\n<p>Os pongo las precipitaciones que se dieron ayer. Fuentes Aemet, meteoclimatic y weather undreground<\/p>\n<p>Nerja 4.5 mm<\/p>\n<p>Frigiliana 1.2 mm<\/p>\n<p>M\u00e1laga Aeropuerto\u00a0 0.2 mm<\/p>\n<p>Embalse de Casasola\u00a0 1.3 mm<\/p>\n<p>Embalse del Limonero\u00a0 1.7 mm<\/p>\n<p>Embalse de la Vi\u00f1uela 0.4 mm<\/p>\n<p>Torrox\u00a0 0.6 mm<\/p>\n<p>Mijas Pueblo\u00a0 2 mm<\/p>\n<p>Santo Pitar 0.9 mm<\/p>\n<p>Competa 0.3 mm<\/p>\n<p><strong>Esta tarde dar\u00e9 la \u00faltima hora de la probable dana.<\/strong><\/p>\n<p>&nbsp;<\/p>\n<p>&nbsp;<\/p>\n","protected":false},"excerpt":{"rendered":"<p>Buenos d\u00edas, amigos de la meteo. Cuando son las siete menos cuarto de la ma\u00f1ana en M\u00e1laga capital, la estaci\u00f3n de la AEMET del aeropuerto registra una temperatura de 26 \u00b0C, aunque sea pesaooo, otra madrugada ecuatorial que hemos sufrido muchos malague\u00f1os, adem\u00e1s, con una humedad muy alta. Me comenta un amigo que vive por [&hellip;]<\/p>\n","protected":false},"author":16,"featured_media":41631,"comment_status":"open","ping_status":"open","sticky":false,"template":"","format":"standard","meta":[],"categories":[2],"tags":[100,307,358,569,587,996],"_links":{"self":[{"href":"https:\/\/blogs.diariosur.es\/tormentas-y-rayos\/wp-json\/wp\/v2\/posts\/41627"}],"collection":[{"href":"https:\/\/blogs.diariosur.es\/tormentas-y-rayos\/wp-json\/wp\/v2\/posts"}],"about":[{"href":"https:\/\/blogs.diariosur.es\/tormentas-y-rayos\/wp-json\/wp\/v2\/types\/post"}],"author":[{"embeddable":true,"href":"https:\/\/blogs.diariosur.es\/tormentas-y-rayos\/wp-json\/wp\/v2\/users\/16"}],"replies":[{"embeddable":true,"href":"https:\/\/blogs.diariosur.es\/tormentas-y-rayos\/wp-json\/wp\/v2\/comments?post=41627"}],"version-history":[{"count":8,"href":"https:\/\/blogs.diariosur.es\/tormentas-y-rayos\/wp-json\/wp\/v2\/posts\/41627\/revisions"}],"predecessor-version":[{"id":47413,"href":"https:\/\/blogs.diariosur.es\/tormentas-y-rayos\/wp-json\/wp\/v2\/posts\/41627\/revisions\/47413"}],"wp:featuredmedia":[{"embeddable":true,"href":"https:\/\/blogs.diariosur.es\/tormentas-y-rayos\/wp-json\/wp\/v2\/media\/41631"}],"wp:attachment":[{"href":"https:\/\/blogs.diariosur.es\/tormentas-y-rayos\/wp-json\/wp\/v2\/media?parent=41627"}],"wp:term":[{"taxonomy":"category","embeddable":true,"href":"https:\/\/blogs.diariosur.es\/tormentas-y-rayos\/wp-json\/wp\/v2\/categories?post=41627"},{"taxonomy":"post_tag","embeddable":true,"href":"https:\/\/blogs.diariosur.es\/tormentas-y-rayos\/wp-json\/wp\/v2\/tags?post=41627"}],"curies":[{"name":"wp","href":"https:\/\/api.w.org\/{rel}","templated":true}]}}