{"id":41650,"date":"2024-08-29T07:53:56","date_gmt":"2024-08-29T05:53:56","guid":{"rendered":"https:\/\/blogs.diariosur.es\/tormentas-y-rayos\/?p=41650"},"modified":"2025-11-09T17:07:29","modified_gmt":"2025-11-09T16:07:29","slug":"impresionantes-rayos-y-granizo-esta-pasada-madrugada-en-la-provincia-de-malaga-yo-me-quede-dormido","status":"publish","type":"post","link":"https:\/\/blogs.diariosur.es\/tormentas-y-rayos\/2024\/08\/29\/impresionantes-rayos-y-granizo-esta-pasada-madrugada-en-la-provincia-de-malaga-yo-me-quede-dormido\/","title":{"rendered":"Impresionantes rayos esta pasada madrugada en la provincia de M\u00e1laga. Yo me qued\u00e9 dormido"},"content":{"rendered":"<p><a href=\"https:\/\/static-blogs.diariosur.es\/wp-content\/uploads\/sites\/12\/2024\/05\/444912498_10228884468795449_97962860407814916_n.jpg\"><img loading=\"lazy\" class=\"aligncenter size-thumbnail wp-image-40751\" src=\"https:\/\/static-blogs.diariosur.es\/wp-content\/uploads\/sites\/12\/2024\/05\/444912498_10228884468795449_97962860407814916_n-150x150.jpg\" alt=\"\" width=\"150\" height=\"150\" \/><\/a><\/p>\n<p data-pm-slice=\"1 1 []\">Buenos d\u00edas, amigos de la meteo. A partir de las 24:00 horas y hasta las tres de la madrugada, tuvimos muchos rayos en la provincia malague\u00f1a.<\/p>\n<p>Os paso primeramente algunos registros de lluvias y a continuaci\u00f3n las fotos.<\/p>\n<p>Alhaur\u00edn el Grande 2.2 mm<\/p>\n<p>Embalse de Casasola: 6.6 mm<\/p>\n<p>Embalse de Guadalteba 1.9 mm<\/p>\n<p>Co\u00edn 1.1 mm<\/p>\n<p>Alcauc\u00edn 2 mm<\/p>\n<p>Nerja\u00a02.2 mm<\/p>\n<p>Embalse de La Vi\u00f1uela 3.5 mm<\/p>\n<p>R\u00edo Guadalhorce C\u00e1rtama\u00a05.1 mm<\/p>\n<p>Villanueva de la Concepci\u00f3n 2.4 mm<\/p>\n<p>Colmenar 8.6 mm<\/p>\n<p>Alfarnatejo 1.6 mm<\/p>\n<p>Archidona Pta de la Hoya 1.2<\/p>\n<p>&nbsp;<\/p>\n<p>Impresionante rayo fotografiado por mi amigo Crist\u00f3bal Gambero desde Mijas Pueblo. El rayo impacta en el repetidor.<\/p>\n<p>&nbsp;<\/p>\n<p><a href=\"https:\/\/static-blogs.diariosur.es\/wp-content\/uploads\/sites\/12\/2024\/08\/457249485_8023897777659146_1738935607610040626_n-1-e1724910126497.jpg\"><img loading=\"lazy\" class=\"aligncenter size-full wp-image-41652\" src=\"https:\/\/static-blogs.diariosur.es\/wp-content\/uploads\/sites\/12\/2024\/08\/457249485_8023897777659146_1738935607610040626_n-1-e1724910126497.jpg\" alt=\"\" width=\"1200\" height=\"803\" \/><\/a><\/p>\n<p>&nbsp;<\/p>\n<p>Otro impresionante rayo de mi amiga Nany Lavado desde Gibralfaro. Puede ser el mismo de Crist\u00f3bal visto desde M\u00e1laga capital. Me confirman mis amigos que es el mismo rayo.<\/p>\n<p>&nbsp;<\/p>\n<p><a href=\"https:\/\/static-blogs.diariosur.es\/wp-content\/uploads\/sites\/12\/2024\/08\/nany-Lavado.jpg\"><img loading=\"lazy\" class=\"aligncenter size-full wp-image-41653\" src=\"https:\/\/static-blogs.diariosur.es\/wp-content\/uploads\/sites\/12\/2024\/08\/nany-Lavado.jpg\" alt=\"\" width=\"1200\" height=\"723\" srcset=\"https:\/\/static-blogs.diariosur.es\/wp-content\/uploads\/sites\/12\/2024\/08\/nany-Lavado.jpg 1200w, https:\/\/static-blogs.diariosur.es\/wp-content\/uploads\/sites\/12\/2024\/08\/nany-Lavado-640x386.jpg 640w, https:\/\/static-blogs.diariosur.es\/wp-content\/uploads\/sites\/12\/2024\/08\/nany-Lavado-768x463.jpg 768w\" sizes=\"(max-width: 1200px) 100vw, 1200px\" \/><\/a><\/p>\n<p>&nbsp;<\/p>\n<p>Hoy sigue la incertidumbre, ya veremos si entra otra l\u00ednea de inestabilidad esta ma\u00f1ana. Lo veo dif\u00edcil.<\/p>\n","protected":false},"excerpt":{"rendered":"<p>Buenos d\u00edas, amigos de la meteo. A partir de las 24:00 horas y hasta las tres de la madrugada, tuvimos muchos rayos en la provincia malague\u00f1a. Os paso primeramente algunos registros de lluvias y a continuaci\u00f3n las fotos. Alhaur\u00edn el Grande 2.2 mm Embalse de Casasola: 6.6 mm Embalse de Guadalteba 1.9 mm Co\u00edn 1.1 [&hellip;]<\/p>\n","protected":false},"author":16,"featured_media":47409,"comment_status":"open","ping_status":"open","sticky":false,"template":"","format":"standard","meta":[],"categories":[2],"tags":[467,587,847,992],"_links":{"self":[{"href":"https:\/\/blogs.diariosur.es\/tormentas-y-rayos\/wp-json\/wp\/v2\/posts\/41650"}],"collection":[{"href":"https:\/\/blogs.diariosur.es\/tormentas-y-rayos\/wp-json\/wp\/v2\/posts"}],"about":[{"href":"https:\/\/blogs.diariosur.es\/tormentas-y-rayos\/wp-json\/wp\/v2\/types\/post"}],"author":[{"embeddable":true,"href":"https:\/\/blogs.diariosur.es\/tormentas-y-rayos\/wp-json\/wp\/v2\/users\/16"}],"replies":[{"embeddable":true,"href":"https:\/\/blogs.diariosur.es\/tormentas-y-rayos\/wp-json\/wp\/v2\/comments?post=41650"}],"version-history":[{"count":6,"href":"https:\/\/blogs.diariosur.es\/tormentas-y-rayos\/wp-json\/wp\/v2\/posts\/41650\/revisions"}],"predecessor-version":[{"id":47408,"href":"https:\/\/blogs.diariosur.es\/tormentas-y-rayos\/wp-json\/wp\/v2\/posts\/41650\/revisions\/47408"}],"wp:featuredmedia":[{"embeddable":true,"href":"https:\/\/blogs.diariosur.es\/tormentas-y-rayos\/wp-json\/wp\/v2\/media\/47409"}],"wp:attachment":[{"href":"https:\/\/blogs.diariosur.es\/tormentas-y-rayos\/wp-json\/wp\/v2\/media?parent=41650"}],"wp:term":[{"taxonomy":"category","embeddable":true,"href":"https:\/\/blogs.diariosur.es\/tormentas-y-rayos\/wp-json\/wp\/v2\/categories?post=41650"},{"taxonomy":"post_tag","embeddable":true,"href":"https:\/\/blogs.diariosur.es\/tormentas-y-rayos\/wp-json\/wp\/v2\/tags?post=41650"}],"curies":[{"name":"wp","href":"https:\/\/api.w.org\/{rel}","templated":true}]}}