{"id":41659,"date":"2024-08-30T07:47:44","date_gmt":"2024-08-30T05:47:44","guid":{"rendered":"https:\/\/blogs.diariosur.es\/tormentas-y-rayos\/?p=41659"},"modified":"2025-11-09T17:00:40","modified_gmt":"2025-11-09T16:00:40","slug":"que-tiempo-hara-en-la-provincia-de-malaga-el-ultimo-dia-del-verano-y-el-primero-del-otono-meteorologico","status":"publish","type":"post","link":"https:\/\/blogs.diariosur.es\/tormentas-y-rayos\/2024\/08\/30\/que-tiempo-hara-en-la-provincia-de-malaga-el-ultimo-dia-del-verano-y-el-primero-del-otono-meteorologico\/","title":{"rendered":"\u00bfQu\u00e9 tiempo har\u00e1 en la provincia de M\u00e1laga el \u00faltimo d\u00eda del verano y el primero del oto\u00f1o meteorol\u00f3gico?"},"content":{"rendered":"<p><a href=\"https:\/\/static-blogs.diariosur.es\/wp-content\/uploads\/sites\/12\/2023\/09\/375323357_10227521084351690_5428862938073510864_n.jpg\"><img loading=\"lazy\" class=\"aligncenter size-thumbnail wp-image-38274\" src=\"https:\/\/static-blogs.diariosur.es\/wp-content\/uploads\/sites\/12\/2023\/09\/375323357_10227521084351690_5428862938073510864_n-150x150.jpg\" alt=\"\" width=\"150\" height=\"150\" \/><\/a><\/p>\n<p data-pm-slice=\"1 1 []\">Buenos d\u00edas, por decir algo, amigos de la meteo. Por en\u00e9sima vez hemos tenido una noche y madrugada ecuatorial en la costa malague\u00f1a; la temperatura en la estaci\u00f3n de la AEMET del aeropuerto no ha bajado de 26\u00b0C. A esto hay que unirle la alta humedad que ha rondado el 80% y la temperatura del agua del mar, que est\u00e1 a 27.4 \u00b0C.<\/p>\n<p>Ma\u00f1ana estad atentos, que os dar\u00e9 datos de mi estaci\u00f3n meteorol\u00f3gica, en cuanto a temperaturas m\u00ednimas que hemos tenido en M\u00e1laga capital en mi zona este mes de agosto. Tambi\u00e9n es muy probable que agosto de 2024 iguale al 2023 como el m\u00e1s caluroso desde que se tienen registros en el Aeropuerto en cuanto a temperatura media.<\/p>\n<h3><span style=\"color: #ff0000;\"><strong>\u00bfQu\u00e9 tiempo har\u00e1 en la provincia de M\u00e1laga el \u00faltimo d\u00eda del verano y el primero del oto\u00f1o meteorol\u00f3gico?<\/strong><\/span><\/h3>\n<p>La predicci\u00f3n, muy f\u00e1cil, amigos de la meteo. Para los que vay\u00e1is a la playa, no se esperan rachas fuertes de viento. La temperatura del agua del mar rondar\u00e1 los 27 \u00baC.<\/p>\n<p>Seguiremos con el bochorno y la probabilidad de precipitaciones es muy baja.<\/p>\n<p>Os dejo con las temperaturas m\u00e1ximas y m\u00ednimas que prev\u00e9 la Aemet para la provincia de M\u00e1laga el s\u00e1bado y domingo.<\/p>\n<p>&nbsp;<\/p>\n<p><a href=\"https:\/\/static-blogs.diariosur.es\/wp-content\/uploads\/sites\/12\/2024\/08\/sabado-1.jpg\"><img loading=\"lazy\" class=\"aligncenter size-full wp-image-41667\" src=\"https:\/\/static-blogs.diariosur.es\/wp-content\/uploads\/sites\/12\/2024\/08\/sabado-1.jpg\" alt=\"\" width=\"863\" height=\"686\" srcset=\"https:\/\/static-blogs.diariosur.es\/wp-content\/uploads\/sites\/12\/2024\/08\/sabado-1.jpg 863w, https:\/\/static-blogs.diariosur.es\/wp-content\/uploads\/sites\/12\/2024\/08\/sabado-1-503x400.jpg 503w, https:\/\/static-blogs.diariosur.es\/wp-content\/uploads\/sites\/12\/2024\/08\/sabado-1-768x610.jpg 768w\" sizes=\"(max-width: 863px) 100vw, 863px\" \/><\/a><\/p>\n<p>&nbsp;<\/p>\n<p><a href=\"https:\/\/static-blogs.diariosur.es\/wp-content\/uploads\/sites\/12\/2024\/08\/domingo-1.jpg\"><img loading=\"lazy\" class=\"aligncenter size-full wp-image-41668\" src=\"https:\/\/static-blogs.diariosur.es\/wp-content\/uploads\/sites\/12\/2024\/08\/domingo-1.jpg\" alt=\"\" width=\"863\" height=\"685\" srcset=\"https:\/\/static-blogs.diariosur.es\/wp-content\/uploads\/sites\/12\/2024\/08\/domingo-1.jpg 863w, https:\/\/static-blogs.diariosur.es\/wp-content\/uploads\/sites\/12\/2024\/08\/domingo-1-504x400.jpg 504w, https:\/\/static-blogs.diariosur.es\/wp-content\/uploads\/sites\/12\/2024\/08\/domingo-1-768x610.jpg 768w\" sizes=\"(max-width: 863px) 100vw, 863px\" \/><\/a><\/p>\n<p>&nbsp;<\/p>\n<p>&nbsp;<\/p>\n<p>&nbsp;<\/p>\n<p>&nbsp;<\/p>\n<p>&nbsp;<\/p>\n","protected":false},"excerpt":{"rendered":"<p>Buenos d\u00edas, por decir algo, amigos de la meteo. Por en\u00e9sima vez hemos tenido una noche y madrugada ecuatorial en la costa malague\u00f1a; la temperatura en la estaci\u00f3n de la AEMET del aeropuerto no ha bajado de 26\u00b0C. A esto hay que unirle la alta humedad que ha rondado el 80% y la temperatura del [&hellip;]<\/p>\n","protected":false},"author":16,"featured_media":41669,"comment_status":"open","ping_status":"open","sticky":false,"template":"","format":"standard","meta":[],"categories":[2],"tags":[212,358,587,744,800],"_links":{"self":[{"href":"https:\/\/blogs.diariosur.es\/tormentas-y-rayos\/wp-json\/wp\/v2\/posts\/41659"}],"collection":[{"href":"https:\/\/blogs.diariosur.es\/tormentas-y-rayos\/wp-json\/wp\/v2\/posts"}],"about":[{"href":"https:\/\/blogs.diariosur.es\/tormentas-y-rayos\/wp-json\/wp\/v2\/types\/post"}],"author":[{"embeddable":true,"href":"https:\/\/blogs.diariosur.es\/tormentas-y-rayos\/wp-json\/wp\/v2\/users\/16"}],"replies":[{"embeddable":true,"href":"https:\/\/blogs.diariosur.es\/tormentas-y-rayos\/wp-json\/wp\/v2\/comments?post=41659"}],"version-history":[{"count":11,"href":"https:\/\/blogs.diariosur.es\/tormentas-y-rayos\/wp-json\/wp\/v2\/posts\/41659\/revisions"}],"predecessor-version":[{"id":47407,"href":"https:\/\/blogs.diariosur.es\/tormentas-y-rayos\/wp-json\/wp\/v2\/posts\/41659\/revisions\/47407"}],"wp:featuredmedia":[{"embeddable":true,"href":"https:\/\/blogs.diariosur.es\/tormentas-y-rayos\/wp-json\/wp\/v2\/media\/41669"}],"wp:attachment":[{"href":"https:\/\/blogs.diariosur.es\/tormentas-y-rayos\/wp-json\/wp\/v2\/media?parent=41659"}],"wp:term":[{"taxonomy":"category","embeddable":true,"href":"https:\/\/blogs.diariosur.es\/tormentas-y-rayos\/wp-json\/wp\/v2\/categories?post=41659"},{"taxonomy":"post_tag","embeddable":true,"href":"https:\/\/blogs.diariosur.es\/tormentas-y-rayos\/wp-json\/wp\/v2\/tags?post=41659"}],"curies":[{"name":"wp","href":"https:\/\/api.w.org\/{rel}","templated":true}]}}