{"id":41701,"date":"2024-09-02T07:30:00","date_gmt":"2024-09-02T05:30:00","guid":{"rendered":"https:\/\/blogs.diariosur.es\/tormentas-y-rayos\/?p=41701"},"modified":"2025-11-09T11:29:16","modified_gmt":"2025-11-09T10:29:16","slug":"cuantas-noches-tropicales-y-ecuatoriales-hemos-tenido-en-agosto-en-mi-estacion-de-malaga-capital","status":"publish","type":"post","link":"https:\/\/blogs.diariosur.es\/tormentas-y-rayos\/2024\/09\/02\/cuantas-noches-tropicales-y-ecuatoriales-hemos-tenido-en-agosto-en-mi-estacion-de-malaga-capital\/","title":{"rendered":"\u00bfCu\u00e1ntas noches tropicales y ecuatoriales hemos tenido en agosto, en mi estaci\u00f3n de M\u00e1laga capital?"},"content":{"rendered":"<p><a href=\"https:\/\/static-blogs.diariosur.es\/wp-content\/uploads\/sites\/12\/2023\/09\/375323357_10227521084351690_5428862938073510864_n.jpg\"><img loading=\"lazy\" class=\"aligncenter size-thumbnail wp-image-38274\" src=\"https:\/\/static-blogs.diariosur.es\/wp-content\/uploads\/sites\/12\/2023\/09\/375323357_10227521084351690_5428862938073510864_n-150x150.jpg\" alt=\"\" width=\"150\" height=\"150\" \/><\/a><\/p>\n<p data-pm-slice=\"1 1 []\">Buenos d\u00edas, amigos de la meteo. Este pasado mes de agosto he estado tomando datos de temperaturas m\u00ednimas de mi estaci\u00f3n en M\u00e1laga capital; me he quedado asombrado porque no recuerdo nada igual. Antes os comento que son noches tropicales y ecuatoriales. Fuente Aemet, Diario Sur.<\/p>\n<p><strong>Noches tropicales<\/strong><\/p>\n<p>En climatolog\u00eda, las llamadas \u00abnoches tropicales\u00bb son aquellas en las que la temperatura m\u00ednima no desciende de 20 \u00baC. Se trata de un fen\u00f3meno que para las ciudades ribere\u00f1as del Mediterr\u00e1neo dice poco, ya que, seg\u00fan advierte Aemet, en las \u00faltimas d\u00e9cadas la mayor\u00eda de las noches de los meses de verano cumplen este requisito.<\/p>\n<p><strong>Noches ecuatoriales o t\u00f3rridas<\/strong><\/p>\n<p>Tal y como ha destacado Rub\u00e9n del Campo, portavoz de la Aemet, el siguiente umbral de noches adversas utilizado ser\u00eda el de noches ecuatoriales o t\u00f3rridas, que son aquellas en las que las temperaturas m\u00ednimas no bajan de 25 \u00baC. En estos casos, en zonas litorales suele registrarse adem\u00e1s una fuerte sensaci\u00f3n de bochorno debido a la elevada humedad.<\/p>\n<p><strong>Tambi\u00e9n est\u00e1n las noches infernales<\/strong>. El \u00faltimo t\u00e9rmino que irrumpe con fuerza \u2014aunque a\u00fan no est\u00e9 incluido en el diccionario meteorol\u00f3gico\u2014 hace referencia a las noches de calor extremo en las que el mercurio no baja de 30 \u00b0C de m\u00ednima: son las temidas noches infernales. Seg\u00fan el portavoz de Aemet, cada vez hablaremos m\u00e1s de ellas: \u00abDe momento no hay muchas, pero ya tenemos algunas noches infernales\u00bb.<\/p>\n<p>El a\u00f1o pasado tuvimos una noche infernal en julio con 31.6 \u00baC y otra en agosto con 30.3 \u00baC; estas noches infernales suelen darse con terral.<\/p>\n<p>En este mes de agosto hemos tenido <strong>8 m\u00ednimas tropicales<\/strong> y<strong> 23 ecuatoriales<\/strong>; ha sido impresionante, amigos de la meteo. Muy pocos hemos podido conciliar el sue\u00f1o. La temperatura media de las m\u00ednimas en el mes de agosto ha sido de <strong>25.4 \u00baC.<\/strong><\/p>\n<p>Os pongo a continuaci\u00f3n las temperaturas m\u00ednimas de mi estaci\u00f3n ubicada en la Avda. Ortega y Gasset. Las he puesto por colores para que las ve\u00e1is mejor.<\/p>\n<p><span style=\"color: #ff00ff;\"><strong>D\u00eda 1 registre\u00a0 25 \u00baC<\/strong><\/span><\/p>\n<p><span style=\"color: #ff00ff;\"><strong>Dia 2 registre\u00a0 28,3 \u00baC<\/strong><\/span><\/p>\n<p><span style=\"color: #ff00ff;\"><strong>Dia 3 registre\u00a0 26,1 \u00baC<\/strong><\/span><\/p>\n<p><span style=\"color: #ff0000;\"><strong>D\u00eda 4 registre\u00a0 24,4 \u00baC<\/strong><\/span><\/p>\n<p><span style=\"color: #ff0000;\"><strong>D\u00eda 5 registre\u00a0 23,3 \u00baC<\/strong><\/span><\/p>\n<p><span style=\"color: #ff0000;\"><strong>D\u00eda 6 registre\u00a0 24,4 \u00baC<\/strong><\/span><\/p>\n<p><span style=\"color: #ff0000;\"><strong>D\u00eda 7 registre\u00a0 24,4 \u00baC<\/strong><\/span><\/p>\n<p><span style=\"color: #ff0000;\"><strong>D\u00eda 8 registre\u00a0 24,4 \u00baC<\/strong><\/span><\/p>\n<p><span style=\"color: #ff00ff;\"><strong>D\u00eda 9 registre\u00a0 25 \u00baC<\/strong><\/span><\/p>\n<p><span style=\"color: #ff00ff;\"><strong>D\u00eda 10 registre 26,1 \u00baC<\/strong><\/span><\/p>\n<p><span style=\"color: #ff00ff;\"><strong>D\u00eda 11 registre\u00a0 \u00a026,1 \u00baC<\/strong><\/span><\/p>\n<p><span style=\"color: #ff00ff;\"><strong>D\u00eda 12 registre\u00a0 25 \u00baC<\/strong><\/span><\/p>\n<p><span style=\"color: #ff00ff;\"><strong>D\u00eda 13 registre\u00a0 25\u00baC<\/strong><\/span><\/p>\n<p><span style=\"color: #ff00ff;\"><strong>D\u00eda 14 registre\u00a0 26,7 \u00baC<\/strong><\/span><\/p>\n<p><span style=\"color: #ff00ff;\"><strong>D\u00eda 15 registre\u00a0 25,6 \u00baC<\/strong><\/span><\/p>\n<p><span style=\"color: #ff00ff;\"><strong>D\u00eda 16 registre\u00a0 25,6 \u00baC<\/strong><\/span><\/p>\n<p><span style=\"color: #ff0000;\"><strong>D\u00eda 17 registre\u00a0 24,4 \u00baC<\/strong><\/span><\/p>\n<p><span style=\"color: #ff0000;\"><strong>D\u00eda 18 registre\u00a0 24,4 \u00baC<\/strong><\/span><\/p>\n<p><span style=\"color: #ff00ff;\"><strong>D\u00eda 19 registre\u00a0 26,1 \u00baC<\/strong><\/span><\/p>\n<p><span style=\"color: #ff00ff;\"><strong>D\u00eda 20 registre\u00a0 25,6 \u00baC<\/strong><\/span><\/p>\n<p><span style=\"color: #ff00ff;\"><strong>D\u00eda 21 registre\u00a0 25,6 \u00baC<\/strong><\/span><\/p>\n<p><strong><span style=\"color: #ff0000;\">D\u00eda 22 registre\u00a0 24,4 \u00baC<\/span><\/strong><\/p>\n<p><span style=\"color: #ff00ff;\"><strong>D\u00eda 23 registre\u00a0 25,6 \u00baC<\/strong><\/span><\/p>\n<p><span style=\"color: #ff00ff;\"><strong>D\u00eda 24 registre\u00a0 25 \u00baC<\/strong><\/span><\/p>\n<p><span style=\"color: #ff00ff;\"><strong>D\u00eda 25 registre\u00a0 25,6 \u00baC<\/strong><\/span><\/p>\n<p><span style=\"color: #ff00ff;\"><strong>D\u00eda 26 registre\u00a0 26,6 \u00baC<\/strong><\/span><\/p>\n<p><span style=\"color: #ff00ff;\"><strong>D\u00eda 27 registre\u00a0 26,1 \u00baC<\/strong><\/span><\/p>\n<p><span style=\"color: #ff00ff;\"><strong>D\u00eda 28 registre\u00a0 25 \u00baC<\/strong><\/span><\/p>\n<p><span style=\"color: #ff00ff;\"><strong>D\u00eda 29 registre 26,1 \u00baC<\/strong><\/span><\/p>\n<p><span style=\"color: #ff00ff;\"><strong>D\u00eda 30 registre 25,9 \u00baC<\/strong><\/span><\/p>\n<p><span style=\"color: #ff00ff;\"><strong>D\u00eda 31 registre 26,7 \u00baC<\/strong><\/span><\/p>\n<p data-pm-slice=\"1 1 []\">Es muy probable que este pasado mes de agosto sea el segundo m\u00e1s c\u00e1lido desde que se tienen registros; el primero fue el a\u00f1o pasado. Aunque a\u00fan est\u00e1 por confirmar por\u00a0la Aemet, es probable que hayamos batido el r\u00e9cord absoluto de temperatura media de las m\u00ednimas en el aeropuerto. Dentro de unos d\u00edas, hablaremos de esto.<\/p>\n<p>&nbsp;<\/p>\n<p>&nbsp;<\/p>\n","protected":false},"excerpt":{"rendered":"<p>Buenos d\u00edas, amigos de la meteo. Este pasado mes de agosto he estado tomando datos de temperaturas m\u00ednimas de mi estaci\u00f3n en M\u00e1laga capital; me he quedado asombrado porque no recuerdo nada igual. Antes os comento que son noches tropicales y ecuatoriales. Fuente Aemet, Diario Sur. Noches tropicales En climatolog\u00eda, las llamadas \u00abnoches tropicales\u00bb son [&hellip;]<\/p>\n","protected":false},"author":16,"featured_media":36575,"comment_status":"open","ping_status":"open","sticky":false,"template":"","format":"standard","meta":[],"categories":[2],"tags":[212,1948,587,709,1478],"_links":{"self":[{"href":"https:\/\/blogs.diariosur.es\/tormentas-y-rayos\/wp-json\/wp\/v2\/posts\/41701"}],"collection":[{"href":"https:\/\/blogs.diariosur.es\/tormentas-y-rayos\/wp-json\/wp\/v2\/posts"}],"about":[{"href":"https:\/\/blogs.diariosur.es\/tormentas-y-rayos\/wp-json\/wp\/v2\/types\/post"}],"author":[{"embeddable":true,"href":"https:\/\/blogs.diariosur.es\/tormentas-y-rayos\/wp-json\/wp\/v2\/users\/16"}],"replies":[{"embeddable":true,"href":"https:\/\/blogs.diariosur.es\/tormentas-y-rayos\/wp-json\/wp\/v2\/comments?post=41701"}],"version-history":[{"count":8,"href":"https:\/\/blogs.diariosur.es\/tormentas-y-rayos\/wp-json\/wp\/v2\/posts\/41701\/revisions"}],"predecessor-version":[{"id":47398,"href":"https:\/\/blogs.diariosur.es\/tormentas-y-rayos\/wp-json\/wp\/v2\/posts\/41701\/revisions\/47398"}],"wp:featuredmedia":[{"embeddable":true,"href":"https:\/\/blogs.diariosur.es\/tormentas-y-rayos\/wp-json\/wp\/v2\/media\/36575"}],"wp:attachment":[{"href":"https:\/\/blogs.diariosur.es\/tormentas-y-rayos\/wp-json\/wp\/v2\/media?parent=41701"}],"wp:term":[{"taxonomy":"category","embeddable":true,"href":"https:\/\/blogs.diariosur.es\/tormentas-y-rayos\/wp-json\/wp\/v2\/categories?post=41701"},{"taxonomy":"post_tag","embeddable":true,"href":"https:\/\/blogs.diariosur.es\/tormentas-y-rayos\/wp-json\/wp\/v2\/tags?post=41701"}],"curies":[{"name":"wp","href":"https:\/\/api.w.org\/{rel}","templated":true}]}}