{"id":41709,"date":"2024-09-03T07:25:14","date_gmt":"2024-09-03T05:25:14","guid":{"rendered":"https:\/\/blogs.diariosur.es\/tormentas-y-rayos\/?p=41709"},"modified":"2024-09-04T19:37:33","modified_gmt":"2024-09-04T17:37:33","slug":"el-tiempo-en-malaga-por-fin","status":"publish","type":"post","link":"https:\/\/blogs.diariosur.es\/tormentas-y-rayos\/2024\/09\/03\/el-tiempo-en-malaga-por-fin\/","title":{"rendered":"El tiempo en M\u00e1laga. Por fin&#8230;."},"content":{"rendered":"<p><a href=\"https:\/\/static-blogs.diariosur.es\/wp-content\/uploads\/sites\/12\/2023\/06\/66505616_10216972270637940_5684453640765440_n-2.jpg\"><img loading=\"lazy\" class=\"aligncenter size-thumbnail wp-image-37376\" src=\"https:\/\/static-blogs.diariosur.es\/wp-content\/uploads\/sites\/12\/2023\/06\/66505616_10216972270637940_5684453640765440_n-2-150x150.jpg\" alt=\"\" width=\"150\" height=\"150\" srcset=\"https:\/\/static-blogs.diariosur.es\/wp-content\/uploads\/sites\/12\/2023\/06\/66505616_10216972270637940_5684453640765440_n-2-150x150.jpg 150w, https:\/\/static-blogs.diariosur.es\/wp-content\/uploads\/sites\/12\/2023\/06\/66505616_10216972270637940_5684453640765440_n-2-400x400.jpg 400w, https:\/\/static-blogs.diariosur.es\/wp-content\/uploads\/sites\/12\/2023\/06\/66505616_10216972270637940_5684453640765440_n-2.jpg 768w\" sizes=\"(max-width: 150px) 100vw, 150px\" \/><\/a><\/p>\n<p>Buenos d\u00edas, amigos de la meteo. Hoy tendr\u00e9is muy poquito que leer, estoy haciendo de abuelo y tengo muy poco <strong>tiempo,<\/strong> nunca mejor dicho.<\/p>\n<p>Si en el t\u00edtulo del post pongo por fin y el porqu\u00e9, seguro que ya no me le\u00e9is.<\/p>\n<p><strong>Pues por fin<\/strong>, despu\u00e9s de muchos d\u00edas de bochorno, ma\u00f1ana mi\u00e9rcoles tendremos un d\u00eda de <strong>poniente aterralado<\/strong>, ser\u00e1 suave en cuanto a temperatura. Las m\u00e1ximas rondar\u00e1n entre los 30 \u00b0C y 35 \u00b0C en las zonas habituales donde el poniente entre de tierra. Ser\u00e1 la zona interior del Valle del Guadalhorce donde llegar\u00e1n a los 35 \u00baC, en la capital malague\u00f1a los 30 y 34 \u00baC seg\u00fan zonas. El jueves de madrugada nuevamente entrar\u00e1 el levante pero no tendemos tanto bochorno como estos d\u00edas atr\u00e1s.<\/p>\n<p>&nbsp;<\/p>\n<p>El jueves con m\u00e1s tiempo, hablaremos de otros probables cambios.<\/p>\n<p>Os dejo que me llama mi nieto para desayunar.<\/p>\n","protected":false},"excerpt":{"rendered":"<p>Buenos d\u00edas, amigos de la meteo. Hoy tendr\u00e9is muy poquito que leer, estoy haciendo de abuelo y tengo muy poco tiempo, nunca mejor dicho. Si en el t\u00edtulo del post pongo por fin y el porqu\u00e9, seguro que ya no me le\u00e9is. Pues por fin, despu\u00e9s de muchos d\u00edas de bochorno, ma\u00f1ana mi\u00e9rcoles tendremos un [&hellip;]<\/p>\n","protected":false},"author":16,"featured_media":39363,"comment_status":"open","ping_status":"open","sticky":false,"template":"","format":"standard","meta":[],"categories":[2],"tags":[183,358,587,975],"_links":{"self":[{"href":"https:\/\/blogs.diariosur.es\/tormentas-y-rayos\/wp-json\/wp\/v2\/posts\/41709"}],"collection":[{"href":"https:\/\/blogs.diariosur.es\/tormentas-y-rayos\/wp-json\/wp\/v2\/posts"}],"about":[{"href":"https:\/\/blogs.diariosur.es\/tormentas-y-rayos\/wp-json\/wp\/v2\/types\/post"}],"author":[{"embeddable":true,"href":"https:\/\/blogs.diariosur.es\/tormentas-y-rayos\/wp-json\/wp\/v2\/users\/16"}],"replies":[{"embeddable":true,"href":"https:\/\/blogs.diariosur.es\/tormentas-y-rayos\/wp-json\/wp\/v2\/comments?post=41709"}],"version-history":[{"count":6,"href":"https:\/\/blogs.diariosur.es\/tormentas-y-rayos\/wp-json\/wp\/v2\/posts\/41709\/revisions"}],"predecessor-version":[{"id":41738,"href":"https:\/\/blogs.diariosur.es\/tormentas-y-rayos\/wp-json\/wp\/v2\/posts\/41709\/revisions\/41738"}],"wp:featuredmedia":[{"embeddable":true,"href":"https:\/\/blogs.diariosur.es\/tormentas-y-rayos\/wp-json\/wp\/v2\/media\/39363"}],"wp:attachment":[{"href":"https:\/\/blogs.diariosur.es\/tormentas-y-rayos\/wp-json\/wp\/v2\/media?parent=41709"}],"wp:term":[{"taxonomy":"category","embeddable":true,"href":"https:\/\/blogs.diariosur.es\/tormentas-y-rayos\/wp-json\/wp\/v2\/categories?post=41709"},{"taxonomy":"post_tag","embeddable":true,"href":"https:\/\/blogs.diariosur.es\/tormentas-y-rayos\/wp-json\/wp\/v2\/tags?post=41709"}],"curies":[{"name":"wp","href":"https:\/\/api.w.org\/{rel}","templated":true}]}}