{"id":41729,"date":"2024-09-04T19:59:13","date_gmt":"2024-09-04T17:59:13","guid":{"rendered":"https:\/\/blogs.diariosur.es\/tormentas-y-rayos\/?p=41729"},"modified":"2025-11-09T11:24:43","modified_gmt":"2025-11-09T10:24:43","slug":"agosto-2024-en-malaga-capital-ha-sido-el-segundo-mas-calido-desde-que-se-tienen-registros-y-con-un-nuevo-record-de-temperatura-media","status":"publish","type":"post","link":"https:\/\/blogs.diariosur.es\/tormentas-y-rayos\/2024\/09\/04\/agosto-2024-en-malaga-capital-ha-sido-el-segundo-mas-calido-desde-que-se-tienen-registros-y-con-un-nuevo-record-de-temperatura-media\/","title":{"rendered":"Agosto 2024 en M\u00e1laga capital, ha sido el segundo m\u00e1s c\u00e1lido desde que se tienen registros y con un nuevo r\u00e9cord de temperatura media"},"content":{"rendered":"<p><a href=\"https:\/\/static-blogs.diariosur.es\/wp-content\/uploads\/sites\/12\/2023\/09\/375323357_10227521084351690_5428862938073510864_n.jpg\"><img loading=\"lazy\" class=\"aligncenter size-thumbnail wp-image-38274\" src=\"https:\/\/static-blogs.diariosur.es\/wp-content\/uploads\/sites\/12\/2023\/09\/375323357_10227521084351690_5428862938073510864_n-150x150.jpg\" alt=\"\" width=\"150\" height=\"150\" \/><\/a><\/p>\n<p data-pm-slice=\"1 1 []\">Buenas tardes, amigos de la meteo. Si el a\u00f1o pasado agosto fue el m\u00e1s c\u00e1lido desde que se tienen registros en M\u00e1laga Aeropuerto con una temperatura media de 28.9 \u00b0C, el 2024 ha sido el segundo m\u00e1s c\u00e1lido con dos d\u00e9cimas menos, 28.7 \u00b0C.<\/p>\n<p>Destacar que el mes pasado ha batido el r\u00e9cord de temperatura media de las m\u00ednimas m\u00e1s altas con 24.5 \u00b0C; el anterior se dio el a\u00f1o pasado con 24.2 \u00b0C. En cuanto a las temperaturas m\u00e1ximas, no han bajado en todo el mes de los 30 \u00b0C, d\u00e1ndose unas m\u00e1ximas de 42.2 \u00b0C el 2 de agosto y 40.1 \u00b0C el 1 de agosto. La media de las m\u00e1ximas ha sido de 33 \u00baC; el a\u00f1o pasado fue de 33.5 \u00b0C.<\/p>\n<p>Os vuelvo a poner el post de hace unos d\u00edas, donde hablo de las impresionantes temperaturas m\u00ednimas que ha tenido mi estaci\u00f3n en M\u00e1laga capital en agosto.<\/p>\n<h3 class=\"voc-blogs-section\"><a href=\"https:\/\/blogs.diariosur.es\/tormentas-y-rayos\/2024\/09\/02\/cuantas-noches-tropicales-y-ecuatoriales-hemos-tenido-en-agosto-en-mi-estacion-de-malaga-capital\/\"><span style=\"color: #ff0000;\">\u00bfCu\u00e1ntas noches tropicales y ecuatoriales hemos tenido en Agosto, en mi estaci\u00f3n de M\u00e1laga capital?<\/span><\/a><\/h3>\n<p>Nos vemos ma\u00f1ana con la predicci\u00f3n del fin de semana<\/p>\n","protected":false},"excerpt":{"rendered":"<p>Buenas tardes, amigos de la meteo. Si el a\u00f1o pasado agosto fue el m\u00e1s c\u00e1lido desde que se tienen registros en M\u00e1laga Aeropuerto con una temperatura media de 28.9 \u00b0C, el 2024 ha sido el segundo m\u00e1s c\u00e1lido con dos d\u00e9cimas menos, 28.7 \u00b0C. Destacar que el mes pasado ha batido el r\u00e9cord de temperatura [&hellip;]<\/p>\n","protected":false},"author":16,"featured_media":37438,"comment_status":"open","ping_status":"open","sticky":false,"template":"","format":"standard","meta":[],"categories":[2],"tags":[],"_links":{"self":[{"href":"https:\/\/blogs.diariosur.es\/tormentas-y-rayos\/wp-json\/wp\/v2\/posts\/41729"}],"collection":[{"href":"https:\/\/blogs.diariosur.es\/tormentas-y-rayos\/wp-json\/wp\/v2\/posts"}],"about":[{"href":"https:\/\/blogs.diariosur.es\/tormentas-y-rayos\/wp-json\/wp\/v2\/types\/post"}],"author":[{"embeddable":true,"href":"https:\/\/blogs.diariosur.es\/tormentas-y-rayos\/wp-json\/wp\/v2\/users\/16"}],"replies":[{"embeddable":true,"href":"https:\/\/blogs.diariosur.es\/tormentas-y-rayos\/wp-json\/wp\/v2\/comments?post=41729"}],"version-history":[{"count":12,"href":"https:\/\/blogs.diariosur.es\/tormentas-y-rayos\/wp-json\/wp\/v2\/posts\/41729\/revisions"}],"predecessor-version":[{"id":47396,"href":"https:\/\/blogs.diariosur.es\/tormentas-y-rayos\/wp-json\/wp\/v2\/posts\/41729\/revisions\/47396"}],"wp:featuredmedia":[{"embeddable":true,"href":"https:\/\/blogs.diariosur.es\/tormentas-y-rayos\/wp-json\/wp\/v2\/media\/37438"}],"wp:attachment":[{"href":"https:\/\/blogs.diariosur.es\/tormentas-y-rayos\/wp-json\/wp\/v2\/media?parent=41729"}],"wp:term":[{"taxonomy":"category","embeddable":true,"href":"https:\/\/blogs.diariosur.es\/tormentas-y-rayos\/wp-json\/wp\/v2\/categories?post=41729"},{"taxonomy":"post_tag","embeddable":true,"href":"https:\/\/blogs.diariosur.es\/tormentas-y-rayos\/wp-json\/wp\/v2\/tags?post=41729"}],"curies":[{"name":"wp","href":"https:\/\/api.w.org\/{rel}","templated":true}]}}