{"id":41742,"date":"2024-09-05T09:01:59","date_gmt":"2024-09-05T07:01:59","guid":{"rendered":"https:\/\/blogs.diariosur.es\/tormentas-y-rayos\/?p=41742"},"modified":"2025-11-09T11:14:59","modified_gmt":"2025-11-09T10:14:59","slug":"el-tiempo-en-la-provincia-de-malaga-fin-de-semana-tendremos-terral-o-levante-el-dia-de-la-patrona","status":"publish","type":"post","link":"https:\/\/blogs.diariosur.es\/tormentas-y-rayos\/2024\/09\/05\/el-tiempo-en-la-provincia-de-malaga-fin-de-semana-tendremos-terral-o-levante-el-dia-de-la-patrona\/","title":{"rendered":"El  tiempo en la provincia de M\u00e1laga fin de semana \u00bfTendremos terral o levante el d\u00eda de la Patrona?"},"content":{"rendered":"<p><a href=\"https:\/\/static-blogs.diariosur.es\/wp-content\/uploads\/sites\/12\/2024\/05\/444912498_10228884468795449_97962860407814916_n.jpg\"><img loading=\"lazy\" class=\"aligncenter size-thumbnail wp-image-40751\" src=\"https:\/\/static-blogs.diariosur.es\/wp-content\/uploads\/sites\/12\/2024\/05\/444912498_10228884468795449_97962860407814916_n-150x150.jpg\" alt=\"\" width=\"150\" height=\"150\" \/><\/a><\/p>\n<p data-pm-slice=\"1 1 []\">Muy buenos d\u00edas, amigos de la meteo. La temperatura m\u00ednima en el Aeropuerto de M\u00e1laga ha sido de 24.5 \u00baC, los cielos est\u00e1n poco nubosos y la temperatura del agua del mar es de 25.7 \u00baC; empieza a bajar.<\/p>\n<p>Ayer mi\u00e9rcoles dimos una m\u00e1xima de 35.8 \u00baC en el Aeropuerto; sinceramente, esperaba menos. En mi estaci\u00f3n en Avda. Ortega y Gasset 33.9 \u00baC; en la zona del Puerto de M\u00e1laga y la Marina llegaron a los 32 \u00baC.<\/p>\n<h3><span style=\"color: #ff0000;\"><strong>El tiempo en la provincia de M\u00e1laga fin de semana \u00bfTendremos terral o levante el d\u00eda de la Patrona?<\/strong><\/span><\/h3>\n<p data-pm-slice=\"1 1 []\"><strong>El s\u00e1bado<\/strong> hay probabilidad de algunos chubascos d\u00e9biles y espor\u00e1dicos a \u00faltima hora de la tarde-noche; pueden venir acompa\u00f1ados de dep\u00f3sitos de barro, poca cosa. Esto se deber\u00e1 al paso de un frente muy poco activo.<\/p>\n<p>Os paso el mapa de superficie del Met Office.<\/p>\n<p>&nbsp;<\/p>\n<p><a href=\"https:\/\/static-blogs.diariosur.es\/wp-content\/uploads\/sites\/12\/2024\/09\/FSXX12T_72.gif\"><img loading=\"lazy\" class=\"aligncenter size-full wp-image-41743\" src=\"https:\/\/static-blogs.diariosur.es\/wp-content\/uploads\/sites\/12\/2024\/09\/FSXX12T_72.gif\" alt=\"\" width=\"800\" height=\"540\" \/><\/a><\/p>\n<p>&nbsp;<\/p>\n<p>En cuanto a las temperaturas m\u00e1ximas, rondaran entre los 25 y 33 \u00baC. El viento soplar\u00e1 moderado a fuerte de suroeste y oeste seg\u00fan zonas. El cielo estar\u00e1 acompa\u00f1ado de nubes medias.<\/p>\n<h3><span style=\"color: #ff0000;\"><strong>\u00a0\u00bfTendremos terral o levante el d\u00eda de la Patrona?\u00a0<\/strong><\/span><\/h3>\n<p data-pm-slice=\"1 1 []\">Comenzaremos con la previsi\u00f3n del domingo, d\u00eda de la Patrona, y a continuaci\u00f3n la del lunes, que, como todos sab\u00e9is, este a\u00f1o es festivo.<\/p>\n<p><strong>El domingo d\u00eda 8<\/strong> tendremos terral en las zonas habituales de la provincia de M\u00e1laga; las temperaturas m\u00e1ximas rondar\u00e1n entre los 33 y 35 \u00baC donde sople terral, en otras zonas de la provincia entre los 26 y 30 \u00baC. Las rachas de viento ser\u00e1n de moderadas y ocasionalmente fuertes.<\/p>\n<p><strong>El lunes d\u00eda 9, festivo<\/strong>, seguir\u00e1 el terral de protagonista en las zonas habituales de la provincia; en algunas zonas del Valle del Guadalhorce se acercar\u00e1n a los 36 \u00baC, en M\u00e1laga capital entre los 34 y 35 \u00baC, en la Axarqu\u00eda y Estepona entre los 32 y 33 \u00baC. A partir de primeras horas de la tarde espero rachas fuertes de poniente en la costa malague\u00f1a.<\/p>\n","protected":false},"excerpt":{"rendered":"<p>Muy buenos d\u00edas, amigos de la meteo. La temperatura m\u00ednima en el Aeropuerto de M\u00e1laga ha sido de 24.5 \u00baC, los cielos est\u00e1n poco nubosos y la temperatura del agua del mar es de 25.7 \u00baC; empieza a bajar. Ayer mi\u00e9rcoles dimos una m\u00e1xima de 35.8 \u00baC en el Aeropuerto; sinceramente, esperaba menos. En mi [&hellip;]<\/p>\n","protected":false},"author":16,"featured_media":33937,"comment_status":"open","ping_status":"open","sticky":false,"template":"","format":"standard","meta":[],"categories":[2],"tags":[358,553,587,1949,907,975],"_links":{"self":[{"href":"https:\/\/blogs.diariosur.es\/tormentas-y-rayos\/wp-json\/wp\/v2\/posts\/41742"}],"collection":[{"href":"https:\/\/blogs.diariosur.es\/tormentas-y-rayos\/wp-json\/wp\/v2\/posts"}],"about":[{"href":"https:\/\/blogs.diariosur.es\/tormentas-y-rayos\/wp-json\/wp\/v2\/types\/post"}],"author":[{"embeddable":true,"href":"https:\/\/blogs.diariosur.es\/tormentas-y-rayos\/wp-json\/wp\/v2\/users\/16"}],"replies":[{"embeddable":true,"href":"https:\/\/blogs.diariosur.es\/tormentas-y-rayos\/wp-json\/wp\/v2\/comments?post=41742"}],"version-history":[{"count":6,"href":"https:\/\/blogs.diariosur.es\/tormentas-y-rayos\/wp-json\/wp\/v2\/posts\/41742\/revisions"}],"predecessor-version":[{"id":47393,"href":"https:\/\/blogs.diariosur.es\/tormentas-y-rayos\/wp-json\/wp\/v2\/posts\/41742\/revisions\/47393"}],"wp:featuredmedia":[{"embeddable":true,"href":"https:\/\/blogs.diariosur.es\/tormentas-y-rayos\/wp-json\/wp\/v2\/media\/33937"}],"wp:attachment":[{"href":"https:\/\/blogs.diariosur.es\/tormentas-y-rayos\/wp-json\/wp\/v2\/media?parent=41742"}],"wp:term":[{"taxonomy":"category","embeddable":true,"href":"https:\/\/blogs.diariosur.es\/tormentas-y-rayos\/wp-json\/wp\/v2\/categories?post=41742"},{"taxonomy":"post_tag","embeddable":true,"href":"https:\/\/blogs.diariosur.es\/tormentas-y-rayos\/wp-json\/wp\/v2\/tags?post=41742"}],"curies":[{"name":"wp","href":"https:\/\/api.w.org\/{rel}","templated":true}]}}