{"id":41748,"date":"2024-09-06T12:06:33","date_gmt":"2024-09-06T10:06:33","guid":{"rendered":"https:\/\/blogs.diariosur.es\/tormentas-y-rayos\/?p=41748"},"modified":"2025-11-09T11:12:09","modified_gmt":"2025-11-09T10:12:09","slug":"ultima-hora-probables-tormentas-embebidas-para-manana-sabado-en-la-provincia-malaguena","status":"publish","type":"post","link":"https:\/\/blogs.diariosur.es\/tormentas-y-rayos\/2024\/09\/06\/ultima-hora-probables-tormentas-embebidas-para-manana-sabado-en-la-provincia-malaguena\/","title":{"rendered":"\u00daltima hora: probables tormentas embebidas para ma\u00f1ana s\u00e1bado en la provincia malague\u00f1a."},"content":{"rendered":"<p><a href=\"https:\/\/static-blogs.diariosur.es\/wp-content\/uploads\/sites\/12\/2023\/10\/243418660_10223324765526342_8448445083528661051_n.jpg\"><img loading=\"lazy\" class=\"aligncenter size-thumbnail wp-image-38644\" src=\"https:\/\/static-blogs.diariosur.es\/wp-content\/uploads\/sites\/12\/2023\/10\/243418660_10223324765526342_8448445083528661051_n-150x150.jpg\" alt=\"\" width=\"150\" height=\"150\" \/><\/a><\/p>\n<p data-pm-slice=\"1 1 []\">Buenos d\u00edas, amigos de la meteo. Antes de daros la \u00faltima hora del tiempo para ma\u00f1ana, os pongo las temperaturas m\u00ednimas m\u00e1s destacadas que hemos tenido hoy en la provincia de M\u00e1laga. Fuente Aemet. Meteoclimatic.<\/p>\n<p>M\u00e1laga Centro Meteorol\u00f3gico\u00a019.7 \u00baC.<\/p>\n<p>M\u00e1laga Aeropuerto 20.3 \u00b0C<\/p>\n<p>Antequera\u00a017.9 \u00baC<\/p>\n<p>Fuente Piedra 15.5 \u00b0C<\/p>\n<p>\u00c1lora 18.2 \u00b0C<\/p>\n<p>Cortes de la Frontera\u00a015.7 \u00baC<\/p>\n<p>Algarrobo 19.5 \u00b0C<\/p>\n<p>Archidona Huertas del Rio\u00a0 13.2 \u00baC<\/p>\n<p>Frigiliana 19.3 \u00b0C<\/p>\n<p>Ist\u00e1n\u00a017.7 \u00baC<\/p>\n<p>Ronda 17.2 \u00b0C<\/p>\n<h3><span style=\"color: #0000ff;\"><strong>\u00daltima hora: probables tormentas embebidas para ma\u00f1ana s\u00e1bado en la provincia malague\u00f1a.<\/strong><\/span><\/h3>\n<p>&nbsp;<\/p>\n<p data-pm-slice=\"1 1 []\">Viendo los \u00faltimos modelos y la previsi\u00f3n de la Aemet Andaluc\u00eda para ma\u00f1ana, la predicci\u00f3n que daba ayer ha cambiado. El frente fr\u00edo que nos afectar\u00e1 ma\u00f1ana por la noche y primeras horas de la madrugada del domingo es probable que venga con tormentas embebidas. Se llaman embebidas porque est\u00e1n embebidas en un frente fr\u00edo, es decir, un frente tormentoso.<\/p>\n<p><strong><em>La Aemet de Andaluc\u00eda comenta esto hoy en un Twitter: Asociadas al paso de la banda nubosa y precipitante, se producir\u00e1n algunas tormentas embebidas que pueden generar rachas de viento localmente intensas.<\/em><\/strong><\/p>\n<p>Os paso estos dos mapas de densidad de rayos nube-tierra. Fuente Aemet<\/p>\n<p>&nbsp;<\/p>\n<p>&nbsp;<\/p>\n<p><a href=\"https:\/\/static-blogs.diariosur.es\/wp-content\/uploads\/sites\/12\/2024\/09\/GWxg22sWUAA_3vN.png\"><img loading=\"lazy\" class=\"aligncenter size-full wp-image-41750\" src=\"https:\/\/static-blogs.diariosur.es\/wp-content\/uploads\/sites\/12\/2024\/09\/GWxg22sWUAA_3vN.png\" alt=\"\" width=\"768\" height=\"576\" srcset=\"https:\/\/static-blogs.diariosur.es\/wp-content\/uploads\/sites\/12\/2024\/09\/GWxg22sWUAA_3vN.png 768w, https:\/\/static-blogs.diariosur.es\/wp-content\/uploads\/sites\/12\/2024\/09\/GWxg22sWUAA_3vN-533x400.png 533w\" sizes=\"(max-width: 768px) 100vw, 768px\" \/><\/a> <a href=\"https:\/\/static-blogs.diariosur.es\/wp-content\/uploads\/sites\/12\/2024\/09\/GWxg222WkAAgImw.png\"><img loading=\"lazy\" class=\"aligncenter size-full wp-image-41751\" src=\"https:\/\/static-blogs.diariosur.es\/wp-content\/uploads\/sites\/12\/2024\/09\/GWxg222WkAAgImw.png\" alt=\"\" width=\"768\" height=\"576\" srcset=\"https:\/\/static-blogs.diariosur.es\/wp-content\/uploads\/sites\/12\/2024\/09\/GWxg222WkAAgImw.png 768w, https:\/\/static-blogs.diariosur.es\/wp-content\/uploads\/sites\/12\/2024\/09\/GWxg222WkAAgImw-533x400.png 533w\" sizes=\"(max-width: 768px) 100vw, 768px\" \/><\/a><\/p>\n<p><span style=\"color: #ff0000;\"><strong>En cuanto a la precipitaci\u00f3n puede pasar como hace unos d\u00edas, que no llueva en todos los portales. El domingo veremos que zonas de la provincia han ca\u00eddo m\u00e1s chubascos.<\/strong><\/span><\/p>\n<p>Os dejo con el mapa de superficie del Met Office para que identifiqu\u00e9is al frente fr\u00edo.<\/p>\n<p>&nbsp;<\/p>\n<p><a href=\"https:\/\/static-blogs.diariosur.es\/wp-content\/uploads\/sites\/12\/2024\/09\/zz.gif\"><img loading=\"lazy\" class=\"aligncenter size-full wp-image-41752\" src=\"https:\/\/static-blogs.diariosur.es\/wp-content\/uploads\/sites\/12\/2024\/09\/zz.gif\" alt=\"\" width=\"800\" height=\"540\" \/><\/a><\/p>\n<p>&nbsp;<\/p>\n<p>&nbsp;<\/p>\n<p>&nbsp;<\/p>\n<p>&nbsp;<\/p>\n<p>&nbsp;<\/p>\n<p>&nbsp;<\/p>\n<p>&nbsp;<\/p>\n<p>&nbsp;<\/p>\n<p>&nbsp;<\/p>\n","protected":false},"excerpt":{"rendered":"<p>Buenos d\u00edas, amigos de la meteo. Antes de daros la \u00faltima hora del tiempo para ma\u00f1ana, os pongo las temperaturas m\u00ednimas m\u00e1s destacadas que hemos tenido hoy en la provincia de M\u00e1laga. Fuente Aemet. Meteoclimatic. M\u00e1laga Centro Meteorol\u00f3gico\u00a019.7 \u00baC. M\u00e1laga Aeropuerto 20.3 \u00b0C Antequera\u00a017.9 \u00baC Fuente Piedra 15.5 \u00b0C \u00c1lora 18.2 \u00b0C Cortes de la [&hellip;]<\/p>\n","protected":false},"author":16,"featured_media":41754,"comment_status":"open","ping_status":"open","sticky":false,"template":"","format":"standard","meta":[],"categories":[2],"tags":[1951,100,358,485,587,1950,996,1028],"_links":{"self":[{"href":"https:\/\/blogs.diariosur.es\/tormentas-y-rayos\/wp-json\/wp\/v2\/posts\/41748"}],"collection":[{"href":"https:\/\/blogs.diariosur.es\/tormentas-y-rayos\/wp-json\/wp\/v2\/posts"}],"about":[{"href":"https:\/\/blogs.diariosur.es\/tormentas-y-rayos\/wp-json\/wp\/v2\/types\/post"}],"author":[{"embeddable":true,"href":"https:\/\/blogs.diariosur.es\/tormentas-y-rayos\/wp-json\/wp\/v2\/users\/16"}],"replies":[{"embeddable":true,"href":"https:\/\/blogs.diariosur.es\/tormentas-y-rayos\/wp-json\/wp\/v2\/comments?post=41748"}],"version-history":[{"count":5,"href":"https:\/\/blogs.diariosur.es\/tormentas-y-rayos\/wp-json\/wp\/v2\/posts\/41748\/revisions"}],"predecessor-version":[{"id":47392,"href":"https:\/\/blogs.diariosur.es\/tormentas-y-rayos\/wp-json\/wp\/v2\/posts\/41748\/revisions\/47392"}],"wp:featuredmedia":[{"embeddable":true,"href":"https:\/\/blogs.diariosur.es\/tormentas-y-rayos\/wp-json\/wp\/v2\/media\/41754"}],"wp:attachment":[{"href":"https:\/\/blogs.diariosur.es\/tormentas-y-rayos\/wp-json\/wp\/v2\/media?parent=41748"}],"wp:term":[{"taxonomy":"category","embeddable":true,"href":"https:\/\/blogs.diariosur.es\/tormentas-y-rayos\/wp-json\/wp\/v2\/categories?post=41748"},{"taxonomy":"post_tag","embeddable":true,"href":"https:\/\/blogs.diariosur.es\/tormentas-y-rayos\/wp-json\/wp\/v2\/tags?post=41748"}],"curies":[{"name":"wp","href":"https:\/\/api.w.org\/{rel}","templated":true}]}}