{"id":41756,"date":"2024-09-07T08:26:04","date_gmt":"2024-09-07T06:26:04","guid":{"rendered":"https:\/\/blogs.diariosur.es\/tormentas-y-rayos\/?p=41756"},"modified":"2025-11-09T11:09:41","modified_gmt":"2025-11-09T10:09:41","slug":"que-maravilla-de-madrugada-fresquita-hemos-tenido-en-malaga-nombres-de-las-borrascas-con-gran-impacto-de-la-temporada-2024-2025","status":"publish","type":"post","link":"https:\/\/blogs.diariosur.es\/tormentas-y-rayos\/2024\/09\/07\/que-maravilla-de-madrugada-fresquita-hemos-tenido-en-malaga-nombres-de-las-borrascas-con-gran-impacto-de-la-temporada-2024-2025\/","title":{"rendered":"Qu\u00e9 maravilla de madrugada fresquita hemos tenido en M\u00e1laga. Nombres de las borrascas con gran impacto de la temporada 2024-2025"},"content":{"rendered":"<p><a href=\"https:\/\/static-blogs.diariosur.es\/wp-content\/uploads\/sites\/12\/2023\/06\/66505616_10216972270637940_5684453640765440_n-1.jpg\"><img loading=\"lazy\" class=\"aligncenter size-thumbnail wp-image-37370\" src=\"https:\/\/static-blogs.diariosur.es\/wp-content\/uploads\/sites\/12\/2023\/06\/66505616_10216972270637940_5684453640765440_n-1-150x150.jpg\" alt=\"\" width=\"150\" height=\"150\" srcset=\"https:\/\/static-blogs.diariosur.es\/wp-content\/uploads\/sites\/12\/2023\/06\/66505616_10216972270637940_5684453640765440_n-1-150x150.jpg 150w, https:\/\/static-blogs.diariosur.es\/wp-content\/uploads\/sites\/12\/2023\/06\/66505616_10216972270637940_5684453640765440_n-1-400x400.jpg 400w, https:\/\/static-blogs.diariosur.es\/wp-content\/uploads\/sites\/12\/2023\/06\/66505616_10216972270637940_5684453640765440_n-1.jpg 768w\" sizes=\"(max-width: 150px) 100vw, 150px\" \/><\/a><\/p>\n<p>Buenos d\u00edas, amigos de la meteo. Madrugada fresquita en toda la provincia malague\u00f1a, destacando Archidona Huertas del R\u00edo con 11.2 \u00baC, Antequera 13.4 \u00baC y Ronda 14.4 \u00baC.<\/p>\n<p>A ver que da de si este s\u00e1bado y madrugada del domingo con las probables tormentas embebidas, y si llueve en todos los portales aunque sea poco. Ma\u00f1ana sobre las diez os pondr\u00e9 los acumulados en el blog.<\/p>\n<h3><span style=\"color: #ff0000;\"><strong>Nombres de las borrascas con gran impacto de la temporada 2024-2025<\/strong><\/span><\/h3>\n<p>El grupo del suroeste\u00a0 (Portugal (IPMA), Francia (M\u00e9t\u00e9o-France), B\u00e9lgica (RMI), Luxemburgo (MeteoLux) y Espa\u00f1a (AEMET), han nombrado a las probables borrascas con gran impacto de la temporada 2024-2025. La Aemet explica esto en su pagina.<\/p>\n<p><strong>\u00bfQu\u00e9 es una borrasca con gran impacto?<\/strong><\/p>\n<p>Una borrasca o depresi\u00f3n es un tipo de cicl\u00f3n (t\u00e9rmino\u00a0 gen\u00e9rico\u00a0 donde\u00a0 se\u00a0 incluyen los\u00a0 huracanes,\u00a0 tifones, bajas\u00a0 polares,\u00a0 medicanes,\u00a0 etc.) que transcurre por latitudes medias, entre 30 y 60\u00ba de latitud. Son\u00a0 sistemas\u00a0 de\u00a0 bajas\u00a0 presiones\u00a0 donde\u00a0 el\u00a0 viento\u00a0 gira\u00a0 en\u00a0 sentido\u00a0 contrario\u00a0 a\u00a0 las\u00a0 agujas\u00a0 del\u00a0 reloj\u00a0 en\u00a0 el\u00a0 hemisferio norte. Asociados a las borrascas se suelen producir vientos fuertes o muy fuertes, que ser\u00e1n m\u00e1s intensos cuanto menor sea el m\u00ednimo de presi\u00f3n en el centro de la baja. Las borrascas a las que se dar\u00e1 nombre ser\u00e1n aquellas que se profundicen de tal manera que puedan producir un gran impacto en bienes y personas, aunque no ser\u00e1 necesario que experimenten un proceso de ciclog\u00e9nesis explosiva (ca\u00edda igual o superior a 18-20 hPa en 24 horas en el centro de la baja en nuestras latitudes).<\/p>\n<p><strong>\u00bfPor qu\u00e9 nombrar a las borrascas con gran impacto?<\/strong><\/p>\n<p>El hecho de nombrar a las borrascas con gran impacto favorece que la comunicaci\u00f3n sea m\u00e1s efectiva ante un episodio adverso de viento, que tambi\u00e9n suele llevar asociados fen\u00f3menos costeros adversos y en muchas ocasiones tambi\u00e9n problemas relacionados con la nieve y la lluvia. Este sistema de dar nombre a las borrascas con gran impacto ya se hab\u00eda implementado con \u00e9xito durante dos temporadas (2015-16 y 2016-17) en el Grupo Oeste europeo, antes de extenderse tambi\u00e9n al Grupo Suroeste durante la temporada 2017-18. Las encuestas en Reino Unido e Irlanda demostraron que la poblaci\u00f3n estaba m\u00e1s atenta a los avisos previstos de fen\u00f3menos meteorol\u00f3gicos adversos y a las recomendaciones de seguridad cuando la amenaza de viento fuerte estaba claramente identificada y asociada al nombre de la borrasca.<\/p>\n<p><strong>\u00bfCu\u00e1ndo y c\u00f3mo se nombra a las borrascas con gran impacto?<\/strong><\/p>\n<p>Una borrasca se nombrar\u00e1, con car\u00e1cter general, cuando se prevean condiciones que den lugar a la emisi\u00f3n de avisos de viento (en el caso de AEMET, racha m\u00e1xima) de nivel naranja o rojo asociados a dicha baja en alguno de los cinco pa\u00edses del Grupo Suroeste y que se espere que puedan producir un gran impacto en varias zonas. En el caso de Espa\u00f1a, tal como se indica en el\u00a0\u00a0\u00a0<strong><a href=\"https:\/\/www.aemet.es\/documentos\/es\/eltiempo\/prediccion\/avisos\/plan_meteoalerta\/METEOALERTA_ANX1_Umbrales_y_niveles_de_aviso.pdf\" target=\"_blank\" rel=\"noopener external nofollow\">documento de Umbrales y niveles de aviso del Plan Meteoalerta,<\/a>\u00a0<\/strong>\u00a0se trata de rachas m\u00e1ximas superiores a 90, 100 y 110 Km\/h dependiendo de las zonas. Este criterio se podr\u00e1 relajar en cuanto al impacto del viento (ser\u00e1 suficiente para el nombramiento la emisi\u00f3n de avisos amarillos de viento, rachas m\u00e1ximas superiores a 70, 80 y 90 km\/h, dependiendo de las zonas) cuando los impactos asociados a las precipitaciones\u00a0 puedan ser tambi\u00e9n importantes (avisos de nivel naranja o rojo).<\/p>\n<p>El primer servicio meteorol\u00f3gico que prevea emitir avisos de nivel naranja o rojo dar\u00e1 nombre a la borrasca siguiendo la lista preestablecida en el Grupo Suroeste para la temporada 2024-2025 e informar\u00e1 al resto de los pa\u00edses del grupo suroeste y al resto de los grupos de nombramiento. Los nombres para la actual temporada son:<\/p>\n<p>&nbsp;<\/p>\n<p><a href=\"https:\/\/static-blogs.diariosur.es\/wp-content\/uploads\/sites\/12\/2024\/09\/Captura-de-pantalla-2024-09-07-081107.jpg\"><img loading=\"lazy\" class=\"aligncenter size-full wp-image-41758\" src=\"https:\/\/static-blogs.diariosur.es\/wp-content\/uploads\/sites\/12\/2024\/09\/Captura-de-pantalla-2024-09-07-081107.jpg\" alt=\"\" width=\"1052\" height=\"766\" srcset=\"https:\/\/static-blogs.diariosur.es\/wp-content\/uploads\/sites\/12\/2024\/09\/Captura-de-pantalla-2024-09-07-081107.jpg 1052w, https:\/\/static-blogs.diariosur.es\/wp-content\/uploads\/sites\/12\/2024\/09\/Captura-de-pantalla-2024-09-07-081107-549x400.jpg 549w, https:\/\/static-blogs.diariosur.es\/wp-content\/uploads\/sites\/12\/2024\/09\/Captura-de-pantalla-2024-09-07-081107-768x559.jpg 768w\" sizes=\"(max-width: 1052px) 100vw, 1052px\" \/><\/a><\/p>\n","protected":false},"excerpt":{"rendered":"<p>Buenos d\u00edas, amigos de la meteo. Madrugada fresquita en toda la provincia malague\u00f1a, destacando Archidona Huertas del R\u00edo con 11.2 \u00baC, Antequera 13.4 \u00baC y Ronda 14.4 \u00baC. A ver que da de si este s\u00e1bado y madrugada del domingo con las probables tormentas embebidas, y si llueve en todos los portales aunque sea poco. [&hellip;]<\/p>\n","protected":false},"author":16,"featured_media":41760,"comment_status":"open","ping_status":"open","sticky":false,"template":"","format":"standard","meta":[],"categories":[2],"tags":[1874,1952,46,151,1541,872,965],"_links":{"self":[{"href":"https:\/\/blogs.diariosur.es\/tormentas-y-rayos\/wp-json\/wp\/v2\/posts\/41756"}],"collection":[{"href":"https:\/\/blogs.diariosur.es\/tormentas-y-rayos\/wp-json\/wp\/v2\/posts"}],"about":[{"href":"https:\/\/blogs.diariosur.es\/tormentas-y-rayos\/wp-json\/wp\/v2\/types\/post"}],"author":[{"embeddable":true,"href":"https:\/\/blogs.diariosur.es\/tormentas-y-rayos\/wp-json\/wp\/v2\/users\/16"}],"replies":[{"embeddable":true,"href":"https:\/\/blogs.diariosur.es\/tormentas-y-rayos\/wp-json\/wp\/v2\/comments?post=41756"}],"version-history":[{"count":4,"href":"https:\/\/blogs.diariosur.es\/tormentas-y-rayos\/wp-json\/wp\/v2\/posts\/41756\/revisions"}],"predecessor-version":[{"id":47390,"href":"https:\/\/blogs.diariosur.es\/tormentas-y-rayos\/wp-json\/wp\/v2\/posts\/41756\/revisions\/47390"}],"wp:featuredmedia":[{"embeddable":true,"href":"https:\/\/blogs.diariosur.es\/tormentas-y-rayos\/wp-json\/wp\/v2\/media\/41760"}],"wp:attachment":[{"href":"https:\/\/blogs.diariosur.es\/tormentas-y-rayos\/wp-json\/wp\/v2\/media?parent=41756"}],"wp:term":[{"taxonomy":"category","embeddable":true,"href":"https:\/\/blogs.diariosur.es\/tormentas-y-rayos\/wp-json\/wp\/v2\/categories?post=41756"},{"taxonomy":"post_tag","embeddable":true,"href":"https:\/\/blogs.diariosur.es\/tormentas-y-rayos\/wp-json\/wp\/v2\/tags?post=41756"}],"curies":[{"name":"wp","href":"https:\/\/api.w.org\/{rel}","templated":true}]}}