{"id":41764,"date":"2024-09-07T15:46:22","date_gmt":"2024-09-07T13:46:22","guid":{"rendered":"https:\/\/blogs.diariosur.es\/tormentas-y-rayos\/?p=41764"},"modified":"2024-09-07T15:48:19","modified_gmt":"2024-09-07T13:48:19","slug":"ultima-hora-aviso-amarillo-el-sol-y-guadalhorce-por-tormentas","status":"publish","type":"post","link":"https:\/\/blogs.diariosur.es\/tormentas-y-rayos\/2024\/09\/07\/ultima-hora-aviso-amarillo-el-sol-y-guadalhorce-por-tormentas\/","title":{"rendered":"\u00daltima hora: aviso amarillo el Ronda, Sol y Guadalhorce por tormentas."},"content":{"rendered":"<p><a href=\"https:\/\/static-blogs.diariosur.es\/wp-content\/uploads\/sites\/12\/2024\/05\/444912498_10228884468795449_97962860407814916_n.jpg\"><img loading=\"lazy\" class=\"aligncenter size-thumbnail wp-image-40751\" src=\"https:\/\/static-blogs.diariosur.es\/wp-content\/uploads\/sites\/12\/2024\/05\/444912498_10228884468795449_97962860407814916_n-150x150.jpg\" alt=\"\" width=\"150\" height=\"150\" \/><\/a><\/p>\n<p>Buenas tardes, amigos de la meteo. La aemet acaba de activar el\u00a0 aviso amarillo por tormentas en la comarca de Ronda, Sol y Guadalhorce. El fen\u00f3meno m\u00e1s significativo ser\u00e1n las rachas muy fuertes de viento. Tambi\u00e9n este aviso se ha activado en las provincias de\u00a0 C\u00e1diz, Huelva y Ceuta. En cuanto a las precipitaciones ya iremos viendo como se reparten hoy s\u00e1bado y esta pr\u00f3xima madrugada. No garantizo que sean en todos los portales.<\/p>\n<p>Vuelvo a recordar: el aviso de momento es por tormentas acompa\u00f1adas de rachas fuertes de viento, no por lluvias. Ma\u00f1ana sabremos donde se han producido m\u00e1s precipitaciones o no en la provincia de M\u00e1laga.<\/p>\n<p>Os paso el mapa de avisos.<\/p>\n<p>&nbsp;<\/p>\n<p><a href=\"https:\/\/static-blogs.diariosur.es\/wp-content\/uploads\/sites\/12\/2024\/09\/Captura-de-pantalla-2024-09-07-153548.jpg\"><img loading=\"lazy\" class=\"aligncenter size-full wp-image-41766\" src=\"https:\/\/static-blogs.diariosur.es\/wp-content\/uploads\/sites\/12\/2024\/09\/Captura-de-pantalla-2024-09-07-153548.jpg\" alt=\"\" width=\"867\" height=\"678\" srcset=\"https:\/\/static-blogs.diariosur.es\/wp-content\/uploads\/sites\/12\/2024\/09\/Captura-de-pantalla-2024-09-07-153548.jpg 867w, https:\/\/static-blogs.diariosur.es\/wp-content\/uploads\/sites\/12\/2024\/09\/Captura-de-pantalla-2024-09-07-153548-512x400.jpg 512w, https:\/\/static-blogs.diariosur.es\/wp-content\/uploads\/sites\/12\/2024\/09\/Captura-de-pantalla-2024-09-07-153548-768x601.jpg 768w\" sizes=\"(max-width: 867px) 100vw, 867px\" \/><\/a><\/p>\n<p>Foto de portada, de mi amiga Nany Lavado.<\/p>\n","protected":false},"excerpt":{"rendered":"<p>Buenas tardes, amigos de la meteo. La aemet acaba de activar el\u00a0 aviso amarillo por tormentas en la comarca de Ronda, Sol y Guadalhorce. El fen\u00f3meno m\u00e1s significativo ser\u00e1n las rachas muy fuertes de viento. Tambi\u00e9n este aviso se ha activado en las provincias de\u00a0 C\u00e1diz, Huelva y Ceuta. En cuanto a las precipitaciones ya [&hellip;]<\/p>\n","protected":false},"author":16,"featured_media":41653,"comment_status":"open","ping_status":"open","sticky":false,"template":"","format":"standard","meta":[],"categories":[2],"tags":[94,100,151,485,587,996,1028,1059],"_links":{"self":[{"href":"https:\/\/blogs.diariosur.es\/tormentas-y-rayos\/wp-json\/wp\/v2\/posts\/41764"}],"collection":[{"href":"https:\/\/blogs.diariosur.es\/tormentas-y-rayos\/wp-json\/wp\/v2\/posts"}],"about":[{"href":"https:\/\/blogs.diariosur.es\/tormentas-y-rayos\/wp-json\/wp\/v2\/types\/post"}],"author":[{"embeddable":true,"href":"https:\/\/blogs.diariosur.es\/tormentas-y-rayos\/wp-json\/wp\/v2\/users\/16"}],"replies":[{"embeddable":true,"href":"https:\/\/blogs.diariosur.es\/tormentas-y-rayos\/wp-json\/wp\/v2\/comments?post=41764"}],"version-history":[{"count":4,"href":"https:\/\/blogs.diariosur.es\/tormentas-y-rayos\/wp-json\/wp\/v2\/posts\/41764\/revisions"}],"predecessor-version":[{"id":41769,"href":"https:\/\/blogs.diariosur.es\/tormentas-y-rayos\/wp-json\/wp\/v2\/posts\/41764\/revisions\/41769"}],"wp:featuredmedia":[{"embeddable":true,"href":"https:\/\/blogs.diariosur.es\/tormentas-y-rayos\/wp-json\/wp\/v2\/media\/41653"}],"wp:attachment":[{"href":"https:\/\/blogs.diariosur.es\/tormentas-y-rayos\/wp-json\/wp\/v2\/media?parent=41764"}],"wp:term":[{"taxonomy":"category","embeddable":true,"href":"https:\/\/blogs.diariosur.es\/tormentas-y-rayos\/wp-json\/wp\/v2\/categories?post=41764"},{"taxonomy":"post_tag","embeddable":true,"href":"https:\/\/blogs.diariosur.es\/tormentas-y-rayos\/wp-json\/wp\/v2\/tags?post=41764"}],"curies":[{"name":"wp","href":"https:\/\/api.w.org\/{rel}","templated":true}]}}