{"id":41770,"date":"2024-09-08T08:36:30","date_gmt":"2024-09-08T06:36:30","guid":{"rendered":"https:\/\/blogs.diariosur.es\/tormentas-y-rayos\/?p=41770"},"modified":"2025-11-09T11:08:17","modified_gmt":"2025-11-09T10:08:17","slug":"el-avion-se-quedo-sin-gasolina-y-llovio-en-todos-los-portales-de-la-provincia-de-malaga","status":"publish","type":"post","link":"https:\/\/blogs.diariosur.es\/tormentas-y-rayos\/2024\/09\/08\/el-avion-se-quedo-sin-gasolina-y-llovio-en-todos-los-portales-de-la-provincia-de-malaga\/","title":{"rendered":"El avi\u00f3n se quedo sin gasolina y llovi\u00f3 en todos los portales de la provincia de M\u00e1laga"},"content":{"rendered":"<p><a href=\"https:\/\/static-blogs.diariosur.es\/wp-content\/uploads\/sites\/12\/2023\/06\/66505616_10216972270637940_5684453640765440_n-2.jpg\"><img loading=\"lazy\" class=\"aligncenter size-thumbnail wp-image-37376\" src=\"https:\/\/static-blogs.diariosur.es\/wp-content\/uploads\/sites\/12\/2023\/06\/66505616_10216972270637940_5684453640765440_n-2-150x150.jpg\" alt=\"\" width=\"150\" height=\"150\" srcset=\"https:\/\/static-blogs.diariosur.es\/wp-content\/uploads\/sites\/12\/2023\/06\/66505616_10216972270637940_5684453640765440_n-2-150x150.jpg 150w, https:\/\/static-blogs.diariosur.es\/wp-content\/uploads\/sites\/12\/2023\/06\/66505616_10216972270637940_5684453640765440_n-2-400x400.jpg 400w, https:\/\/static-blogs.diariosur.es\/wp-content\/uploads\/sites\/12\/2023\/06\/66505616_10216972270637940_5684453640765440_n-2.jpg 768w\" sizes=\"(max-width: 150px) 100vw, 150px\" \/><\/a><\/p>\n<p data-pm-slice=\"1 1 []\">Muy buenos d\u00edas, amigos de la meteo. Cuando son las ocho de la ma\u00f1ana en M\u00e1laga capital, el Centro Meteorol\u00f3gico ha registrado una m\u00ednima de 20.8 \u00baC, los cielos est\u00e1n nubosos y sigue oliendo a petricor. Hoy, d\u00eda de la Patrona de M\u00e1laga, la probabilidad de precipitaci\u00f3n es muy baja en la capital; las temperaturas m\u00e1ximas rondar\u00e1n en la provincia malague\u00f1a entre los 25 y 30 \u00baC.<\/p>\n<p>Ma\u00f1ana lunes festivo en M\u00e1laga capital, el terral de oto\u00f1o ser\u00e1 protagonista; en las zonas habituales que el poniente entre de tierra, no creo que se sobrepasen los 33 \u00baC; en las dem\u00e1s zonas de la provincia, entre los 25 y 30 \u00baC. Hay probabilidad de viento moderado de poniente en la costa malague\u00f1a. La temperatura del agua del mar ha bajado a 24.5 \u00baC.<\/p>\n<h3><span style=\"color: #ff0000;\"><strong>El avi\u00f3n se quedo sin gasolina y llovi\u00f3 en todos los portales de la provincia de M\u00e1laga<\/strong><\/span><\/h3>\n<p data-pm-slice=\"1 1 []\">S\u00ed, amigos, el famoso avi\u00f3n de algunos no pudo pagar la gasolina y no sali\u00f3 a volar; la lluvia fue protagonista. Como no dispongo de mucho tiempo hoy domingo por ser abuelo, no puedo poner como en otras ocasiones los acumulados m\u00e1s destacados, solo comentaros que rondaron entre un litro y los doce litros. Todos los embalses de la provincia se estrenaron.<\/p>\n<p>Lo que s\u00ed fue sorpresa es que la lluvia se adelant\u00f3 y algunos aficionados a la meteo, como Crist\u00f3bal Gambero y yo, nos quisieron quemar en la hoguera. Mi amigo Crist\u00f3bal por la Feria de Mijas, y yo por una boda y una barbacoa. La meteo siempre trae sorpresas, pero tranquilos que la lluvia apag\u00f3 la hoguera, jijijiji.<\/p>\n<p>Os pongo unos videos y fotos de Crist\u00f3bal Gambero y otros m\u00edos.<\/p>\n<p>Empezamos con dos videos de Crist\u00f3bal Gambero en la Feria de Mijas Pueblo y una foto de sus sobrinos resguard\u00e1ndose del chaparr\u00f3n, jijijij. Crist\u00f3bal recogi\u00f3 12 mm.<\/p>\n<p>&nbsp;<\/p>\n<p><iframe loading=\"lazy\" title=\"YouTube video player\" src=\"https:\/\/www.youtube.com\/embed\/i1SEWNZYrVU?si=s3E421ieIB10sRS_\" width=\"560\" height=\"315\" frameborder=\"0\" allowfullscreen=\"allowfullscreen\"><\/iframe><\/p>\n<p><iframe loading=\"lazy\" title=\"YouTube video player\" src=\"https:\/\/www.youtube.com\/embed\/LI_LjEO3M64?si=Q8gVifcHryYH3J1c\" width=\"560\" height=\"315\" frameborder=\"0\" allowfullscreen=\"allowfullscreen\"><\/iframe><\/p>\n<p>&nbsp;<\/p>\n<p>Todo es bueno para resguardarse del chaparr\u00f3n<\/p>\n<p>&nbsp;<\/p>\n<p><a href=\"https:\/\/static-blogs.diariosur.es\/wp-content\/uploads\/sites\/12\/2024\/09\/458977994_10229797691465445_6189125689685421548_n.jpg\"><img loading=\"lazy\" class=\"aligncenter size-full wp-image-41772\" src=\"https:\/\/static-blogs.diariosur.es\/wp-content\/uploads\/sites\/12\/2024\/09\/458977994_10229797691465445_6189125689685421548_n.jpg\" alt=\"\" width=\"1200\" height=\"900\" srcset=\"https:\/\/static-blogs.diariosur.es\/wp-content\/uploads\/sites\/12\/2024\/09\/458977994_10229797691465445_6189125689685421548_n.jpg 1200w, https:\/\/static-blogs.diariosur.es\/wp-content\/uploads\/sites\/12\/2024\/09\/458977994_10229797691465445_6189125689685421548_n-533x400.jpg 533w, https:\/\/static-blogs.diariosur.es\/wp-content\/uploads\/sites\/12\/2024\/09\/458977994_10229797691465445_6189125689685421548_n-768x576.jpg 768w\" sizes=\"(max-width: 1200px) 100vw, 1200px\" \/><\/a><\/p>\n<p>&nbsp;<\/p>\n<p>&nbsp;<\/p>\n<p><a href=\"https:\/\/static-blogs.diariosur.es\/wp-content\/uploads\/sites\/12\/2024\/09\/458502297_8073760209339569_150810756973698531_n.jpg\"><img loading=\"lazy\" class=\"aligncenter size-full wp-image-41773\" src=\"https:\/\/static-blogs.diariosur.es\/wp-content\/uploads\/sites\/12\/2024\/09\/458502297_8073760209339569_150810756973698531_n.jpg\" alt=\"\" width=\"1024\" height=\"768\" srcset=\"https:\/\/static-blogs.diariosur.es\/wp-content\/uploads\/sites\/12\/2024\/09\/458502297_8073760209339569_150810756973698531_n.jpg 1024w, https:\/\/static-blogs.diariosur.es\/wp-content\/uploads\/sites\/12\/2024\/09\/458502297_8073760209339569_150810756973698531_n-533x400.jpg 533w, https:\/\/static-blogs.diariosur.es\/wp-content\/uploads\/sites\/12\/2024\/09\/458502297_8073760209339569_150810756973698531_n-768x576.jpg 768w\" sizes=\"(max-width: 1024px) 100vw, 1024px\" \/><\/a><\/p>\n<p>&nbsp;<\/p>\n<p>Muchas gracias Crist\u00f3bal por los videos y fotos.<\/p>\n<p>A continuaci\u00f3n os pongo los m\u00edos<\/p>\n<p>&nbsp;<\/p>\n<p><iframe loading=\"lazy\" title=\"YouTube video player\" src=\"https:\/\/www.youtube.com\/embed\/c68dx7SCf90?si=Rd-pLnB-p8qnNIUT\" width=\"560\" height=\"315\" frameborder=\"0\" allowfullscreen=\"allowfullscreen\"><\/iframe><\/p>\n<p>&amp;<iframe loading=\"lazy\" title=\"YouTube video player\" src=\"https:\/\/www.youtube.com\/embed\/JflvtHOLpkM?si=SCeU6e8Ojv7WENj1\" width=\"560\" height=\"315\" frameborder=\"0\" allowfullscreen=\"allowfullscreen\"><\/iframe>;<\/p>\n<p><iframe loading=\"lazy\" title=\"YouTube video player\" src=\"https:\/\/www.youtube.com\/embed\/tPpHZb4kCe0?si=_tU25-2OlKAKzSs1\" width=\"560\" height=\"315\" frameborder=\"0\" allowfullscreen=\"allowfullscreen\"><\/iframe><\/p>\n<p><iframe loading=\"lazy\" title=\"YouTube video player\" src=\"https:\/\/www.youtube.com\/embed\/Ui_IJX4vgcc?si=kEtxVnRw-w_263hg\" width=\"560\" height=\"315\" frameborder=\"0\" allowfullscreen=\"allowfullscreen\"><\/iframe><\/p>\n<p>&nbsp;<\/p>\n<p>Hasta ma\u00f1ana<\/p>\n","protected":false},"excerpt":{"rendered":"<p>Muy buenos d\u00edas, amigos de la meteo. Cuando son las ocho de la ma\u00f1ana en M\u00e1laga capital, el Centro Meteorol\u00f3gico ha registrado una m\u00ednima de 20.8 \u00baC, los cielos est\u00e1n nubosos y sigue oliendo a petricor. Hoy, d\u00eda de la Patrona de M\u00e1laga, la probabilidad de precipitaci\u00f3n es muy baja en la capital; las temperaturas [&hellip;]<\/p>\n","protected":false},"author":16,"featured_media":41773,"comment_status":"open","ping_status":"open","sticky":false,"template":"","format":"standard","meta":[],"categories":[2],"tags":[358,587,800],"_links":{"self":[{"href":"https:\/\/blogs.diariosur.es\/tormentas-y-rayos\/wp-json\/wp\/v2\/posts\/41770"}],"collection":[{"href":"https:\/\/blogs.diariosur.es\/tormentas-y-rayos\/wp-json\/wp\/v2\/posts"}],"about":[{"href":"https:\/\/blogs.diariosur.es\/tormentas-y-rayos\/wp-json\/wp\/v2\/types\/post"}],"author":[{"embeddable":true,"href":"https:\/\/blogs.diariosur.es\/tormentas-y-rayos\/wp-json\/wp\/v2\/users\/16"}],"replies":[{"embeddable":true,"href":"https:\/\/blogs.diariosur.es\/tormentas-y-rayos\/wp-json\/wp\/v2\/comments?post=41770"}],"version-history":[{"count":6,"href":"https:\/\/blogs.diariosur.es\/tormentas-y-rayos\/wp-json\/wp\/v2\/posts\/41770\/revisions"}],"predecessor-version":[{"id":47389,"href":"https:\/\/blogs.diariosur.es\/tormentas-y-rayos\/wp-json\/wp\/v2\/posts\/41770\/revisions\/47389"}],"wp:featuredmedia":[{"embeddable":true,"href":"https:\/\/blogs.diariosur.es\/tormentas-y-rayos\/wp-json\/wp\/v2\/media\/41773"}],"wp:attachment":[{"href":"https:\/\/blogs.diariosur.es\/tormentas-y-rayos\/wp-json\/wp\/v2\/media?parent=41770"}],"wp:term":[{"taxonomy":"category","embeddable":true,"href":"https:\/\/blogs.diariosur.es\/tormentas-y-rayos\/wp-json\/wp\/v2\/categories?post=41770"},{"taxonomy":"post_tag","embeddable":true,"href":"https:\/\/blogs.diariosur.es\/tormentas-y-rayos\/wp-json\/wp\/v2\/tags?post=41770"}],"curies":[{"name":"wp","href":"https:\/\/api.w.org\/{rel}","templated":true}]}}