{"id":41782,"date":"2024-09-10T06:52:47","date_gmt":"2024-09-10T04:52:47","guid":{"rendered":"https:\/\/blogs.diariosur.es\/tormentas-y-rayos\/?p=41782"},"modified":"2025-11-09T11:04:26","modified_gmt":"2025-11-09T10:04:26","slug":"se-vera-en-malaga-el-cometa-del-siglo-c-2023-a3-tsuchinshan-atlas-a-simple-vista","status":"publish","type":"post","link":"https:\/\/blogs.diariosur.es\/tormentas-y-rayos\/2024\/09\/10\/se-vera-en-malaga-el-cometa-del-siglo-c-2023-a3-tsuchinshan-atlas-a-simple-vista\/","title":{"rendered":"\u00bfSe ver\u00e1 en M\u00e1laga el cometa del siglo C\/2023 A3 (Tsuchinshan-Atlas) a simple vista?"},"content":{"rendered":"<p><a href=\"https:\/\/static-blogs.diariosur.es\/wp-content\/uploads\/sites\/12\/2023\/10\/243418660_10223324765526342_8448445083528661051_n.jpg\"><img loading=\"lazy\" class=\"aligncenter size-thumbnail wp-image-38644\" src=\"https:\/\/static-blogs.diariosur.es\/wp-content\/uploads\/sites\/12\/2023\/10\/243418660_10223324765526342_8448445083528661051_n-150x150.jpg\" alt=\"\" width=\"150\" height=\"150\" \/><\/a><\/p>\n<p data-pm-slice=\"1 1 []\">Buenos d\u00edas, amigos de la meteo. Nuevamente madrugada muy agradable en toda la provincia malague\u00f1a; he podido conciliar el sue\u00f1o.<\/p>\n<p>Como la meteorolog\u00eda est\u00e1 muy aburrida, vamos a hablar del cometa del siglo\u00a0<strong>C\/2023 A3 (Tsuchinshan\u2013ATLAS).<\/strong><\/p>\n<p>Es un cometa\u00a0de la nube de Oort, descubierto por el Observatorio de la Monta\u00f1a P\u00farpura\u00a0el 9 de enero de 2023 y encontrado de forma independiente por ATLAS\u00a0Sud\u00e1frica el 22 de febrero de 2023.<\/p>\n<p>El 27 de septiembre, el cometa alcanzar\u00e1 su perihelio (punto m\u00e1s cercano al Sol) a una distancia de 58 millones de kil\u00f3metros. Se estima que en ese momento podr\u00eda alcanzar una magnitud de 0.5, haci\u00e9ndolo f\u00e1cilmente visible en el cielo vespertino, en la constelaci\u00f3n de Leo.<\/p>\n<p>Pero ser\u00e1 el 12 de octubre cuando est\u00e9 m\u00e1s cerca de la Tierra y podamos verlo a simple vista unas horas antes del amanecer en la constelaci\u00f3n de Virgo. La cola del cometa este pasado mes de agosto alcanzaba\u00a0450.000 kil\u00f3metros de longitud.<\/p>\n<p>Este cometa es muy probable que no lo veamos otra vez hasta dentro de\u00a026.000 a\u00f1os, si sigue vivo, jijiji.<\/p>\n<p>Como todos sab\u00e9is, el famoso cometa Halley, si lo podemos ver cada 75 a\u00f1os, la \u00faltima vez que se vio fue en el 1986. El cometa Halley volver\u00e1 a verse en el a\u00f1o 2061.<\/p>\n<p>Ya os ir\u00e9 informando a medida que nos acerquemos al 27 de septiembre.<\/p>\n<p>&nbsp;<\/p>\n","protected":false},"excerpt":{"rendered":"<p>Buenos d\u00edas, amigos de la meteo. Nuevamente madrugada muy agradable en toda la provincia malague\u00f1a; he podido conciliar el sue\u00f1o. Como la meteorolog\u00eda est\u00e1 muy aburrida, vamos a hablar del cometa del siglo\u00a0C\/2023 A3 (Tsuchinshan\u2013ATLAS). Es un cometa\u00a0de la nube de Oort, descubierto por el Observatorio de la Monta\u00f1a P\u00farpura\u00a0el 9 de enero de 2023 [&hellip;]<\/p>\n","protected":false},"author":16,"featured_media":41785,"comment_status":"open","ping_status":"open","sticky":false,"template":"","format":"standard","meta":[],"categories":[2],"tags":[1456,728,1953,1954],"_links":{"self":[{"href":"https:\/\/blogs.diariosur.es\/tormentas-y-rayos\/wp-json\/wp\/v2\/posts\/41782"}],"collection":[{"href":"https:\/\/blogs.diariosur.es\/tormentas-y-rayos\/wp-json\/wp\/v2\/posts"}],"about":[{"href":"https:\/\/blogs.diariosur.es\/tormentas-y-rayos\/wp-json\/wp\/v2\/types\/post"}],"author":[{"embeddable":true,"href":"https:\/\/blogs.diariosur.es\/tormentas-y-rayos\/wp-json\/wp\/v2\/users\/16"}],"replies":[{"embeddable":true,"href":"https:\/\/blogs.diariosur.es\/tormentas-y-rayos\/wp-json\/wp\/v2\/comments?post=41782"}],"version-history":[{"count":10,"href":"https:\/\/blogs.diariosur.es\/tormentas-y-rayos\/wp-json\/wp\/v2\/posts\/41782\/revisions"}],"predecessor-version":[{"id":47387,"href":"https:\/\/blogs.diariosur.es\/tormentas-y-rayos\/wp-json\/wp\/v2\/posts\/41782\/revisions\/47387"}],"wp:featuredmedia":[{"embeddable":true,"href":"https:\/\/blogs.diariosur.es\/tormentas-y-rayos\/wp-json\/wp\/v2\/media\/41785"}],"wp:attachment":[{"href":"https:\/\/blogs.diariosur.es\/tormentas-y-rayos\/wp-json\/wp\/v2\/media?parent=41782"}],"wp:term":[{"taxonomy":"category","embeddable":true,"href":"https:\/\/blogs.diariosur.es\/tormentas-y-rayos\/wp-json\/wp\/v2\/categories?post=41782"},{"taxonomy":"post_tag","embeddable":true,"href":"https:\/\/blogs.diariosur.es\/tormentas-y-rayos\/wp-json\/wp\/v2\/tags?post=41782"}],"curies":[{"name":"wp","href":"https:\/\/api.w.org\/{rel}","templated":true}]}}